{"id":64477,"date":"2018-05-20T22:08:43","date_gmt":"2018-05-20T18:08:43","guid":{"rendered":""},"modified":"-0001-11-30T00:00:00","modified_gmt":"-0001-11-29T20:00:00","slug":"","status":"publish","type":"post","link":"https:\/\/ucnoqta.az\/?p=64477","title":{"rendered":"Mahmud Abbas x\u0259st\u0259xanaya yerl\u0259\u015fdirilib"},"content":{"rendered":"<p>F\u0259l\u0259stin lideri Mahmud Abbas x\u0259st\u0259xanaya yerl\u0259\u015fdirilib.<\/p>\n<p>Trend-in K\u0130V-l\u0259r\u0259 istinad\u0259n verdiyi m\u0259lumata \u0259sas\u0259n, buna s\u0259b\u0259b onun qulaq \u0259m\u0259liyyat\u0131 ke\u00e7irdikd\u0259n sonra v\u0259ziyy\u0259tin pisl\u0259\u015fm\u0259sidir.<\/p>\n<p>\u00d6z n\u00f6vb\u0259sind\u0259 F\u0259l\u0259stin Azadl\u0131q T\u0259\u015fkilat\u0131n\u0131n ba\u015f katibi Saib Oreykat deyib ki, o, Abbasla birg\u0259 olub v\u0259 liderin v\u0259ziyy\u0259ti yax\u015f\u0131d\u0131r: &#8220;Fikrimc\u0259, o, x\u0259st\u0259xanada sabah v\u0259 yaxud birisi g\u00fcn\u0259 kimi olacaq&#8221;.<\/p>\n","protected":false},"excerpt":{"rendered":"<p>F\u0259l\u0259stin lideri Mahmud Abbas x\u0259st\u0259xanaya yerl\u0259\u015fdirilib. Trend-in K\u0130V-l\u0259r\u0259 istinad\u0259n verdiyi m\u0259lumata \u0259sas\u0259n, buna s\u0259b\u0259b onun qulaq \u0259m\u0259liyyat\u0131 ke\u00e7irdikd\u0259n sonra v\u0259ziyy\u0259tin pisl\u0259\u015fm\u0259sidir. \u00d6z n\u00f6vb\u0259sind\u0259 F\u0259l\u0259stin Azadl\u0131q T\u0259\u015fkilat\u0131n\u0131n ba\u015f katibi Saib Oreykat&hellip;<\/p>\n","protected":false},"author":1,"featured_media":251278,"comment_status":"open","ping_status":"open","sticky":false,"template":"","format":"standard","meta":{"_lmt_disableupdate":"","_lmt_disable":"","footnotes":""},"categories":[89],"tags":[],"class_list":["post-64477","post","type-post","status-publish","format-standard","has-post-thumbnail","hentry","category-dunya-butun-xeberler"],"_links":{"self":[{"href":"https:\/\/ucnoqta.az\/index.php?rest_route=\/wp\/v2\/posts\/64477","targetHints":{"allow":["GET"]}}],"collection":[{"href":"https:\/\/ucnoqta.az\/index.php?rest_route=\/wp\/v2\/posts"}],"about":[{"href":"https:\/\/ucnoqta.az\/index.php?rest_route=\/wp\/v2\/types\/post"}],"author":[{"embeddable":true,"href":"https:\/\/ucnoqta.az\/index.php?rest_route=\/wp\/v2\/users\/1"}],"replies":[{"embeddable":true,"href":"https:\/\/ucnoqta.az\/index.php?rest_route=%2Fwp%2Fv2%2Fcomments&post=64477"}],"version-history":[{"count":0,"href":"https:\/\/ucnoqta.az\/index.php?rest_route=\/wp\/v2\/posts\/64477\/revisions"}],"wp:featuredmedia":[{"embeddable":true,"href":"https:\/\/ucnoqta.az\/index.php?rest_route=\/wp\/v2\/media\/251278"}],"wp:attachment":[{"href":"https:\/\/ucnoqta.az\/index.php?rest_route=%2Fwp%2Fv2%2Fmedia&parent=64477"}],"wp:term":[{"taxonomy":"category","embeddable":true,"href":"https:\/\/ucnoqta.az\/index.php?rest_route=%2Fwp%2Fv2%2Fcategories&post=64477"},{"taxonomy":"post_tag","embeddable":true,"href":"https:\/\/ucnoqta.az\/index.php?rest_route=%2Fwp%2Fv2%2Ftags&post=64477"}],"curies":[{"name":"wp","href":"https:\/\/api.w.org\/{rel}","templated":true}]}}