{"id":64471,"date":"2018-05-20T16:33:03","date_gmt":"2018-05-20T12:33:03","guid":{"rendered":""},"modified":"-0001-11-30T00:00:00","modified_gmt":"-0001-11-29T20:00:00","slug":"","status":"publish","type":"post","link":"https:\/\/ucnoqta.az\/?p=64471","title":{"rendered":"<font color=red><b>H\u0259rb\u00e7imiz \u015f\u0259hid olub<\/b><\/font>-MN: qisas\u0131 al\u0131nacaq"},"content":{"rendered":"<p>May\u0131n 20-d\u0259 Az\u0259rbaycan-Erm\u0259nistan d\u00f6vl\u0259t s\u0259rh\u0259dinin Nax\u00e7\u0131van Muxtar Respublikas\u0131 sah\u0259sind\u0259 d\u00fc\u015fm\u0259n t\u0259r\u0259finin n\u00f6vb\u0259ti t\u0259xribat\u0131n\u0131n qar\u015f\u0131s\u0131n\u0131 alark\u0259n, d\u00f6y\u00fc\u015f tap\u015f\u0131r\u0131\u011f\u0131n\u0131 yerin\u0259 yetir\u0259n zaman Az\u0259rbaycan Ordusunun h\u0259rbi qulluq\u00e7usu \u0259sg\u0259r Tatarov Adil \u018fli o\u011flu \u015f\u0259hid olub.<\/p>\n<p>Ucnoqta.az x\u0259b\u0259r verir ki, M\u00fcdafi\u0259 Nazirliyind\u0259n veril\u0259n m\u0259lumata \u0259sas\u0259n, nazirlik r\u0259hb\u0259rliyi \u015f\u0259hidin ail\u0259sin\u0259 v\u0259 yax\u0131nlar\u0131na d\u0259rin h\u00fcznl\u0259 ba\u015fsa\u011fl\u0131\u011f\u0131 verir, s\u0259br dil\u0259yir.<\/p>\n<p>M\u00fcdafi\u0259 Nazirliyi bildirir ki, t\u00f6r\u0259dil\u0259n t\u0259xribat\u0131n arxas\u0131nda bir ne\u00e7\u0259 g\u00fcn \u0259vv\u0259l qo\u015funlar\u0131n bu istiqam\u0259td\u0259 yerl\u0259\u015f\u0259n qar\u015f\u0131durma x\u0259ttind\u0259 s\u0259f\u0259rd\u0259 olan Erm\u0259nistan\u0131n yeni t\u0259yin edilmi\u015f m\u00fcdafi\u0259 v\u0259 xarici i\u015fl\u0259r nazirl\u0259ri birba\u015fa dayan\u0131r v\u0259 bu t\u0259xribat\u0131n onlar\u0131n g\u00f6st\u0259ri\u015fi il\u0259 h\u0259yata ke\u00e7irilm\u0259si istisna olunmur.<\/p>\n<p>Erm\u0259nistan r\u0259hb\u0259rliyi bilm\u0259lidir ki, Nax\u00e7\u0131van\u0131n q\u0259hr\u0259man m\u00fcdafi\u0259\u00e7il\u0259ri \u015f\u0259hidin qisas\u0131n\u0131 q\u0131sa m\u00fcdd\u0259td\u0259 alacaq.<\/p>\n","protected":false},"excerpt":{"rendered":"<p>May\u0131n 20-d\u0259 Az\u0259rbaycan-Erm\u0259nistan d\u00f6vl\u0259t s\u0259rh\u0259dinin Nax\u00e7\u0131van Muxtar Respublikas\u0131 sah\u0259sind\u0259 d\u00fc\u015fm\u0259n t\u0259r\u0259finin n\u00f6vb\u0259ti t\u0259xribat\u0131n\u0131n qar\u015f\u0131s\u0131n\u0131 alark\u0259n, d\u00f6y\u00fc\u015f tap\u015f\u0131r\u0131\u011f\u0131n\u0131 yerin\u0259 yetir\u0259n zaman Az\u0259rbaycan Ordusunun h\u0259rbi qulluq\u00e7usu \u0259sg\u0259r Tatarov Adil \u018fli o\u011flu \u015f\u0259hid&hellip;<\/p>\n","protected":false},"author":1,"featured_media":251278,"comment_status":"open","ping_status":"open","sticky":false,"template":"","format":"standard","meta":{"_lmt_disableupdate":"","_lmt_disable":"","footnotes":""},"categories":[],"tags":[],"class_list":["post-64471","post","type-post","status-publish","format-standard","has-post-thumbnail","hentry"],"_links":{"self":[{"href":"https:\/\/ucnoqta.az\/index.php?rest_route=\/wp\/v2\/posts\/64471","targetHints":{"allow":["GET"]}}],"collection":[{"href":"https:\/\/ucnoqta.az\/index.php?rest_route=\/wp\/v2\/posts"}],"about":[{"href":"https:\/\/ucnoqta.az\/index.php?rest_route=\/wp\/v2\/types\/post"}],"author":[{"embeddable":true,"href":"https:\/\/ucnoqta.az\/index.php?rest_route=\/wp\/v2\/users\/1"}],"replies":[{"embeddable":true,"href":"https:\/\/ucnoqta.az\/index.php?rest_route=%2Fwp%2Fv2%2Fcomments&post=64471"}],"version-history":[{"count":0,"href":"https:\/\/ucnoqta.az\/index.php?rest_route=\/wp\/v2\/posts\/64471\/revisions"}],"wp:featuredmedia":[{"embeddable":true,"href":"https:\/\/ucnoqta.az\/index.php?rest_route=\/wp\/v2\/media\/251278"}],"wp:attachment":[{"href":"https:\/\/ucnoqta.az\/index.php?rest_route=%2Fwp%2Fv2%2Fmedia&parent=64471"}],"wp:term":[{"taxonomy":"category","embeddable":true,"href":"https:\/\/ucnoqta.az\/index.php?rest_route=%2Fwp%2Fv2%2Fcategories&post=64471"},{"taxonomy":"post_tag","embeddable":true,"href":"https:\/\/ucnoqta.az\/index.php?rest_route=%2Fwp%2Fv2%2Ftags&post=64471"}],"curies":[{"name":"wp","href":"https:\/\/api.w.org\/{rel}","templated":true}]}}