{"id":64465,"date":"2018-05-20T11:41:10","date_gmt":"2018-05-20T07:41:10","guid":{"rendered":""},"modified":"-0001-11-30T00:00:00","modified_gmt":"-0001-11-29T20:00:00","slug":"","status":"publish","type":"post","link":"https:\/\/ucnoqta.az\/?p=64465","title":{"rendered":"G\u0259nc\u0259d\u0259 \u201c\u0130dman parad\u0131\u201d ke\u00e7irilib"},"content":{"rendered":"<p>G\u0259nc\u0259nin 2019-cu il \u00fc\u00e7\u00fcn Avropa \u0130dman \u015e\u0259h\u0259ri tituluna layiq g\u00f6r\u00fclm\u0259si il\u0259 \u0259laq\u0259dar \u015f\u0259h\u0259rd\u0259 \u201c\u0130dman parad\u0131\u201d ke\u00e7irilib.<\/p>\n<p>Ucnoqta.az x\u0259b\u0259r verir ki, \u0130cra Hakimiyy\u0259tind\u0259n veril\u0259n m\u0259lumata g\u00f6r\u0259, G\u0259nc\u0259 \u015f\u0259h\u0259r \u0130cra Hakimiyy\u0259ti v\u0259 \u015f\u0259h\u0259r G\u0259ncl\u0259r v\u0259 \u0130dman Ba\u015f \u0130dar\u0259sinin t\u0259\u015fkilat\u00e7\u0131l\u0131\u011f\u0131 il\u0259 realla\u015fan parad Heyd\u0259r \u018fliyev prospekti, GDU-nun III t\u0259dris binas\u0131n\u0131n \u00f6n\u00fcnd\u0259 ba\u015flay\u0131b. H\u0259rbi orkestr\u0131n m\u00fc\u015fay\u0259ti il\u0259 5 mind\u0259n art\u0131q parad i\u015ftirak\u00e7\u0131s\u0131 \u015f\u0259h\u0259rin ba\u015f meydan\u0131na y\u00fcr\u00fc\u015f edib. Olimpiya, Avropa v\u0259 D\u00fcnya \u00e7empionu titulunu da\u015f\u0131yan tan\u0131nm\u0131\u015f idman\u00e7\u0131lar, \u015f\u0259h\u0259rin idman m\u0259kt\u0259bl\u0259rind\u0259 \u00e7al\u0131\u015fan m\u0259\u015fq\u00e7i-m\u00fc\u0259lliml\u0259r, h\u0259min t\u0259lim m\u00fc\u0259ssis\u0259l\u0259rind\u0259 t\u0259hsil alan \u015fagirdl\u0259r, K\u0259p\u0259z Pe\u015f\u0259kar Futbol Klubunun \u0259sas v\u0259 \u0259v\u0259zedici hey\u0259ti, orta m\u0259kt\u0259b \u201c\u015eahin\u201dl\u0259ri, habel\u0259 t\u0259l\u0259b\u0259-g\u0259ncl\u0259r G\u0259nc\u0259nin 2019-cu il \u00fc\u00e7\u00fcn Avropa \u0130dman \u015e\u0259h\u0259ri tituluna layiq g\u00f6r\u00fclm\u0259sini co\u015f\u011fu il\u0259 qar\u015f\u0131lay\u0131blar. Parada YAP G\u0259nc\u0259 \u015f\u0259h\u0259r T\u0259\u015fkilat\u0131n\u0131n f\u0259al g\u0259ncl\u0259ri d\u0259 qo\u015fulub.<\/p>\n<p>G\u0259nc\u0259nin m\u0259rk\u0259zi meydan\u0131na g\u0259l\u0259n parad i\u015ftirak\u00e7\u0131lar\u0131 burada alq\u0131\u015flarla qar\u015f\u0131lan\u0131blar. Havaya r\u0259mzi olaraq r\u0259ngli \u015farlar v\u0259 s\u00fclh g\u00f6y\u0259r\u00e7inl\u0259ri u\u00e7urulub.<\/p>\n<p>G\u0259nc\u0259 \u015f\u0259h\u0259r \u0130cra Hakimiyy\u0259tinin ba\u015f\u00e7\u0131s\u0131 Elmar V\u0259liyev qeyd edib ki, 2016-c\u0131 ild\u0259 Avropan\u0131n G\u0259ncl\u0259r Paytaxt\u0131, 2017-ci MDB \u00f6lk\u0259l\u0259rinin M\u0259d\u0259niyy\u0259t Paytaxt\u0131 olan G\u0259nc\u0259, ACES Europe t\u0259\u015fkilat\u0131 t\u0259r\u0259find\u0259n n\u00f6vb\u0259ti il \u00fc\u00e7\u00fcn Avropan\u0131n \u0130dman \u015e\u0259h\u0259ri tituluna layiq g\u00f6r\u00fcl\u00fcb. Bu m\u00fcnasib\u0259tl\u0259 b\u00fct\u00fcn g\u0259nc\u0259lil\u0259ri t\u0259brik e\u0259n \u015f\u0259h\u0259r r\u0259hb\u0259ri bildirib ki, n\u00f6vb\u0259ti il G\u0259ncl\u0259r v\u0259 \u0130dman, T\u0259hsil Nazirlikl\u0259ri, o c\u00fcml\u0259d\u0259n dig\u0259r m\u00fcvafiq qurumlarla birg\u0259 \u015f\u0259h\u0259rd\u0259 m\u00fcxt\u0259lif layih\u0259l\u0259r realla\u015fd\u0131r\u0131lacaq v\u0259 biz \u00e7al\u0131\u015faca\u011f\u0131q ki, Avropan\u0131n \u0130dman \u015e\u0259h\u0259ri ad\u0131n\u0131 layiqinc\u0259 da\u015f\u0131yaq.<\/p>\n<p>G\u0259nc\u0259d\u0259 haz\u0131rda 3 idman m\u0259kt\u0259bi var ki, bu t\u0259lim ocaqlar\u0131n\u0131n yetirm\u0259l\u0259ri h\u0259m \u00f6lk\u0259, h\u0259m Avropa, h\u0259m d\u0259 d\u00fcnya miqyasl\u0131 yar\u0131\u015flarda d\u0259f\u0259l\u0259rl\u0259 y\u00fcks\u0259k nailiyy\u0259tl\u0259r \u0259ld\u0259 ed\u0259r\u0259k, Az\u0259rbaycan\u0131n \u00fc\u00e7 r\u0259ngli bayra\u011f\u0131n\u0131 dal\u011faland\u0131r\u0131blar. G\u0259nc\u0259d\u0259 bir pe\u015f\u0259kar &#8211; \u201cK\u0259p\u0259z\u201d, bir d\u0259 h\u0259v\u0259skar &#8211; \u201cX\u0259ms\u0259\u201d futbol klublar\u0131 f\u0259aliyy\u0259t g\u00f6st\u0259rir.<\/p>\n<p>Parad iman\u00e7\u0131lar\u0131n n\u00fcmun\u0259vi \u00e7\u0131x\u0131\u015flar\u0131 v\u0259 \u201cRedBull\u201d \u015firk\u0259tinin t\u0259\u015fkil etdiyi futbol oyunu il\u0259 davam edib.<\/p>\n<p>M\u0259lumat \u00fc\u00e7\u00fcn qeyd ed\u0259k ki, ACES Europe, y\u0259ni Avropan\u0131n \u0130dman \u015e\u0259h\u0259rl\u0259ri v\u0259 Paytaxtlar\u0131 Federasiyas\u0131 Avropa Parlamentinin idman siyas\u0259tini h\u0259yata ke\u00e7ir\u0259n bir t\u0259\u015fkilatd\u0131r. ACES Europe h\u0259r il 9-19 \u015f\u0259h\u0259ri \u201cAvropa \u0130dman \u015e\u0259h\u0259ri\u201d, bir \u015f\u0259h\u0259ri is\u0259 \u201cAvropa \u0130dman Paytaxt\u0131\u201d titulu il\u0259 t\u0259ltif edir. Layih\u0259 4 ildir ki, realla\u015fd\u0131r\u0131rl\u0131r.<\/p>\n","protected":false},"excerpt":{"rendered":"<p>G\u0259nc\u0259nin 2019-cu il \u00fc\u00e7\u00fcn Avropa \u0130dman \u015e\u0259h\u0259ri tituluna layiq g\u00f6r\u00fclm\u0259si il\u0259 \u0259laq\u0259dar \u015f\u0259h\u0259rd\u0259 \u201c\u0130dman parad\u0131\u201d ke\u00e7irilib. Ucnoqta.az x\u0259b\u0259r verir ki, \u0130cra Hakimiyy\u0259tind\u0259n veril\u0259n m\u0259lumata g\u00f6r\u0259, G\u0259nc\u0259 \u015f\u0259h\u0259r \u0130cra Hakimiyy\u0259ti v\u0259&hellip;<\/p>\n","protected":false},"author":1,"featured_media":251278,"comment_status":"open","ping_status":"open","sticky":false,"template":"","format":"standard","meta":{"_lmt_disableupdate":"","_lmt_disable":"","footnotes":""},"categories":[],"tags":[],"class_list":["post-64465","post","type-post","status-publish","format-standard","has-post-thumbnail","hentry"],"_links":{"self":[{"href":"https:\/\/ucnoqta.az\/index.php?rest_route=\/wp\/v2\/posts\/64465","targetHints":{"allow":["GET"]}}],"collection":[{"href":"https:\/\/ucnoqta.az\/index.php?rest_route=\/wp\/v2\/posts"}],"about":[{"href":"https:\/\/ucnoqta.az\/index.php?rest_route=\/wp\/v2\/types\/post"}],"author":[{"embeddable":true,"href":"https:\/\/ucnoqta.az\/index.php?rest_route=\/wp\/v2\/users\/1"}],"replies":[{"embeddable":true,"href":"https:\/\/ucnoqta.az\/index.php?rest_route=%2Fwp%2Fv2%2Fcomments&post=64465"}],"version-history":[{"count":0,"href":"https:\/\/ucnoqta.az\/index.php?rest_route=\/wp\/v2\/posts\/64465\/revisions"}],"wp:featuredmedia":[{"embeddable":true,"href":"https:\/\/ucnoqta.az\/index.php?rest_route=\/wp\/v2\/media\/251278"}],"wp:attachment":[{"href":"https:\/\/ucnoqta.az\/index.php?rest_route=%2Fwp%2Fv2%2Fmedia&parent=64465"}],"wp:term":[{"taxonomy":"category","embeddable":true,"href":"https:\/\/ucnoqta.az\/index.php?rest_route=%2Fwp%2Fv2%2Fcategories&post=64465"},{"taxonomy":"post_tag","embeddable":true,"href":"https:\/\/ucnoqta.az\/index.php?rest_route=%2Fwp%2Fv2%2Ftags&post=64465"}],"curies":[{"name":"wp","href":"https:\/\/api.w.org\/{rel}","templated":true}]}}