{"id":64455,"date":"2018-05-19T15:05:23","date_gmt":"2018-05-19T11:05:23","guid":{"rendered":""},"modified":"-0001-11-30T00:00:00","modified_gmt":"-0001-11-29T20:00:00","slug":"","status":"publish","type":"post","link":"https:\/\/ucnoqta.az\/?p=64455","title":{"rendered":"Platini etiraf etdi: <font color=red><b>&#8220;ki\u00e7ik hiyl\u0259&#8221; i\u015fl\u0259tdim<\/b><\/font>"},"content":{"rendered":"<p>UEFA-\u0131n sabiq prezidenti Mi\u015fel Platini 1998-ci il Fransada ke\u00e7irilmi\u015f futbol \u00fczr\u0259 D\u00fcnya \u00c7empionat\u0131n\u0131n p\u00fc\u015fkatma m\u0259rh\u0259l\u0259sind\u0259 &#8220;ki\u00e7ik hiyl\u0259&#8221; i\u015fl\u0259tdiyini bildirib.\u00a0<\/p>\n<p>H\u0259min il UEFA t\u0259\u015fkilat komit\u0259sind\u0259 i\u015fl\u0259mi\u015f Platini \u00a0Fransan\u0131n finalda Braziliya il\u0259 qar\u015f\u0131la\u015faraq 3-0 hesab\u0131 il\u0259 qalib g\u0259ldiyi final mat\u00e7\u0131n\u0131n t\u0259sad\u00fcfi olmad\u0131\u011f\u0131n\u0131 bildirib. O, Fransan\u0131n radio kanallar\u0131n\u0131n birin\u0259 verdiyi m\u00fcsahib\u0259 zaman\u0131 bel\u0259 deyib: \u201cBiz oyun c\u0259dv\u0259lini haz\u0131rlayan zaman ki\u00e7ik bir hiyl\u0259 i\u015fl\u0259tdik. O vaxt \u00fc\u00e7\u00fcn Braziliya-Fransa final\u0131 h\u0259r k\u0259sin arzusu idi. Braziliya v\u0259 Fransa qrupu ilk pill\u0259d\u0259 ba\u015fa vurduqlar\u0131ndan h\u0259r iki milli komanda finala q\u0259d\u0259r qar\u015f\u0131la\u015fa bilm\u0259zdi\u201d.<\/p>\n<p>Qeyd ed\u0259k ki, Blatter v\u0259 Platini 2015-ci ild\u0259 korrupsiyaya yol verdiyi \u00fc\u00e7\u00fcn 1.3 milyon funt-sterlinq m\u0259bl\u0259\u011find\u0259 c\u0259rim\u0259 olunub. Platiniy\u0259 8 il m\u00fcdd\u0259tin\u0259 futbolla \u0259laq\u0259li ist\u0259nil\u0259n f\u0259aliyy\u0259tl\u0259 m\u0259\u015f\u011ful olma\u011fa qada\u011fa qoyulub. Daha sonra apellyasiya \u015fikay\u0259ti \u0259sas\u0131nda bu c\u0259za 4 il\u0259 endirilib. 62 ya\u015fl\u0131 ke\u00e7mi\u015f Platini g\u00fcnahs\u0131z oldu\u011funu deyir. O, yanvar ay\u0131nda Avropa \u0130nsan Haqlar\u0131 M\u0259hk\u0259m\u0259sind\u0259 ifad\u0259 verib.<br \/>\nModern.az<\/p>\n","protected":false},"excerpt":{"rendered":"<p>UEFA-\u0131n sabiq prezidenti Mi\u015fel Platini 1998-ci il Fransada ke\u00e7irilmi\u015f futbol \u00fczr\u0259 D\u00fcnya \u00c7empionat\u0131n\u0131n p\u00fc\u015fkatma m\u0259rh\u0259l\u0259sind\u0259 &#8220;ki\u00e7ik hiyl\u0259&#8221; i\u015fl\u0259tdiyini bildirib.\u00a0 H\u0259min il UEFA t\u0259\u015fkilat komit\u0259sind\u0259 i\u015fl\u0259mi\u015f Platini \u00a0Fransan\u0131n finalda Braziliya il\u0259&hellip;<\/p>\n","protected":false},"author":1,"featured_media":251278,"comment_status":"open","ping_status":"open","sticky":false,"template":"","format":"standard","meta":{"_lmt_disableupdate":"","_lmt_disable":"","footnotes":""},"categories":[],"tags":[],"class_list":["post-64455","post","type-post","status-publish","format-standard","has-post-thumbnail","hentry"],"_links":{"self":[{"href":"https:\/\/ucnoqta.az\/index.php?rest_route=\/wp\/v2\/posts\/64455","targetHints":{"allow":["GET"]}}],"collection":[{"href":"https:\/\/ucnoqta.az\/index.php?rest_route=\/wp\/v2\/posts"}],"about":[{"href":"https:\/\/ucnoqta.az\/index.php?rest_route=\/wp\/v2\/types\/post"}],"author":[{"embeddable":true,"href":"https:\/\/ucnoqta.az\/index.php?rest_route=\/wp\/v2\/users\/1"}],"replies":[{"embeddable":true,"href":"https:\/\/ucnoqta.az\/index.php?rest_route=%2Fwp%2Fv2%2Fcomments&post=64455"}],"version-history":[{"count":0,"href":"https:\/\/ucnoqta.az\/index.php?rest_route=\/wp\/v2\/posts\/64455\/revisions"}],"wp:featuredmedia":[{"embeddable":true,"href":"https:\/\/ucnoqta.az\/index.php?rest_route=\/wp\/v2\/media\/251278"}],"wp:attachment":[{"href":"https:\/\/ucnoqta.az\/index.php?rest_route=%2Fwp%2Fv2%2Fmedia&parent=64455"}],"wp:term":[{"taxonomy":"category","embeddable":true,"href":"https:\/\/ucnoqta.az\/index.php?rest_route=%2Fwp%2Fv2%2Fcategories&post=64455"},{"taxonomy":"post_tag","embeddable":true,"href":"https:\/\/ucnoqta.az\/index.php?rest_route=%2Fwp%2Fv2%2Ftags&post=64455"}],"curies":[{"name":"wp","href":"https:\/\/api.w.org\/{rel}","templated":true}]}}