{"id":64449,"date":"2018-05-19T12:50:58","date_gmt":"2018-05-19T08:50:58","guid":{"rendered":""},"modified":"-0001-11-30T00:00:00","modified_gmt":"-0001-11-29T20:00:00","slug":"","status":"publish","type":"post","link":"https:\/\/ucnoqta.az\/?p=64449","title":{"rendered":"<font color=red><b>Tan\u0131nm\u0131\u015f c\u0259rrah Bak\u0131 \u00dcr\u0259k M\u0259rk\u0259zinin r\u0259hb\u0259rliyind\u0259n uzaqla\u015fd\u0131r\u0131l\u0131b<\/b><\/font>"},"content":{"rendered":"<p>Mill\u0259t v\u0259kili, Az\u0259rbaycan\u0131n tan\u0131nm\u0131\u015f c\u0259rrah\u0131 R\u0259\u015fad Mahmudov Bak\u0131 \u00dcr\u0259k M\u0259rk\u0259zinin r\u0259hb\u0259rliyind\u0259n uzaqla\u015fd\u0131r\u0131l\u0131b.<\/p>\n<p>\u00a0<\/p>\n<p>Ucnoqta.az BakuPost-a istinad\u0259 x\u0259b\u0259r verir ki, bu bar\u0259d\u0259 S\u0259hiyy\u0259 naziri Oqtay \u015eir\u0259liyev d\u00fcn\u0259n s\u0259r\u0259ncam imzalay\u0131b.\u00a0\u00a0<\/p>\n<p>X\u0259b\u0259ri R\u0259\u015fad Mahmudovun \u00f6z\u00fc BakuPost-a t\u0259sdiql\u0259yib. Onun s\u00f6zl\u0259rin\u0259 g\u00f6r\u0259, Bak\u0131 \u00dcr\u0259k M\u0259rk\u0259ziyl\u0259 ba\u011flad\u0131\u011f\u0131 m\u00fcqavil\u0259nin m\u00fcdd\u0259ti may\u0131n 18-d\u0259 bitib: &#8220;M\u00fcqavil\u0259nin m\u00fcdd\u0259ti bitdiyin\u0259 g\u00f6r\u0259, qar\u015f\u0131l\u0131ql\u0131 olaraq m\u00fcqavil\u0259y\u0259 xitam verildi&#8221;.<\/p>\n<p>Qeyd ed\u0259k ki, son vaxtlar R\u0259\u015fad Mahmudov s\u0259hiyy\u0259 naziri v\u0259zif\u0259sin\u0259 iddial\u0131 \u015f\u0259xs kimi t\u0259qdim edilirdi.<\/p>\n<p>\u00a0<\/p>\n<p>Respublika M\u00fcalic\u0259vi Diaqnostika M\u0259rk\u0259zinin n\u0259zdind\u0259 &#8220;\u00dcr\u0259k M\u0259rk\u0259zi\u201d \u00f6t\u0259n ilin may ay\u0131nda yarad\u0131l\u0131b. M\u0259rk\u0259z\u0259 h\u0259min g\u00fcnd\u0259n R\u0259\u015fad Mahmudov r\u0259hb\u0259rlik edirdi.<\/p>\n","protected":false},"excerpt":{"rendered":"<p>Mill\u0259t v\u0259kili, Az\u0259rbaycan\u0131n tan\u0131nm\u0131\u015f c\u0259rrah\u0131 R\u0259\u015fad Mahmudov Bak\u0131 \u00dcr\u0259k M\u0259rk\u0259zinin r\u0259hb\u0259rliyind\u0259n uzaqla\u015fd\u0131r\u0131l\u0131b. \u00a0 Ucnoqta.az BakuPost-a istinad\u0259 x\u0259b\u0259r verir ki, bu bar\u0259d\u0259 S\u0259hiyy\u0259 naziri Oqtay \u015eir\u0259liyev d\u00fcn\u0259n s\u0259r\u0259ncam imzalay\u0131b.\u00a0\u00a0 X\u0259b\u0259ri R\u0259\u015fad&hellip;<\/p>\n","protected":false},"author":1,"featured_media":251278,"comment_status":"open","ping_status":"open","sticky":false,"template":"","format":"standard","meta":{"_lmt_disableupdate":"","_lmt_disable":"","footnotes":""},"categories":[],"tags":[],"class_list":["post-64449","post","type-post","status-publish","format-standard","has-post-thumbnail","hentry"],"_links":{"self":[{"href":"https:\/\/ucnoqta.az\/index.php?rest_route=\/wp\/v2\/posts\/64449","targetHints":{"allow":["GET"]}}],"collection":[{"href":"https:\/\/ucnoqta.az\/index.php?rest_route=\/wp\/v2\/posts"}],"about":[{"href":"https:\/\/ucnoqta.az\/index.php?rest_route=\/wp\/v2\/types\/post"}],"author":[{"embeddable":true,"href":"https:\/\/ucnoqta.az\/index.php?rest_route=\/wp\/v2\/users\/1"}],"replies":[{"embeddable":true,"href":"https:\/\/ucnoqta.az\/index.php?rest_route=%2Fwp%2Fv2%2Fcomments&post=64449"}],"version-history":[{"count":0,"href":"https:\/\/ucnoqta.az\/index.php?rest_route=\/wp\/v2\/posts\/64449\/revisions"}],"wp:featuredmedia":[{"embeddable":true,"href":"https:\/\/ucnoqta.az\/index.php?rest_route=\/wp\/v2\/media\/251278"}],"wp:attachment":[{"href":"https:\/\/ucnoqta.az\/index.php?rest_route=%2Fwp%2Fv2%2Fmedia&parent=64449"}],"wp:term":[{"taxonomy":"category","embeddable":true,"href":"https:\/\/ucnoqta.az\/index.php?rest_route=%2Fwp%2Fv2%2Fcategories&post=64449"},{"taxonomy":"post_tag","embeddable":true,"href":"https:\/\/ucnoqta.az\/index.php?rest_route=%2Fwp%2Fv2%2Ftags&post=64449"}],"curies":[{"name":"wp","href":"https:\/\/api.w.org\/{rel}","templated":true}]}}