{"id":64445,"date":"2018-05-19T13:00:39","date_gmt":"2018-05-19T09:00:39","guid":{"rendered":""},"modified":"-0001-11-30T00:00:00","modified_gmt":"-0001-11-29T20:00:00","slug":"","status":"publish","type":"post","link":"https:\/\/ucnoqta.az\/?p=64445","title":{"rendered":"Daha bir \u00f6lk\u0259 s\u0259firliyini Q\u00fcds\u0259 k\u00f6\u00e7\u00fcr\u00fcr"},"content":{"rendered":"<p>Daha bir \u00f6lk\u0259 Q\u00fcdsd\u0259 s\u0259firlik a\u00e7\u0131r. APA-n\u0131n \u201cNTV\u201d agentliyin\u0259 istinad\u0259n verdiyi x\u0259b\u0259r\u0259 g\u00f6r\u0259, AB\u015e v\u0259 Qvatemaladan sonra C\u0259nubi Amerika \u00f6lk\u0259l\u0259rind\u0259n Paraqvay da bu yax\u0131nlarda \u0130sraild\u0259ki s\u0259firliyini Tel Avivd\u0259n Q\u00fcds\u0259 k\u00f6\u00e7\u00fcr\u0259c\u0259k.<\/p>\n<p>\u00a0<\/p>\n<p>Paraqvay xarici i\u015fl\u0259r naziri Eladio Loizaga deyib ki, may\u0131n 22-d\u0259 s\u0259firliyin yeni binas\u0131n\u0131n\u00a0a\u00e7\u0131l\u015f\u0131n\u0131n n\u0259z\u0259rd\u0259 tutulur.<\/p>\n<p>\u00a0<\/p>\n<p>M\u0259lumata g\u00f6r\u0259, Paraqvay d\u00f6vl\u0259t ba\u015f\u00e7\u0131s\u0131 Horacio Cartes d\u0259 a\u00e7\u0131l\u0131\u015f m\u0259rasimind\u0259 i\u015ftirak ed\u0259c\u0259k.<\/p>\n<p>\u00a0<\/p>\n<p>Qeyd ed\u0259k ki, 8 ay \u0259vv\u0259l s\u0259firliyin Q\u00fcds\u0259 k\u00f6\u00e7\u00fcr\u00fclm\u0259si il\u0259 ba\u011fl\u0131\u00a0q\u0259rar Paraqvada naraz\u0131l\u0131qlara yol a\u00e7m\u0131\u015fd\u0131.\u00a0\u00a0\u0130ki ay sonra d\u00f6vl\u0259t ba\u015f\u00e7\u0131s\u0131 postuna ke\u00e7\u0259c\u0259k olan Marlo Abdo Benitez bu m\u0259s\u0259l\u0259 bar\u0259d\u0259 ona m\u0259lumat verilm\u0259diyini deyib.<\/p>\n","protected":false},"excerpt":{"rendered":"<p>Daha bir \u00f6lk\u0259 Q\u00fcdsd\u0259 s\u0259firlik a\u00e7\u0131r. APA-n\u0131n \u201cNTV\u201d agentliyin\u0259 istinad\u0259n verdiyi x\u0259b\u0259r\u0259 g\u00f6r\u0259, AB\u015e v\u0259 Qvatemaladan sonra C\u0259nubi Amerika \u00f6lk\u0259l\u0259rind\u0259n Paraqvay da bu yax\u0131nlarda \u0130sraild\u0259ki s\u0259firliyini Tel Avivd\u0259n Q\u00fcds\u0259 k\u00f6\u00e7\u00fcr\u0259c\u0259k.&hellip;<\/p>\n","protected":false},"author":1,"featured_media":251278,"comment_status":"open","ping_status":"open","sticky":false,"template":"","format":"standard","meta":{"_lmt_disableupdate":"","_lmt_disable":"","footnotes":""},"categories":[89],"tags":[],"class_list":["post-64445","post","type-post","status-publish","format-standard","has-post-thumbnail","hentry","category-dunya-butun-xeberler"],"_links":{"self":[{"href":"https:\/\/ucnoqta.az\/index.php?rest_route=\/wp\/v2\/posts\/64445","targetHints":{"allow":["GET"]}}],"collection":[{"href":"https:\/\/ucnoqta.az\/index.php?rest_route=\/wp\/v2\/posts"}],"about":[{"href":"https:\/\/ucnoqta.az\/index.php?rest_route=\/wp\/v2\/types\/post"}],"author":[{"embeddable":true,"href":"https:\/\/ucnoqta.az\/index.php?rest_route=\/wp\/v2\/users\/1"}],"replies":[{"embeddable":true,"href":"https:\/\/ucnoqta.az\/index.php?rest_route=%2Fwp%2Fv2%2Fcomments&post=64445"}],"version-history":[{"count":0,"href":"https:\/\/ucnoqta.az\/index.php?rest_route=\/wp\/v2\/posts\/64445\/revisions"}],"wp:featuredmedia":[{"embeddable":true,"href":"https:\/\/ucnoqta.az\/index.php?rest_route=\/wp\/v2\/media\/251278"}],"wp:attachment":[{"href":"https:\/\/ucnoqta.az\/index.php?rest_route=%2Fwp%2Fv2%2Fmedia&parent=64445"}],"wp:term":[{"taxonomy":"category","embeddable":true,"href":"https:\/\/ucnoqta.az\/index.php?rest_route=%2Fwp%2Fv2%2Fcategories&post=64445"},{"taxonomy":"post_tag","embeddable":true,"href":"https:\/\/ucnoqta.az\/index.php?rest_route=%2Fwp%2Fv2%2Ftags&post=64445"}],"curies":[{"name":"wp","href":"https:\/\/api.w.org\/{rel}","templated":true}]}}