{"id":64439,"date":"2018-05-19T12:03:58","date_gmt":"2018-05-19T08:03:58","guid":{"rendered":""},"modified":"-0001-11-30T00:00:00","modified_gmt":"-0001-11-29T20:00:00","slug":"","status":"publish","type":"post","link":"https:\/\/ucnoqta.az\/?p=64439","title":{"rendered":"Va\u015finqtonda Trans-X\u0259z\u0259r Forumu ke\u00e7irilir"},"content":{"rendered":"<p>May\u0131n 18-d\u0259 AB\u015e-\u0131n paytaxt\u0131 Va\u015finqtonda ikig\u00fcnl\u00fck Trans-X\u0259z\u0259r Forumuna start verilib.<\/p>\n<p>\u00a0<br \/>\nForumun \u0259sas m\u0259qs\u0259di Trans-X\u0259z\u0259r region d\u00f6vl\u0259tl\u0259ri, o c\u00fcml\u0259d\u0259n Az\u0259rbaycan, Qazax\u0131stan, G\u00fcrc\u00fcstan, T\u00fcrkiy\u0259, \u018ffqan\u0131stan, \u00d6zb\u0259kistan v\u0259 T\u00fcrkm\u0259nistan t\u0259r\u0259find\u0259n h\u0259yata ke\u00e7iril\u0259n infrastruktur layih\u0259l\u0259ri, m\u00f6vcud biznes, ticar\u0259t v\u0259 s\u0259rmay\u0259 imkanlar\u0131 bar\u0259d\u0259 AB\u015e-\u0131n siyasi, akademik v\u0259 biznes ictimaiyy\u0259tinin m\u0259lumatland\u0131r\u0131lmas\u0131d\u0131r.<\/p>\n<p>\u00a0<\/p>\n<p>3 milyondan \u00e7ox \u00fczv\u00fc olan n\u00fcfuzlu AB\u015e Ticar\u0259t Palatas\u0131 v\u0259 X\u0259z\u0259r Siyas\u0259t M\u0259rk\u0259zinin t\u0259\u015fkilat\u00e7\u0131l\u0131\u011f\u0131 il\u0259 ke\u00e7iril\u0259n, ilk d\u0259f\u0259 olaraq AB\u015e Ticar\u0259t Palatas\u0131n\u0131n \u201cA\u011f Ev\u201d il\u0259 \u00fczb\u0259\u00fcz yerl\u0259\u015f\u0259n m\u00f6ht\u0259\u015f\u0259m \u201cHall of Flags\u201d auditoriyas\u0131nda ba\u015f tutan forumda AB\u015e administrasiyas\u0131 v\u0259 region d\u00f6vl\u0259tl\u0259rinin y\u00fcks\u0259k r\u00fctb\u0259li n\u00fcmay\u0259nd\u0259l\u0259ri bir araya g\u0259l\u0259r\u0259k Trans-X\u0259z\u0259r regionunun potensial\u0131n\u0131 m\u00fczakir\u0259 edibl\u0259r. \u00dcmumiyy\u0259tl\u0259, t\u0259dbird\u0259 AB\u015e d\u00f6vl\u0259t qurumlar\u0131n\u0131n, akademik t\u0259\u015fkilatlar\u0131n, biznes v\u0259 siyasi dair\u0259l\u0259rin, diplomatik korpusun 200-d\u0259n \u00e7ox n\u00fcmay\u0259nd\u0259si i\u015ftirak edib. AB\u015e Ticar\u0259t Palatas\u0131n\u0131n vitse-prezidenti Qari Litman v\u0259 X\u0259z\u0259r Ara\u015fd\u0131rma M\u0259rk\u0259zinin direktoru \u018ffqan Niftiyev t\u0259dbirin \u0259h\u0259miyy\u0259tind\u0259n dan\u0131\u015f\u0131blar.<\/p>\n<p>\u00a0<\/p>\n<p>AB\u015e d\u00f6vl\u0259t katibinin iqtisadiyyat v\u0259 biznes m\u0259s\u0259l\u0259l\u0259ri \u00fczr\u0259 k\u00f6m\u0259k\u00e7isinin birinci m\u00fcavini Brayn Makfiters m\u00fcasir \u0130p\u0259k Yolunun vacib komponenti olan Trans-X\u0259z\u0259r d\u0259hlizin\u0259 \u00f6lk\u0259sinin d\u0259st\u0259yini ifad\u0259 edib. O, bu d\u0259hlizin \u015e\u0259rq-Q\u0259rb y\u00fckda\u015f\u0131malar\u0131n\u0131n h\u0259yata ke\u00e7irilm\u0259sind\u0259 m\u00fch\u00fcm rolunu vur\u011fulay\u0131b v\u0259 AB\u015e-\u0131n t\u0259r\u0259fda\u015f olmaqda maraql\u0131 oldu\u011funu qeyd edib. AB\u015e r\u0259smisi region \u00f6lk\u0259l\u0259rin bu d\u0259hlizin inki\u015faf\u0131 sah\u0259sind\u0259 m\u00fch\u00fcm infrastruktur layih\u0259l\u0259ri h\u0259yata ke\u00e7irdikl\u0259rini v\u0259 bu x\u00fcsusda \u00f6t\u0259n il a\u00e7\u0131l\u0131\u015f\u0131 olan Baku-Tbilisi-Qars d\u0259mir yolunun \u0259h\u0259miyy\u0259tini diqq\u0259t\u0259 \u00e7atd\u0131r\u0131b. B.Makfiters AB\u015e-\u0131n bu istiqam\u0259td\u0259 region \u00f6lk\u0259l\u0259ri il\u0259 yax\u0131ndan \u0259m\u0259kda\u015fl\u0131q etm\u0259y\u0259 haz\u0131r oldu\u011funu v\u0259 yax\u0131n zamanlarda \u00f6z\u00fcn\u00fcn regiona s\u0259f\u0259r etm\u0259k niyy\u0259tinin oldu\u011funu s\u00f6yl\u0259yib.<\/p>\n<p>\u00a0<\/p>\n<p>Daha sonra AB\u015e ticar\u0259t nazirliyinin beyn\u0259lxalq ticar\u0259t administrasiyas\u0131n\u0131n direktoru Maty\u00fc Edvard \u00e7\u0131x\u0131\u015f ed\u0259r\u0259k ticar\u0259t naziri Vilbur Rosun t\u0259dbirl\u0259 ba\u011fl\u0131 xo\u015f arzular\u0131n\u0131 \u00e7atd\u0131r\u0131b v\u0259 2016-c\u0131 ild\u0259n b\u0259ri Va\u015finqtonda t\u0259\u015fkil edil\u0259n s\u00f6z\u00fcged\u0259n forumun region \u00f6lk\u0259l\u0259ri il\u0259 yeni \u0259m\u0259kda\u015fl\u0131q imkanlar\u0131n\u0131n t\u0259\u015fviqi bax\u0131m\u0131ndan vacib platforma oldu\u011funu ifad\u0259 edib. O, \u00e7\u0131x\u0131\u015f\u0131nda AB\u015e \u015firk\u0259tl\u0259rinin tarixi \u0130p\u0259k Yolunun canland\u0131r\u0131lmas\u0131nda region \u00f6lk\u0259l\u0259rinin g\u00f6rd\u00fcy\u00fc i\u015fl\u0259r\u0259 yax\u0131ndan c\u0259lb edilm\u0259si \u00fc\u00e7\u00fcn b\u00f6y\u00fck potensial\u0131n oldu\u011funu qeyd edib. M.Edvard, h\u0259m\u00e7inin Trans-X\u0259z\u0259r d\u0259hlizi \u00f6lk\u0259l\u0259rini d\u0259st\u0259kl\u0259m\u0259k \u00fc\u00e7\u00fcn AB\u015e ticar\u0259t nazirliyi t\u0259r\u0259find\u0259n h\u0259yata ke\u00e7iril\u0259n proqramlar bar\u0259d\u0259 m\u0259lumat verib.<\/p>\n<p>\u00a0<\/p>\n<p>Sonra Az\u0259rbaycan\u0131n v\u0259 Forumun dig\u0259r t\u0259\u015fkilat\u00e7\u0131 d\u00f6vl\u0259tl\u0259rinin AB\u015e-dak\u0131 s\u0259firl\u0259ri \u00e7\u0131x\u0131\u015f edibl\u0259r. \u00d6lk\u0259mizin AB\u015e-dak\u0131 s\u0259firi Elin S\u00fcleymanov \u00e7\u0131x\u0131\u015f\u0131nda Trans-X\u0259z\u0259r Forumunun Az\u0259rbaycan\u0131n regionda ticar\u0259t, tranzit \u0259laq\u0259l\u0259rinin t\u0259min edilm\u0259sind\u0259 m\u0259rk\u0259zi rolunu, xarici investisiyalar v\u0259 ticar\u0259t \u00fc\u00e7\u00fcn i\u015fg\u00fczar dostluq m\u00fchitinin t\u0259qdim edilm\u0259sind\u0259 potensial\u0131n\u0131 vur\u011fulamaq \u00fc\u00e7\u00fcn ba\u015fl\u0131ca platforma oldu\u011funu bildirib. O, bu t\u0259dbirin Az\u0259rbaycan Demokratik Respublikas\u0131n\u0131n yaranmas\u0131n\u0131n 100-c\u00fc ild\u00f6n\u00fcm\u00fcn\u0259 t\u0259sad\u00fcf etdiyini v\u0259 Sovet \u0130ttifaq\u0131n\u0131n s\u00fcqutundan sonra Az\u0259rbaycan\u0131n m\u00fcst\u0259qilliyini yenid\u0259n b\u0259rpa ed\u0259n dig\u0259r region \u00f6lk\u0259l\u0259ri il\u0259 b\u0259rab\u0259r b\u00f6y\u00fck inki\u015faf yolu ke\u00e7diyini bildirib. S\u0259fir haz\u0131rda regionun tranzit potensial\u0131n\u0131n inki\u015faf\u0131nda Az\u0259rbaycan h\u00f6kum\u0259tinin f\u0259aliyy\u0259tin\u0259 diqq\u0259ti \u00e7\u0259k\u0259r\u0259k bu i\u015fd\u0259 m\u00f6vcud vacib enerji v\u0259 n\u0259qliyyat infrastruktur layih\u0259l\u0259rinin \u0259h\u0259miyy\u0259tini vur\u011fulay\u0131b. Bu bax\u0131mdan diplomat AB\u015e \u015firk\u0259tl\u0259ri il\u0259 \u0259m\u0259kda\u015fl\u0131\u011f\u0131n \u00f6n\u0259mli oldu\u011funu v\u0259 cari ilin 15-18 may tarixind\u0259 Az\u0259rbaycandak\u0131 Amerika Ticar\u0259t Palatas\u0131 t\u0259r\u0259find\u0259n ilk d\u0259f\u0259 olaraq Va\u015finqtona i\u015fg\u00fczar missiyan\u0131n s\u0259f\u0259rinin bu \u0259m\u0259kda\u015fl\u0131\u011fa \u0259lav\u0259 t\u00f6hf\u0259 ver\u0259c\u0259yin\u0259 \u0259minliyini ifad\u0259 edib.<\/p>\n<p>\u00a0<\/p>\n<p>H\u0259m\u00e7inin s\u0259fir Az\u0259rbaycan\u0131n regionda lider rolunun \u00f6lk\u0259mizin ba\u015f\u00e7\u0131s\u0131n\u0131n strateji v\u0259 uzaqg\u00f6r\u0259n bax\u0131\u015f\u0131 il\u0259 ba\u011fl\u0131 oldu\u011funu vur\u011fulay\u0131b, h\u0259yata ke\u00e7iril\u0259n irimiqyasl\u0131 layih\u0259l\u0259rd\u0259n, o c\u00fcml\u0259d\u0259n Bak\u0131-Tbilisi-Qars, Bak\u0131 Beyn\u0259lxalq Ticar\u0259t Liman\u0131, Bak\u0131 Karqo Terminal\u0131n\u0131 xat\u0131rlatm\u0131\u015f, bu layih\u0259l\u0259rin regionun\u00a0 tranzit potensial\u0131n\u0131n art\u0131r\u0131lmas\u0131nda x\u00fcsusi rolunu qeyd edib. Bununla yana\u015f\u0131, o, n\u0259qliyyat v\u0259 tranzitl\u0259 b\u0259rab\u0259r Az\u0259rbaycan\u0131n h\u0259m d\u0259 peyk \u00f6lk\u0259sin\u0259 \u00e7evrildiyini bildirib.<\/p>\n<p>\u00a0<\/p>\n<p>Forum t\u0259\u015fkilat\u00e7\u0131lar\u0131na, o c\u00fcml\u0259d\u0259n AB\u015e Ticar\u0259t Palatas\u0131 v\u0259 X\u0259z\u0259r Ara\u015fd\u0131rma M\u0259rk\u0259zi t\u0259\u015f\u0259kk\u00fcr\u00fcn\u00fc ifad\u0259 ed\u0259n s\u0259fir tan\u0131nm\u0131\u015f amerikan diplomat\u0131 Ri\u00e7ard Hoqland\u0131n apar\u0131c\u0131 rolunu vur\u011fulay\u0131b. Az\u0259rbaycan diplomat\u0131 Erm\u0259nistan-Az\u0259rbaycan m\u00fcnaqi\u015f\u0259sin\u0259 toxunaraq bu m\u00fcnaqi\u015f\u0259nin regionun tam inteqrasiyas\u0131 v\u0259 \u0259m\u0259kda\u015fl\u0131\u011f\u0131na mane\u0259 oldu\u011funu v\u0259 AB\u015e-\u0131n sabiq h\u0259ms\u0259dri R.Hoqland kimi AT\u018fT-in Minsk Qrupunun h\u0259ms\u0259drl\u0259rinin s\u00fclh\u0259 nail olunmas\u0131na sadiq qalaraq s\u0259yl\u0259rini art\u0131raca\u011f\u0131na \u00fcmid b\u0259sl\u0259diyini qeyd edib.<\/p>\n<p>\u00a0<\/p>\n<p>Daha sonra E.S\u00fcleymanov vaxtil\u0259 diger apar\u0131c\u0131 \u00f6lk\u0259l\u0259rin t\u0259cr\u00fcb\u0259sini \u00f6yr\u0259n\u0259n Az\u0259rbaycan\u0131n &#8220;Asan xidm\u0259t&#8221; kimi \u00f6z milli brendini yaratd\u0131\u011f\u0131n\u0131 v\u0259 bu t\u0259cr\u00fcb\u0259nin regionun dig\u0259r \u00f6lk\u0259l\u0259rind\u0259 t\u0259tbiq edildiyini deyib: &#8220;Bu t\u0259cr\u00fcb\u0259nin b\u00f6l\u00fc\u015f\u00fclm\u0259si v\u0259 g\u0259l\u0259c\u0259k \u0259m\u0259kda\u015fl\u0131q imkanlar\u0131n\u0131n m\u00fczakir\u0259si bax\u0131mdan \u201cAsan xidm\u0259t\u201din n\u00fcmay\u0259nd\u0259sinin bu g\u00fcnki t\u0259dbird\u0259 i\u015ftirak\u0131 x\u00fcsusi \u0259h\u0259miyy\u0259t da\u015f\u0131y\u0131r&#8221;.<\/p>\n<p>Daha sonra \u018ffqan\u0131stan, T\u00fcrkiy\u0259, G\u00fcrc\u00fcstan v\u0259 T\u00fcrkm\u0259nistan\u0131n AB\u015e-dak\u0131 diplomatik n\u00fcmay\u0259nd\u0259lik r\u0259hb\u0259rl\u0259ri Trans-X\u0259z\u0259r d\u0259hlizinin \u00fcst\u00fcnl\u00fckl\u0259ri v\u0259 g\u00f6r\u00fcl\u0259n i\u015fl\u0259r bar\u0259d\u0259 dan\u0131\u015f\u0131b, h\u0259m\u00e7inin bu Forumun AB\u015e-\u0131n paytaxt\u0131nda ke\u00e7irilm\u0259sinin \u0259h\u0259miyy\u0259tini, c\u0259lb olunmu\u015f d\u00f6vl\u0259tl\u0259r aras\u0131nda \u0259m\u0259kda\u015fl\u0131\u011f\u0131n daha da art\u0131r\u0131lmas\u0131nda v\u0259 bunun \u00f6lk\u0259l\u0259rin iqtisadi inki\u015faf\u0131nda vacibliyini qeyd edibl\u0259r.<\/p>\n<p>\u00a0<\/p>\n<p>Forum \u00e7\u0259r\u00e7iv\u0259sind\u0259 Trans-X\u0259z\u0259r d\u0259hlizi \u00f6lk\u0259l\u0259rind\u0259 biznes v\u0259 s\u0259rmay\u0259 \u015f\u0259raiti, d\u0259niz, d\u0259mir yolu v\u0259 hava n\u0259qliyyat\u0131n\u0131n imkanlar\u0131, regionun enerji t\u0259chizat\u0131 v\u0259 t\u0259hl\u00fck\u0259sizliyi bax\u0131m\u0131ndan qlobal m\u0259rk\u0259z\u0259 \u00e7evrilm\u0259si, el\u0259c\u0259 d\u0259 texnologiya v\u0259 innovasiyalar \u00fczr\u0259 t\u0259\u015fkil edil\u0259n d\u00f6rd paneld\u0259 d\u00f6vl\u0259t v\u0259 \u015firk\u0259t n\u00fcmay\u0259nd\u0259l\u0259ri \u00e7\u0131x\u0131\u015flar edib, m\u00fczakir\u0259l\u0259r apar\u0131l\u0131b, suallar cavabland\u0131r\u0131l\u0131b.<\/p>\n<p>\u00a0<\/p>\n<p>T\u0259dbirin s\u0259rmay\u0259 v\u0259 ticar\u0259t m\u00f6vzusuna h\u0259sr olunmu\u015f v\u0259 s\u0259fir R.Hoqland\u0131n moderatorlu\u011fu il\u0259 ke\u00e7\u0259n ilk paneld\u0259 \u00e7\u0131x\u0131\u015f ed\u0259n N\u0259qliyyat, Rabit\u0259 v\u0259 Y\u00fcks\u0259k Texnologiyalar Nazirinin m\u00fcavini Elmir V\u0259lizad\u0259 Az\u0259rbaycanda ticar\u0259t, n\u0259qliyyat v\u0259 tranzit sah\u0259sind\u0259 d\u00f6vl\u0259t siyas\u0259tind\u0259n dan\u0131\u015f\u0131b, Az\u0259rbaycan Respublikas\u0131n\u0131n Prezidenti \u0130lham \u018fliyevin r\u0259hb\u0259rliyi alt\u0131nda \u00f6lk\u0259mizd\u0259 son d\u00f6vrl\u0259r apar\u0131lan islahatlar v\u0259 \u0259ld\u0259 edil\u0259n n\u0259tic\u0259l\u0259r bar\u0259d\u0259 \u0259trafl\u0131 m\u0259lumat verib. O, Az\u0259rbaycan\u0131n biznes m\u00fchiti sah\u0259sind\u0259 apar\u0131c\u0131 beyn\u0259lxalq reytinql\u0259rd\u0259 m\u00f6vqeyini yax\u015f\u0131la\u015fd\u0131rd\u0131\u011f\u0131n\u0131 v\u0259 Amerika \u015firk\u0259tl\u0259ri \u00fc\u00e7\u00fcn qeyri-neft sektoru, o c\u00fcml\u0259d\u0259n n\u0259qliyyat v\u0259 logistika, y\u00fcks\u0259k texnologiyalar, infrastruktur, s\u0259naye v\u0259 dig\u0259r sah\u0259l\u0259rd\u0259 \u0259m\u0259kda\u015fl\u0131q \u00fc\u00e7\u00fcn yeni imkanlar\u0131n yarand\u0131\u011f\u0131n\u0131 vur\u011fulay\u0131b. Bu paneld\u0259 h\u0259m\u00e7inin, AB\u015e Prezidentinin k\u00f6m\u0259k\u00e7isinin m\u00fcavini v\u0259 \u201cA\u011f Ev\u201d Milli T\u0259hl\u00fck\u0259sizlik \u015euras\u0131n\u0131n M\u0259rk\u0259zi Asiya \u00fczr\u0259 Ba\u015f direktoru Liza Kurtis, \u018ffqan\u0131stan Prezidentinin infrastruktur v\u0259 texnologiya \u00fczr\u0259 k\u00f6m\u0259k\u00e7isi Mohammad Qayoumi, T\u00fcrkiy\u0259nin \u0130qtisadiyyat nazirinin m\u00fcavini Fatih Metin, G\u00fcrc\u00fcstan\u0131n \u0130qtisadiyyat v\u0259 Davaml\u0131 \u0130nki\u015faf nazirinin m\u00fcavini Qenadi Arveladze \u00e7\u0131x\u0131\u015f etmi\u015f, regionun geostrateji \u0259h\u0259miyy\u0259tind\u0259n b\u0259hs edib, burada h\u0259yata ke\u00e7iril\u0259n infrastruktur layih\u0259l\u0259rinin\u00a0 v\u0259 Trans-X\u0259z\u0259r d\u0259hlizinin \u00fcst\u00fcnl\u00fckl\u0259rind\u0259n dan\u0131\u015f\u0131blar.<\/p>\n<p>\u00a0<\/p>\n<p>Liza Kurtis, \u00e7\u0131x\u0131\u015f\u0131nda h\u0259m\u00e7inin AB\u015e-\u0131n Qafqaz v\u0259 M\u0259rk\u0259zi Asiya \u00f6lk\u0259l\u0259rinin m\u00fcst\u0259qilliyi, suverenliyi v\u0259 \u0259razi b\u00fct\u00f6vl\u00fcy\u00fcn\u00fc d\u0259st\u0259kl\u0259diyini, el\u0259c\u0259 d\u0259 X\u0259z\u0259r regionunun h\u0259mi\u015f\u0259 AB\u015e-\u0131n xarici siyas\u0259tinin \u0259n vacib prioritetl\u0259rind\u0259n oldu\u011funu v\u0259 bu siyasi kursun indiki Administrasiya t\u0259r\u0259find\u0259n d\u0259 daha da g\u00fccl\u0259ndiril\u0259c\u0259yini qeyd edib.<\/p>\n<p>\u00a0<\/p>\n<p>N\u00fcfuzlu beyin m\u0259rk\u0259zi olan \u201cHeritage\u201d Fondunun n\u00fcmay\u0259nd\u0259si L\u00fck Kofenin moderatorlu\u011fu il\u0259 ke\u00e7\u0259n n\u0259qliyyat infrastrukturunun inki\u015faf\u0131na h\u0259sr olunmu\u015f n\u00f6vb\u0259ti paneld\u0259 \u00e7\u0131x\u0131\u015f ed\u0259n Bak\u0131 Beyn\u0259lxalq D\u0259niz Ticar\u0259t Liman\u0131 ba\u015f direktorunun m\u00fc\u015faviri Tural \u018fliyev Az\u0259rbaycan\u0131n n\u0259qliyyat infrastrukturu v\u0259 d\u0259hlizl\u0259r bar\u0259d\u0259 m\u0259lumat verib, el\u0259c\u0259 d\u0259 liman\u0131n tikintisi \u00fczr\u0259 g\u00f6r\u00fcl\u0259n i\u015fl\u0259rd\u0259n, azad ticar\u0259t zonas\u0131n\u0131n yarad\u0131lmas\u0131ndan v\u0259 onun regionda n\u0259qliyyat-logistika qov\u015fa\u011f\u0131na \u00e7evrilm\u0259si istiqam\u0259tind\u0259 oynayaca\u011f\u0131 roldan b\u0259hs edib. Bu paneld\u0259 \u00e7\u0131x\u0131\u015f ed\u0259n Az\u0259rbaycan X\u0259z\u0259r D\u0259niz G\u0259mi\u00e7iliyinin r\u0259smisi Tariyel Mirz\u0259yev t\u0259msil etdiyi \u015firk\u0259tin Trans-X\u0259z\u0259r d\u0259hlizind\u0259ki rolu, bu d\u0259hliz \u00fczr\u0259 da\u015f\u0131malar\u0131n art\u0131r\u0131lmas\u0131 imkanlar\u0131, mar\u015frut boyu \u201cbir p\u0259nc\u0259r\u0259\u201d sisteminin t\u0259tbiqi, regional t\u0259r\u0259fda\u015fl\u0131\u011f\u0131n g\u00fccl\u0259ndirilm\u0259si, regionda h\u0259yata ke\u00e7iril\u0259n infrastruktur layih\u0259l\u0259ri bar\u0259d\u0259 m\u0259lumat verib.<\/p>\n<p>\u00a0<\/p>\n<p>Enerji sah\u0259sin\u0259 h\u0259sr olunmu\u015f v\u0259 AB\u015e-\u0131n Az\u0259rbaycandak\u0131 sabiq s\u0259firi Robert Sekutan\u0131n moderatorlu\u011fu il\u0259 ke\u00e7\u0259n paneld\u0259 \u00e7\u0131x\u0131\u015f ed\u0259n Az\u0259rbaycan D\u00f6vl\u0259t Neft \u015eirk\u0259tinin vitse-prezidenti El\u015fad N\u0259sirov \u00f6lk\u0259mizin enerji siyas\u0259ti, enerji d\u0259hlizl\u0259ri, bu \u015firk\u0259tin regionda g\u00f6rd\u00fcy\u00fc i\u015fl\u0259r, m\u00f6vcud v\u0259 tikilm\u0259kd\u0259 olan neft v\u0259 qaz layih\u0259l\u0259ri bar\u0259d\u0259 s\u00f6z a\u00e7\u0131b. O, g\u0259l\u0259n ay Avropan\u0131n enerji diversifikasiyas\u0131 v\u0259 t\u0259hl\u00fck\u0259sizliyind\u0259 x\u00fcsusi rol oynayacaq C\u0259nub Qaz D\u0259hlizinin Trans-Anadolu qaz boru k\u0259m\u0259ri hiss\u0259sinin a\u00e7\u0131l\u0131\u015f m\u0259rasiminin ke\u00e7irilm\u0259sinin n\u0259z\u0259rd\u0259 tutuldu\u011funu bildirib. Bu paneld\u0259 h\u0259m\u00e7inin BP \u015firk\u0259tinin region \u00fczr\u0259 vitse-prezidenti B\u0259xtiyar Aslanb\u0259yli v\u0259 Equinor (\u0259vv\u0259lki Statoil) \u015firk\u0259tinin vitse-prezidenti, Va\u015finqton ofisinin r\u0259hb\u0259ri Qeir Vestqard \u00e7\u0131x\u0131\u015f edib v\u0259 Az\u0259rbaycanla h\u0259yata ke\u00e7iril\u0259n u\u011furlu \u0259m\u0259kda\u015fl\u0131qdan b\u0259hs edibl\u0259r.\u00a0\u00a0 \u00a0<\/p>\n<p>N\u0259qliyyat infrastrukturunun inki\u015faf\u0131na h\u0259sr olunmu\u015f paneld\u0259 \u00e7\u0131x\u0131\u015f ed\u0259n Bak\u0131 Beyn\u0259lxalq D\u0259niz Ticar\u0259t Liman\u0131 ba\u015f direktorunun m\u00fc\u015faviri Tural \u018fliyev v\u0259 Az\u0259rbaycan X\u0259z\u0259r D\u0259niz G\u0259mi\u00e7iliyinin idar\u0259 r\u0259isi Tariyel Mirz\u0259yev Az\u0259rbaycan\u0131n n\u0259qliyyat infrastrukturu v\u0259 d\u0259hlizl\u0259r bar\u0259d\u0259 m\u0259lumat verib, el\u0259c\u0259 d\u0259 liman sah\u0259sind\u0259 g\u00f6r\u00fcl\u0259n i\u015fl\u0259rd\u0259n, onun regionda n\u0259qliyyat-logistika qov\u015fa\u011f\u0131na \u00e7evrilm\u0259si istiqam\u0259tind\u0259 oynayaca\u011f\u0131 rol v\u0259 Trans-X\u0259z\u0259r d\u0259hliz \u00fczr\u0259 da\u015f\u0131malar\u0131n art\u0131r\u0131lmas\u0131 imkanlar\u0131ndan b\u0259hs edibl\u0259r.<\/p>\n<p>\u00a0<\/p>\n<p>\u0130nnovasiya v\u0259 texnologiyalar sah\u0259sin\u0259 h\u0259sr olunmu\u015f sonuncu paneld\u0259 AR Prezidenti yan\u0131nda V\u0259t\u0259nda\u015flara Xidm\u0259t v\u0259 Sosial \u0130nnovasiyalar \u00fczr\u0259 D\u00f6vl\u0259t Agentliyinin aparat r\u0259hb\u0259ri Azad C\u0259f\u0259rli v\u0259 \u201cAz\u0259rkosmos\u201d ASC-nin s\u0259drinin m\u00fc\u015faviri Abbas M\u0259mm\u0259dov \u00e7\u0131x\u0131\u015f edib. A.C\u0259f\u0259rli \u201cASAN Xidm\u0259t\u201d t\u0259cr\u00fcb\u0259si v\u0259 onun Trans-X\u0259z\u0259r regionunda indiy\u0259d\u0259k h\u0259yata ke\u00e7irilmi\u015f t\u0259tbiqi v\u0259 g\u0259l\u0259c\u0259k perspektivl\u0259rind\u0259n dan\u0131\u015f\u0131b. A.M\u0259mm\u0259dov is\u0259 \u201cAz\u0259rkosmos\u201dun f\u0259aliyy\u0259ti, xidm\u0259tl\u0259ri v\u0259 regionda qar\u015f\u0131l\u0131ql\u0131 faydal\u0131 \u0259m\u0259kda\u015fl\u0131\u011f\u0131n inki\u015faf etdirilm\u0259si sah\u0259sind\u0259 at\u0131lacaq n\u00f6vb\u0259ti add\u0131mlar, habel\u0259 peyk s\u0259nayesind\u0259 AB\u015e \u015firk\u0259tl\u0259ri il\u0259 u\u011furlu \u0259m\u0259kda\u015fl\u0131qdan b\u0259hs edib.<\/p>\n<p>\u00a0<\/p>\n<p>\u00dcmumilikd\u0259, forumun ilk g\u00fcn\u00fc Trans-X\u0259z\u0259r d\u0259hlizinin \u00fcst\u00fcnl\u00fckl\u0259ri i\u015ftirak\u00e7\u0131lar\u0131n diqq\u0259tin\u0259 \u00e7atd\u0131r\u0131l\u0131b. Dig\u0259rl\u0259ri il\u0259 m\u00fcqayis\u0259d\u0259 bu d\u0259hlizin daha q\u0131sa olmas\u0131 v\u0259 g\u0259l\u0259c\u0259kd\u0259 \u00c7ind\u0259n Avropaya da\u015f\u0131malar\u0131n 15-20 g\u00fcn\u0259 \u00e7atd\u0131r\u0131la bilm\u0259 potensial\u0131, d\u0259hliz boyu sabitlik v\u0259 t\u0259hl\u00fck\u0259sizliyin h\u00f6km s\u00fcrm\u0259si, d\u0259hliz d\u00f6vl\u0259tl\u0259ri aras\u0131nda s\u0131x \u0259m\u0259kda\u015fl\u0131q, artan ticar\u0259t, m\u00fcasir standartlara cavab ver\u0259n infrastruktur v\u0259 azad ticari zonalar\u0131n m\u00f6vcudlu\u011fu, \u201cbir p\u0259nc\u0259r\u0259\u201d sisteminin t\u0259tbiqi v\u0259 daha da m\u00fcasirl\u0259\u015fm\u0259kd\u0259 olan s\u0259rh\u0259d-ke\u00e7id v\u0259 g\u00f6mr\u00fck r\u0259smil\u0259\u015fdirm\u0259si prosedurlar\u0131 v\u0259 s. vur\u011fulan\u0131b.<\/p>\n<p>\u00a0<\/p>\n<p>Qeyd ed\u0259k ki, Forum Az\u0259rbaycan, \u018ffqan\u0131stan, G\u00fcrc\u00fcstan, Qazax\u0131stan, T\u00fcrkiy\u0259, \u00d6zb\u0259kistan v\u0259 T\u00fcrkm\u0259nistan\u0131n AB\u015e-dak\u0131 s\u0259firlikl\u0259rinin d\u0259st\u0259yi il\u0259 ke\u00e7irilir. D\u00fcnya Bank\u0131, Avropa Yenid\u0259nqurma v\u0259 \u0130nki\u015faf Bank\u0131, \u201cBoeing\u201d, \u201cChevron\u201d, \u201cSchneider Group\u201d, \u201cCaspian Foundation\u201d, AB\u015e-Az\u0259rbaycan Ticar\u0259t Palatas\u0131, Amerika Xarici Siyas\u0259t \u015euras\u0131 n\u0259zdind\u0259 M\u0259rk\u0259zi Asiya v\u0259 Qafqaz \u0130nstitutu, AB\u015e-G\u00fcrc\u00fcstan Biznes \u015euras\u0131, Amerikan\u0131n Az\u0259rbaycanda Ticar\u0259t Palatas\u0131, Amerikan\u0131n G\u00fcrc\u00fcstanda Ticar\u0259t Palatas\u0131, Amerikan\u0131n Qazax\u0131standa Ticar\u0259t Palatas\u0131, AB\u015e-Qazax\u0131stan Biznes Assosiasiyas\u0131, AB\u015e-T\u00fcrkiy\u0259 \u015euras\u0131 Forumun t\u0259r\u0259fda\u015flar\u0131d\u0131r. \u201cBoeing\u201d, \u201cChevron\u201d, \u201cSchneider Group\u201d v\u0259 \u201cCaspian Foundation\u201d \u015firk\u0259tl\u0259ri builki forumun sponsorlar\u0131d\u0131r.<\/p>\n<p>\u00a0<\/p>\n<p>Forumda Az\u0259rbaycan\u0131 N\u0259qliyyat, Rabit\u0259, v\u0259 Y\u00fcks\u0259k Texnologiyalar Nazirliyi, D\u00f6vl\u0259t Neft \u015eirk\u0259ti, AR Prezidenti yan\u0131nda V\u0259t\u0259nda\u015flara Xidm\u0259t v\u0259 Sosial \u0130nnovasiyalar \u00fczr\u0259 D\u00f6vl\u0259t Agentliyi, \u201cAz\u0259rbaycan X\u0259z\u0259r D\u0259niz G\u0259mi\u00e7iliyi\u201d, \u201cBak\u0131 Beyn\u0259lxalq D\u0259niz Ticar\u0259t Liman\u0131\u201d, \u201cAz\u0259rkosmos\u201d, \u201cAz\u0259rbaycan Hava Yollar\u0131\u201d, \u201cSilk Way\u201d v\u0259 \u201cAz\u0259rsun Holding\u201d n\u00fcmay\u0259nd\u0259l\u0259ri t\u0259msil edir. Eyni zamanda, foruma Az\u0259rbaycanda Amerika Ticar\u0259t Palatas\u0131 (AmCham) t\u0259r\u0259find\u0259n Va\u015finqtona s\u0259f\u0259ri h\u0259yata ke\u00e7irilmi\u015f missiyan\u0131n \u00fczvl\u0259ri d\u0259 qat\u0131l\u0131b.\u00a0<\/p>\n<p>\u00a0<\/p>\n<p>Trans-X\u0259z\u0259r Forumu \u00e7\u0259r\u00e7iv\u0259sind\u0259 h\u0259m\u00e7inin AB\u015e Konqresind\u0259 brifinq v\u0259 n\u00fcfuzlu \u201cHeritage\u201d Fondunda analitik m\u00fczakir\u0259l\u0259r n\u0259z\u0259rd\u0259 tutulub. Bundan ba\u015fqa, Az\u0259rbaycan n\u00fcmay\u0259nd\u0259 hey\u0259tinin Va\u015finqtona s\u0259f\u0259ri zaman\u0131 \u201cA\u011f Ev\u201d, D\u00f6vl\u0259t Departamenti, Ticar\u0259t Nazirliyi, AB\u015e Ticar\u0259t Palatas\u0131 v\u0259 Konqresd\u0259 ikit\u0259r\u0259fli g\u00f6r\u00fc\u015fl\u0259ri ke\u00e7irilib.<\/p>\n<p>\u00a0<\/p>\n<p>Qeyd ed\u0259k ki, Az\u0259rbaycan\u0131n t\u0259\u015f\u0259bb\u00fcs\u00fc il\u0259 \u0259rs\u0259y\u0259 g\u0259lmi\u015f Trans-X\u0259z\u0259r Forumu 2016-c\u0131 ild\u0259n etibar\u0259n h\u0259r il Va\u015finqtonda ke\u00e7irilir.apa<\/p>\n","protected":false},"excerpt":{"rendered":"<p>May\u0131n 18-d\u0259 AB\u015e-\u0131n paytaxt\u0131 Va\u015finqtonda ikig\u00fcnl\u00fck Trans-X\u0259z\u0259r Forumuna start verilib. \u00a0 Forumun \u0259sas m\u0259qs\u0259di Trans-X\u0259z\u0259r region d\u00f6vl\u0259tl\u0259ri, o c\u00fcml\u0259d\u0259n Az\u0259rbaycan, Qazax\u0131stan, G\u00fcrc\u00fcstan, T\u00fcrkiy\u0259, \u018ffqan\u0131stan, \u00d6zb\u0259kistan v\u0259 T\u00fcrkm\u0259nistan t\u0259r\u0259find\u0259n h\u0259yata ke\u00e7iril\u0259n&hellip;<\/p>\n","protected":false},"author":1,"featured_media":251278,"comment_status":"open","ping_status":"open","sticky":false,"template":"","format":"standard","meta":{"_lmt_disableupdate":"","_lmt_disable":"","footnotes":""},"categories":[],"tags":[],"class_list":["post-64439","post","type-post","status-publish","format-standard","has-post-thumbnail","hentry"],"_links":{"self":[{"href":"https:\/\/ucnoqta.az\/index.php?rest_route=\/wp\/v2\/posts\/64439","targetHints":{"allow":["GET"]}}],"collection":[{"href":"https:\/\/ucnoqta.az\/index.php?rest_route=\/wp\/v2\/posts"}],"about":[{"href":"https:\/\/ucnoqta.az\/index.php?rest_route=\/wp\/v2\/types\/post"}],"author":[{"embeddable":true,"href":"https:\/\/ucnoqta.az\/index.php?rest_route=\/wp\/v2\/users\/1"}],"replies":[{"embeddable":true,"href":"https:\/\/ucnoqta.az\/index.php?rest_route=%2Fwp%2Fv2%2Fcomments&post=64439"}],"version-history":[{"count":0,"href":"https:\/\/ucnoqta.az\/index.php?rest_route=\/wp\/v2\/posts\/64439\/revisions"}],"wp:featuredmedia":[{"embeddable":true,"href":"https:\/\/ucnoqta.az\/index.php?rest_route=\/wp\/v2\/media\/251278"}],"wp:attachment":[{"href":"https:\/\/ucnoqta.az\/index.php?rest_route=%2Fwp%2Fv2%2Fmedia&parent=64439"}],"wp:term":[{"taxonomy":"category","embeddable":true,"href":"https:\/\/ucnoqta.az\/index.php?rest_route=%2Fwp%2Fv2%2Fcategories&post=64439"},{"taxonomy":"post_tag","embeddable":true,"href":"https:\/\/ucnoqta.az\/index.php?rest_route=%2Fwp%2Fv2%2Ftags&post=64439"}],"curies":[{"name":"wp","href":"https:\/\/api.w.org\/{rel}","templated":true}]}}