{"id":64432,"date":"2018-05-19T11:06:44","date_gmt":"2018-05-19T07:06:44","guid":{"rendered":""},"modified":"-0001-11-30T00:00:00","modified_gmt":"-0001-11-29T20:00:00","slug":"","status":"publish","type":"post","link":"https:\/\/ucnoqta.az\/?p=64432","title":{"rendered":"\u00dclvi Mehdiyev: <font color=red><b>\u201c2020-ci ild\u0259 \u201cASAN Xidm\u0259t\u201d Az\u0259rbaycan\u0131 tam \u0259hat\u0259 ed\u0259c\u0259k\u201d<\/b><\/font>"},"content":{"rendered":"<p>\u201c2020-ci ild\u0259 \u201cASAN Xidm\u0259t\u201d Az\u0259rbaycan\u0131\u00a0tam \u0259hat\u0259 ed\u0259c\u0259k v\u0259 h\u0259r bir Az\u0259rbaycan v\u0259t\u0259nda\u015f\u0131 \u201cASAN Xidm\u0259t\u201dd\u0259n yararlana bil\u0259c\u0259k\u201d.\u00a0<\/p>\n<p>Bunu Az\u0259rbaycan Respublikas\u0131n\u0131n Prezidenti yan\u0131nda V\u0259t\u0259nda\u015flara Xidm\u0259t v\u0259 Sosial \u0130nnovasiyalar \u00fczr\u0259 D\u00f6vl\u0259t Agentliyinin (\u201cASAN Xidm\u0259t\u201d) s\u0259dri \u00dclvi Mehdiyev deyib.<\/p>\n<p>O bildirib ki, 2020-ci il\u0259 q\u0259d\u0259r\u00a0\u201cASAN Xidm\u0259t\u201d\u00a0m\u0259rk\u0259zl\u0259rinin say\u0131\u00a020-y\u0259 \u00e7atd\u0131r\u0131lacaq: \u201cBu ilin pay\u0131z\u0131nda \u015e\u0259ki v\u0259 \u0130mi\u015flid\u0259ki regional m\u0259rk\u0259zl\u0259r istifad\u0259y\u0259 veril\u0259c\u0259k. M\u0259rk\u0259zl\u0259rin h\u0259r biri 500 mind\u0259n \u00e7ox \u0259haliy\u0259 xidm\u0259t g\u00f6st\u0259r\u0259c\u0259k. Prezident\u00a0\u0130lham \u018fliyevin tap\u015f\u0131r\u0131\u011f\u0131na uy\u011fun olaraq, n\u00f6vb\u0259ti d\u00f6vrd\u0259\u00a0daha 5 m\u0259rk\u0259zin tikilm\u0259si planla\u015fd\u0131r\u0131l\u0131b. Bu istiqam\u0259td\u0259 \u00e7ox intensiv i\u015fl\u0259r gedir\u201d.<\/p>\n<p>\u00dc.Mehdiyevin s\u00f6zl\u0259rin\u0259 g\u00f6r\u0259, D\u00f6vl\u0259t Agentliyi Az\u0259rbaycan v\u0259t\u0259nda\u015flar\u0131n\u0131n k\u00fctl\u0259vi istifad\u0259 etdikl\u0259ri xidm\u0259tl\u0259rin tam elektronla\u015fd\u0131r\u0131lmas\u0131n\u0131 v\u0259 v\u0259t\u0259nda\u015flar\u0131n \u201cASAN Xidm\u0259t\u201d m\u0259rk\u0259zl\u0259rin\u0259 getm\u0259d\u0259n bunlardan istifad\u0259 ed\u0259 bilm\u0259l\u0259rini qar\u015f\u0131ya m\u0259qs\u0259d qoyub: \u201cM\u0259qs\u0259dimiz\u0259 \u00e7atsaq, h\u0259r bir v\u0259t\u0259nda\u015f\u0131m\u0131z ofis v\u0259 evl\u0259rind\u0259n internet vasit\u0259si il\u0259 ist\u0259dikl\u0259ri xidm\u0259ti ala bil\u0259c\u0259kl\u0259r. Prezident \u0130lham \u018fliyev bu il mart ay\u0131n\u0131n 14-d\u0259 &#8220;Elektron h\u00f6kum\u0259tin inki\u015faf\u0131 v\u0259 r\u0259q\u0259msal h\u00f6kum\u0259t\u0259 ke\u00e7id il\u0259 ba\u011fl\u0131 t\u0259dbirl\u0259r haqq\u0131nda&#8221; f\u0259rman imzalay\u0131b. F\u0259rmana \u0259sas\u0259n, elektron h\u00f6kum\u0259t sah\u0259sind\u0259 d\u00f6vl\u0259t siyas\u0259tinin h\u0259yata ke\u00e7irilm\u0259si Az\u0259rbaycan Respublikas\u0131n\u0131n Prezidenti yan\u0131nda V\u0259t\u0259nda\u015flara Xidm\u0259t v\u0259 Sosial \u0130nnovasiyalar \u00fczr\u0259 D\u00f6vl\u0259t Agentliyin\u0259 tap\u015f\u0131r\u0131l\u0131b. Biz haz\u0131rda i\u015fl\u0259rimizi bu tap\u015f\u0131r\u0131q \u00e7\u0259r\u00e7iv\u0259sind\u0259 davam etdiririk\u201d.\u00a0<br \/>\nReport<\/p>\n","protected":false},"excerpt":{"rendered":"<p>\u201c2020-ci ild\u0259 \u201cASAN Xidm\u0259t\u201d Az\u0259rbaycan\u0131\u00a0tam \u0259hat\u0259 ed\u0259c\u0259k v\u0259 h\u0259r bir Az\u0259rbaycan v\u0259t\u0259nda\u015f\u0131 \u201cASAN Xidm\u0259t\u201dd\u0259n yararlana bil\u0259c\u0259k\u201d.\u00a0 Bunu Az\u0259rbaycan Respublikas\u0131n\u0131n Prezidenti yan\u0131nda V\u0259t\u0259nda\u015flara Xidm\u0259t v\u0259 Sosial \u0130nnovasiyalar \u00fczr\u0259 D\u00f6vl\u0259t Agentliyinin (\u201cASAN&hellip;<\/p>\n","protected":false},"author":1,"featured_media":251278,"comment_status":"open","ping_status":"open","sticky":false,"template":"","format":"standard","meta":{"_lmt_disableupdate":"","_lmt_disable":"","footnotes":""},"categories":[],"tags":[],"class_list":["post-64432","post","type-post","status-publish","format-standard","has-post-thumbnail","hentry"],"_links":{"self":[{"href":"https:\/\/ucnoqta.az\/index.php?rest_route=\/wp\/v2\/posts\/64432","targetHints":{"allow":["GET"]}}],"collection":[{"href":"https:\/\/ucnoqta.az\/index.php?rest_route=\/wp\/v2\/posts"}],"about":[{"href":"https:\/\/ucnoqta.az\/index.php?rest_route=\/wp\/v2\/types\/post"}],"author":[{"embeddable":true,"href":"https:\/\/ucnoqta.az\/index.php?rest_route=\/wp\/v2\/users\/1"}],"replies":[{"embeddable":true,"href":"https:\/\/ucnoqta.az\/index.php?rest_route=%2Fwp%2Fv2%2Fcomments&post=64432"}],"version-history":[{"count":0,"href":"https:\/\/ucnoqta.az\/index.php?rest_route=\/wp\/v2\/posts\/64432\/revisions"}],"wp:featuredmedia":[{"embeddable":true,"href":"https:\/\/ucnoqta.az\/index.php?rest_route=\/wp\/v2\/media\/251278"}],"wp:attachment":[{"href":"https:\/\/ucnoqta.az\/index.php?rest_route=%2Fwp%2Fv2%2Fmedia&parent=64432"}],"wp:term":[{"taxonomy":"category","embeddable":true,"href":"https:\/\/ucnoqta.az\/index.php?rest_route=%2Fwp%2Fv2%2Fcategories&post=64432"},{"taxonomy":"post_tag","embeddable":true,"href":"https:\/\/ucnoqta.az\/index.php?rest_route=%2Fwp%2Fv2%2Ftags&post=64432"}],"curies":[{"name":"wp","href":"https:\/\/api.w.org\/{rel}","templated":true}]}}