{"id":64429,"date":"2018-05-19T10:49:50","date_gmt":"2018-05-19T06:49:50","guid":{"rendered":""},"modified":"-0001-11-30T00:00:00","modified_gmt":"-0001-11-29T20:00:00","slug":"","status":"publish","type":"post","link":"https:\/\/ucnoqta.az\/?p=64429","title":{"rendered":"Daxili \u0130\u015fl\u0259r orqan\u0131nda yeni t\u0259yinatlar olub"},"content":{"rendered":"<p>Az\u0259rbaycan\u0131n iki rayonuna yeni polis r\u0259isi t\u0259yin edilib.<\/p>\n<p>\u00a0<\/p>\n<p>Ucnoqta.az APA-ya istinad\u0259n x\u0259b\u0259r verir ki, bu bar\u0259d\u0259 daxili i\u015fl\u0259r naziri, general-polkovnik Ramil Usubov m\u00fcvafiq \u0259mr imzalay\u0131b.<\/p>\n<p>\u018fmr\u0259 \u0259sas\u0259n, Ab\u015feron rayon Polis \u015e\u00f6b\u0259sinin r\u0259is m\u00fcavini, polis polkovniki Az\u0259r Cahangirov tutdu\u011fu v\u0259zif\u0259d\u0259n azad edil\u0259r\u0259k Astara rayon Polis \u015e\u00f6b\u0259sinin r\u0259isi v\u0259zif\u0259sin\u0259 t\u0259yinat al\u0131b.<\/p>\n<p>\u00a0<\/p>\n<p>Nazirin dig\u0259r \u0259mri il\u0259 X\u0131z\u0131 rayon Polis \u015e\u00f6b\u0259sinin cinay\u0259t axtar\u0131\u015f b\u00f6lm\u0259sinin r\u0259isi H\u0259mid H\u0259s\u0259nov is\u0259 X\u0131z\u0131 Rayon Polis \u015e\u00f6b\u0259sinin r\u0259isi t\u0259yin edilib.<\/p>\n<p>\u00a0<\/p>\n<p>Xat\u0131rladaq ki, Astaran\u0131n polis r\u0259isi olmu\u015f Adil H\u0259s\u0259nov v\u0259\u00a0X\u0131z\u0131 rayon Polis \u015e\u00f6b\u0259sinin r\u0259isi olmu\u015f Elmar Usubov bir ne\u00e7\u0259 g\u00fcn \u0259vv\u0259l xidm\u0259td\u0259 olman\u0131n son ya\u015f h\u0259ddi il\u0259 \u0259laq\u0259dar \u00a0t\u0259qa\u00fcd\u0259 g\u00f6nd\u0259rilib.<\/p>\n<p>\u00a0<\/p>\n<p>Qeyd ed\u0259k ki, Astaran\u0131n yeni r\u0259isi A. Cahangirov tan\u0131nm\u0131\u015f polis zabitidir. O, uzun ill\u0259r daxili i\u015fl\u0259r orqanlar\u0131nda \u00e7al\u0131\u015f\u0131b. A. Cahangirov Sabun\u00e7u Rayon Polis \u0130dar\u0259sinin 14-c\u00fc Polis B\u00f6lm\u0259sinin r\u0259isi v\u0259zif\u0259sind\u0259 \u00e7al\u0131\u015fark\u0259n h\u0259min vaxt Bak\u0131n\u0131n Nardaran v\u0259 dig\u0259r k\u0259ndl\u0259rind\u0259 bir s\u0131ra m\u00fct\u0259\u015f\u0259kkil cinay\u0259tkar d\u0259st\u0259 \u00fczvl\u0259rinin z\u0259r\u0259rsizl\u0259\u015fdirilm\u0259sind\u0259 yax\u0131ndan i\u015ftirak edib. Onun r\u0259hb\u0259rliyi il\u0259 ke\u00e7iril\u0259n \u0259m\u0259liyyatlarda x\u00fcsusil\u0259 a\u011f\u0131r cinay\u0259tl\u0259r t\u00f6r\u0259tmi\u015f \u015f\u0259xsl\u0259r tutularaq m\u0259suliyy\u0259t\u0259 c\u0259lb edilibl\u0259r.<\/p>\n","protected":false},"excerpt":{"rendered":"<p>Az\u0259rbaycan\u0131n iki rayonuna yeni polis r\u0259isi t\u0259yin edilib. \u00a0 Ucnoqta.az APA-ya istinad\u0259n x\u0259b\u0259r verir ki, bu bar\u0259d\u0259 daxili i\u015fl\u0259r naziri, general-polkovnik Ramil Usubov m\u00fcvafiq \u0259mr imzalay\u0131b. \u018fmr\u0259 \u0259sas\u0259n, Ab\u015feron rayon&hellip;<\/p>\n","protected":false},"author":1,"featured_media":251278,"comment_status":"open","ping_status":"open","sticky":false,"template":"","format":"standard","meta":{"_lmt_disableupdate":"","_lmt_disable":"","footnotes":""},"categories":[],"tags":[],"class_list":["post-64429","post","type-post","status-publish","format-standard","has-post-thumbnail","hentry"],"_links":{"self":[{"href":"https:\/\/ucnoqta.az\/index.php?rest_route=\/wp\/v2\/posts\/64429","targetHints":{"allow":["GET"]}}],"collection":[{"href":"https:\/\/ucnoqta.az\/index.php?rest_route=\/wp\/v2\/posts"}],"about":[{"href":"https:\/\/ucnoqta.az\/index.php?rest_route=\/wp\/v2\/types\/post"}],"author":[{"embeddable":true,"href":"https:\/\/ucnoqta.az\/index.php?rest_route=\/wp\/v2\/users\/1"}],"replies":[{"embeddable":true,"href":"https:\/\/ucnoqta.az\/index.php?rest_route=%2Fwp%2Fv2%2Fcomments&post=64429"}],"version-history":[{"count":0,"href":"https:\/\/ucnoqta.az\/index.php?rest_route=\/wp\/v2\/posts\/64429\/revisions"}],"wp:featuredmedia":[{"embeddable":true,"href":"https:\/\/ucnoqta.az\/index.php?rest_route=\/wp\/v2\/media\/251278"}],"wp:attachment":[{"href":"https:\/\/ucnoqta.az\/index.php?rest_route=%2Fwp%2Fv2%2Fmedia&parent=64429"}],"wp:term":[{"taxonomy":"category","embeddable":true,"href":"https:\/\/ucnoqta.az\/index.php?rest_route=%2Fwp%2Fv2%2Fcategories&post=64429"},{"taxonomy":"post_tag","embeddable":true,"href":"https:\/\/ucnoqta.az\/index.php?rest_route=%2Fwp%2Fv2%2Ftags&post=64429"}],"curies":[{"name":"wp","href":"https:\/\/api.w.org\/{rel}","templated":true}]}}