{"id":64418,"date":"2018-05-18T20:46:12","date_gmt":"2018-05-18T16:46:12","guid":{"rendered":""},"modified":"-0001-11-30T00:00:00","modified_gmt":"-0001-11-29T20:00:00","slug":"","status":"publish","type":"post","link":"https:\/\/ucnoqta.az\/?p=64418","title":{"rendered":"Mehriban \u018fliyeva: <font color=red><b>&#8220;Bu g\u00fcn multikulturalizm Az\u0259rbaycan\u0131n d\u00f6vl\u0259t siyas\u0259tidir&#8221;<\/b><\/font>"},"content":{"rendered":"<p>&#8220;Bu g\u00fcn multikulturalizm Az\u0259rbaycan\u0131n d\u00f6vl\u0259t siyas\u0259tidir&#8221;.\u00a0<\/p>\n<p>&#8220;Report&#8221;un m\u0259lumat\u0131na g\u00f6r\u0259, bunu Az\u0259rbaycan Respublikas\u0131n\u0131n Birinci vitse-prezidenti, UNESCO-nun xo\u015fm\u0259raml\u0131 s\u0259firi\u00a0Mehriban \u018fliyeva\u00a0may\u0131n 18-d\u0259\u00a0Parisd\u0259 UNESCO-nun ba\u015f q\u0259rargah\u0131nda 1999-2009-cu ill\u0259rd\u0259 t\u0259\u015fkilat\u0131n ba\u015f direktoru olmu\u015f Koi\u015firo Matsuuran\u0131n anadan olmas\u0131n\u0131n 80 illiyi m\u00fcnasib\u0259til\u0259 ke\u00e7iril\u0259n konfransda \u00e7\u0131x\u0131\u015f\u0131 zaman\u0131 bildirib.<\/p>\n<p>Birinci vitse-prezident deyib ki,\u00a0Q\u0259dim \u0130p\u0259k Yolunun m\u0259rk\u0259zind\u0259 yerl\u0259\u015f\u0259n Az\u0259rbaycan\u0131n fikirl\u0259rin payla\u015f\u0131ld\u0131\u011f\u0131 v\u0259 insanlar\u0131n dostluq m\u00fchitind\u0259 bir araya g\u0259ldiyi m\u0259kan kimi uzun tarixi var: &#8220;Sivilizasiya, m\u0259d\u0259niyy\u0259t v\u0259 dinl\u0259rin qovu\u015fu\u011funda yerl\u0259\u015f\u0259n bir \u00f6lk\u0259 kimi Az\u0259rbaycan m\u0259d\u0259niyy\u0259tl\u0259raras\u0131 dialoq, dig\u0259rl\u0259rin\u0259 qar\u015f\u0131 tolerantl\u0131q v\u0259 h\u00f6rm\u0259t n\u00f6qteyi-n\u0259z\u0259rind\u0259n beyn\u0259lxalq ictimaiyy\u0259t\u0259 bir \u00e7ox \u015feyl\u0259r t\u0259klif ed\u0259 bil\u0259r. Bu g\u00fcn multikulturalizm Az\u0259rbaycan\u0131n d\u00f6vl\u0259t siyas\u0259tidir v\u0259 biz multikulturalizm d\u0259y\u0259rl\u0259rinin t\u0259\u015fviqind\u0259 UNESCO da daxil olmaqla beyn\u0259lxalq ictimaiyy\u0259tl\u0259 \u0259m\u0259kda\u015fl\u0131q edirik. Burada m\u0259n Az\u0259rbaycan Respublikas\u0131 Prezidentinin t\u0259\u015f\u0259bb\u00fcs\u00fc il\u0259 ir\u0259li s\u00fcr\u00fcl\u0259n, m\u0259d\u0259niyy\u0259tl\u0259raras\u0131 v\u0259 dinl\u0259raras\u0131 dialoqun t\u0259\u015fviq olunmas\u0131nda h\u0259qiq\u0259t\u0259n d\u0259 qlobal platformaya \u00e7evril\u0259n \u201cBak\u0131 Prosesi\u201dni qeyd etm\u0259k ist\u0259yir\u0259m. \u018fvv\u0259la bu,\u00a0Avropa \u015euras\u0131na v\u0259 \u0130slam \u018fm\u0259kda\u015fl\u0131q T\u0259\u015fkilat\u0131na \u00fczv olan \u00f6lk\u0259l\u0259r aras\u0131nda \u0259m\u0259kda\u015fl\u0131q platformas\u0131 kimi ir\u0259li s\u00fcr\u00fclm\u00fc\u015fd\u00fc. 2008-ci ild\u0259 Az\u0259rbaycan bu iki beyn\u0259lxalq t\u0259\u015fkilat\u0131n \u00fczv\u00fc kimi Bak\u0131da \u0130slam \u018fm\u0259kda\u015fl\u0131q T\u0259\u015fkilat\u0131na v\u0259 Avropa \u015euras\u0131na \u00fczv olan \u00f6lk\u0259l\u0259rin m\u0259d\u0259niyy\u0259t nazirl\u0259rinin g\u00f6r\u00fc\u015f\u00fcn\u00fc ke\u00e7irdi. Bu proses bu g\u00fcn\u0259 kimi davam edir. Bu il biz \u201cBak\u0131 Prosesi\u201dnin 10-cu ild\u00f6n\u00fcm\u00fcn\u00fc qeyd edirik. UNESCO il\u0259 s\u0131x t\u0259r\u0259fda\u015fl\u0131q ed\u0259r\u0259k biz \u201cBak\u0131 Prosesi\u201d \u00e7\u0259r\u00e7iv\u0259sind\u0259 m\u0259d\u0259niyy\u0259tl\u0259raras\u0131 dialoq \u00fczr\u0259 4 d\u00fcnya forumunu m\u00fcv\u0259ff\u0259qiyy\u0259tl\u0259 ke\u00e7irdik v\u0259 bu i\u015fi g\u0259l\u0259c\u0259kd\u0259 d\u0259 davam etdirm\u0259y\u0259 haz\u0131r\u0131q&#8221;.<\/p>\n<p>M.\u018fliyeva vur\u011fulay\u0131b ki, insan potensial\u0131n\u0131n inki\u015faf\u0131 UNESCO-nun v\u0259 Az\u0259rbaycan\u0131n b\u00f6y\u00fck \u0259h\u0259miyy\u0259t verdiyi dig\u0259r sah\u0259dir: &#8220;Keyfiyy\u0259tli t\u0259hsil v\u0259 m\u0259d\u0259niyy\u0259t insan inki\u015faf\u0131 \u00fc\u00e7\u00fcn \u0259sas elementl\u0259rdir v\u0259 bu \u0259h\u0259miyy\u0259ti n\u0259z\u0259r\u0259 alaraq Az\u0259rbaycan \u201cEkspo 2025\u201d \u00dcmumd\u00fcnya S\u0259rgisini Bak\u0131da ke\u00e7irm\u0259k \u00fc\u00e7\u00fcn namiz\u0259dliyini ir\u0259li s\u00fcr\u0259r\u0259k \u201c\u0130nsan kapital\u0131n\u0131n inki\u015faf etdirilm\u0259si, daha yax\u015f\u0131 g\u0259l\u0259c\u0259yin qurulmas\u0131\u201d m\u00f6vzusunu se\u00e7ib. T\u0259klifimiz qalib g\u0259l\u0259rs\u0259, biz b\u00fct\u00fcn d\u00fcnyan\u0131 Bak\u0131ya g\u0259tirm\u0259y\u0259, dialoq v\u0259 \u0259m\u0259kda\u015fl\u0131\u011f\u0131n m\u00fcbadil\u0259si \u00fc\u00e7\u00fcn h\u0259qiq\u0259t\u0259n universal platforma yaratma\u011fa \u00fcmid edirik&#8221;.<\/p>\n","protected":false},"excerpt":{"rendered":"<p>&#8220;Bu g\u00fcn multikulturalizm Az\u0259rbaycan\u0131n d\u00f6vl\u0259t siyas\u0259tidir&#8221;.\u00a0 &#8220;Report&#8221;un m\u0259lumat\u0131na g\u00f6r\u0259, bunu Az\u0259rbaycan Respublikas\u0131n\u0131n Birinci vitse-prezidenti, UNESCO-nun xo\u015fm\u0259raml\u0131 s\u0259firi\u00a0Mehriban \u018fliyeva\u00a0may\u0131n 18-d\u0259\u00a0Parisd\u0259 UNESCO-nun ba\u015f q\u0259rargah\u0131nda 1999-2009-cu ill\u0259rd\u0259 t\u0259\u015fkilat\u0131n ba\u015f direktoru olmu\u015f Koi\u015firo Matsuuran\u0131n&hellip;<\/p>\n","protected":false},"author":1,"featured_media":251278,"comment_status":"open","ping_status":"open","sticky":false,"template":"","format":"standard","meta":{"_lmt_disableupdate":"","_lmt_disable":"","footnotes":""},"categories":[],"tags":[],"class_list":["post-64418","post","type-post","status-publish","format-standard","has-post-thumbnail","hentry"],"_links":{"self":[{"href":"https:\/\/ucnoqta.az\/index.php?rest_route=\/wp\/v2\/posts\/64418","targetHints":{"allow":["GET"]}}],"collection":[{"href":"https:\/\/ucnoqta.az\/index.php?rest_route=\/wp\/v2\/posts"}],"about":[{"href":"https:\/\/ucnoqta.az\/index.php?rest_route=\/wp\/v2\/types\/post"}],"author":[{"embeddable":true,"href":"https:\/\/ucnoqta.az\/index.php?rest_route=\/wp\/v2\/users\/1"}],"replies":[{"embeddable":true,"href":"https:\/\/ucnoqta.az\/index.php?rest_route=%2Fwp%2Fv2%2Fcomments&post=64418"}],"version-history":[{"count":0,"href":"https:\/\/ucnoqta.az\/index.php?rest_route=\/wp\/v2\/posts\/64418\/revisions"}],"wp:featuredmedia":[{"embeddable":true,"href":"https:\/\/ucnoqta.az\/index.php?rest_route=\/wp\/v2\/media\/251278"}],"wp:attachment":[{"href":"https:\/\/ucnoqta.az\/index.php?rest_route=%2Fwp%2Fv2%2Fmedia&parent=64418"}],"wp:term":[{"taxonomy":"category","embeddable":true,"href":"https:\/\/ucnoqta.az\/index.php?rest_route=%2Fwp%2Fv2%2Fcategories&post=64418"},{"taxonomy":"post_tag","embeddable":true,"href":"https:\/\/ucnoqta.az\/index.php?rest_route=%2Fwp%2Fv2%2Ftags&post=64418"}],"curies":[{"name":"wp","href":"https:\/\/api.w.org\/{rel}","templated":true}]}}