{"id":64417,"date":"2018-05-18T20:28:34","date_gmt":"2018-05-18T16:28:34","guid":{"rendered":""},"modified":"-0001-11-30T00:00:00","modified_gmt":"-0001-11-29T20:00:00","slug":"","status":"publish","type":"post","link":"https:\/\/ucnoqta.az\/?p=64417","title":{"rendered":"Mehriban \u018fliyeva Parisd\u0259 UNESCO-nun ba\u015f direktoru il\u0259 g\u00f6r\u00fc\u015f\u00fcb"},"content":{"rendered":"<p>Az\u0259rbaycan Respublikas\u0131n\u0131n Birinci vitse-prezidenti, UNESCO-nun xo\u015fm\u0259raml\u0131 s\u0259firi Mehriban \u018fliyeva Parisd\u0259 UNESCO-nun ba\u015f q\u0259rargah\u0131nda t\u0259\u015fkilat\u0131n ba\u015f direktoru Odre Azule il\u0259 g\u00f6r\u00fc\u015f\u00fcb.<\/p>\n<p>UNESCO-nun ba\u015f direktoru Odre Azule Az\u0259rbaycan\u0131n Birinci vitse-prezidenti Mehriban \u018fliyevaya Koi\u015firo Matsuuran\u0131n 80 illik yubileyi m\u00fcnasib\u0259til\u0259 t\u0259\u015fkil edil\u0259n t\u0259dbird\u0259 i\u015ftirak\u0131na g\u00f6r\u0259 minn\u0259tdarl\u0131\u011f\u0131n\u0131 bildirdi. Qeyd etdi ki, bu t\u0259dbir Koi\u015firo Matsuuran\u0131n 80 illiyi il\u0259 yana\u015f\u0131, \u00fcmumiyy\u0259tl\u0259, UNESCO-nun missiya, m\u0259qs\u0259d v\u0259 f\u0259aliyy\u0259tini t\u0259c\u0259ss\u00fcm etdirir.<\/p>\n<p>Ba\u015f direktor Odre Azule bu v\u0259zif\u0259y\u0259 se\u00e7il\u0259nd\u0259n sonra Az\u0259rbaycanla UNESCO aras\u0131ndak\u0131 m\u00fcnasib\u0259tl\u0259rin z\u0259ngin tarixini daha d\u0259rind\u0259n \u00f6yr\u0259ndiyini v\u0259 ikit\u0259r\u0259fli \u0259laq\u0259l\u0259rin y\u00fcks\u0259k s\u0259viyy\u0259d\u0259 inki\u015faf etdiyini diqq\u0259t\u0259 \u00e7atd\u0131rd\u0131. O, f\u0259aliyy\u0259ti d\u00f6vr\u00fcnd\u0259 d\u0259 ikit\u0259r\u0259fli m\u00fcnasib\u0259tl\u0259rin inki\u015faf\u0131na t\u00f6hf\u0259 ver\u0259c\u0259yini bildirdi.<\/p>\n<p>Az\u0259rbaycan\u0131n Birinci vitse-prezidenti, UNESCO-nun xo\u015fm\u0259raml\u0131 s\u0259firi Mehriban \u018fliyeva Az\u0259rbaycan Prezidenti \u0130lham \u018fliyevin t\u0259\u015f\u0259bb\u00fcs\u00fc olan \u201cBak\u0131 Prosesi\u201dnd\u0259n s\u00f6z a\u00e7araq, bu il h\u0259min prosesin 10 illiyinin qeyd olundu\u011funu vur\u011fulad\u0131. Birinci vitse-prezident bildirdi ki, 2019-cu ild\u0259 Bak\u0131da n\u00f6vb\u0259ti \u00dcmumd\u00fcnya M\u0259d\u0259niyy\u0259tl\u0259raras\u0131 Dialoq Forumu ke\u00e7iril\u0259c\u0259k. Son ill\u0259r \u0259rzind\u0259 Az\u0259rbaycan bu c\u00fcr m\u00f6t\u0259b\u0259r t\u0259dbirl\u0259r\u0259 ev sahibliyi etm\u0259si, h\u0259m\u00e7inin t\u0259hsil, elm v\u0259 m\u0259d\u0259niyy\u0259t sah\u0259l\u0259rind\u0259 m\u00fcxt\u0259lif layih\u0259l\u0259rd\u0259 i\u015ftirak\u0131 il\u0259 UNESCO-nun t\u0259\u015f\u0259bb\u00fcsl\u0259ri v\u0259 f\u0259aliyy\u0259tin\u0259 b\u00f6y\u00fck t\u00f6hf\u0259l\u0259r verib.<\/p>\n<p>Mehriban \u018fliyeva Az\u0259rbaycan m\u0259d\u0259ni irs n\u00fcmun\u0259l\u0259rinin UNESCO-nun \u00dcmumd\u00fcnya Qeyri-Maddi M\u0259d\u0259ni \u0130rs Siyah\u0131s\u0131na sal\u0131nmas\u0131na g\u00f6r\u0259 t\u0259\u015f\u0259kk\u00fcr\u00fcn\u00fc bildirdi.<\/p>\n<p>Birinci vitse-prezident Mehriban \u018fliyeva bu il Az\u0259rbaycan Xalq C\u00fcmhuriyy\u0259tinin 100 illik yubileyinin qeyd olundu\u011funu diqq\u0259t\u0259 \u00e7atd\u0131rd\u0131. Bildirdi ki, \u00f6t\u0259n 100 il \u0259rzind\u0259 Az\u0259rbaycan bir \u00e7ox nailiyy\u0259tl\u0259r \u0259ld\u0259 edib. Bunlardan \u0259n vacibi qad\u0131nlara se\u00e7ib-se\u00e7ilm\u0259k h\u00fcququnun verilm\u0259sidir ki, bu da UNESCO-nun m\u0259qs\u0259d v\u0259 m\u0259ramlar\u0131na, mandat\u0131na uy\u011fun m\u0259s\u0259l\u0259dir. Bununla \u0259laq\u0259dar bu il \u0259rzind\u0259 UNESCO il\u0259 birg\u0259 t\u0259dbirl\u0259rin t\u0259\u015fkili n\u0259z\u0259rd\u0259n ke\u00e7irildi. Ba\u015f direktor Odre Azule n\u0259z\u0259rd\u0259 tutulan t\u0259dbirl\u0259rin ke\u00e7irilm\u0259sin\u0259 d\u0259st\u0259k ver\u0259c\u0259yini bildirdi. O vur\u011fulad\u0131 ki, Az\u0259rbaycan Xalq C\u00fcmhuriyy\u0259tinin 100 illiyinin qeyd olunmas\u0131 v\u0259 \u0259ld\u0259 edil\u0259n nailiyy\u0259tl\u0259r t\u0259qdir\u0259layiqdir.<\/p>\n<p>Birinci vitse-prezident Mehriban \u018fliyeva ba\u015f direktor Odre Azuleni Az\u0259rbaycana s\u0259f\u0259r\u0259 d\u0259v\u0259t edib.<\/p>\n","protected":false},"excerpt":{"rendered":"<p>Az\u0259rbaycan Respublikas\u0131n\u0131n Birinci vitse-prezidenti, UNESCO-nun xo\u015fm\u0259raml\u0131 s\u0259firi Mehriban \u018fliyeva Parisd\u0259 UNESCO-nun ba\u015f q\u0259rargah\u0131nda t\u0259\u015fkilat\u0131n ba\u015f direktoru Odre Azule il\u0259 g\u00f6r\u00fc\u015f\u00fcb. UNESCO-nun ba\u015f direktoru Odre Azule Az\u0259rbaycan\u0131n Birinci vitse-prezidenti Mehriban \u018fliyevaya&hellip;<\/p>\n","protected":false},"author":1,"featured_media":251278,"comment_status":"open","ping_status":"open","sticky":false,"template":"","format":"standard","meta":{"_lmt_disableupdate":"","_lmt_disable":"","footnotes":""},"categories":[],"tags":[],"class_list":["post-64417","post","type-post","status-publish","format-standard","has-post-thumbnail","hentry"],"_links":{"self":[{"href":"https:\/\/ucnoqta.az\/index.php?rest_route=\/wp\/v2\/posts\/64417","targetHints":{"allow":["GET"]}}],"collection":[{"href":"https:\/\/ucnoqta.az\/index.php?rest_route=\/wp\/v2\/posts"}],"about":[{"href":"https:\/\/ucnoqta.az\/index.php?rest_route=\/wp\/v2\/types\/post"}],"author":[{"embeddable":true,"href":"https:\/\/ucnoqta.az\/index.php?rest_route=\/wp\/v2\/users\/1"}],"replies":[{"embeddable":true,"href":"https:\/\/ucnoqta.az\/index.php?rest_route=%2Fwp%2Fv2%2Fcomments&post=64417"}],"version-history":[{"count":0,"href":"https:\/\/ucnoqta.az\/index.php?rest_route=\/wp\/v2\/posts\/64417\/revisions"}],"wp:featuredmedia":[{"embeddable":true,"href":"https:\/\/ucnoqta.az\/index.php?rest_route=\/wp\/v2\/media\/251278"}],"wp:attachment":[{"href":"https:\/\/ucnoqta.az\/index.php?rest_route=%2Fwp%2Fv2%2Fmedia&parent=64417"}],"wp:term":[{"taxonomy":"category","embeddable":true,"href":"https:\/\/ucnoqta.az\/index.php?rest_route=%2Fwp%2Fv2%2Fcategories&post=64417"},{"taxonomy":"post_tag","embeddable":true,"href":"https:\/\/ucnoqta.az\/index.php?rest_route=%2Fwp%2Fv2%2Ftags&post=64417"}],"curies":[{"name":"wp","href":"https:\/\/api.w.org\/{rel}","templated":true}]}}