{"id":64411,"date":"2018-05-18T17:15:17","date_gmt":"2018-05-18T13:15:17","guid":{"rendered":""},"modified":"-0001-11-30T00:00:00","modified_gmt":"-0001-11-29T20:00:00","slug":"","status":"publish","type":"post","link":"https:\/\/ucnoqta.az\/?p=64411","title":{"rendered":"\u201cN\u0259f\u0259s Festival\u0131\u201d adl\u0131 konsert proqram\u0131 ke\u00e7irilir"},"content":{"rendered":"<p><strong>May\u0131n 24-d\u0259&nbsp; &ldquo;Elektra Events Hall&rdquo;-da m\u0259\u015fhurlar\u0131n i\u015ftirak\u0131 il\u0259 &ldquo;N\u0259f\u0259sfestival\u0131&rdquo; adl\u0131 m&ouml;ht\u0259\u015f\u0259m konsert proqram\u0131n\u0131n ke&ccedil;irilm\u0259si planla\u015fd\u0131r\u0131l\u0131r. <\/strong><\/p>\n<p>Konsertd\u0259 s\u0259hn\u0259mizin m\u0259\u015fhur s\u0259n\u0259t&ccedil;il\u0259rinin i\u015ftirak\u0131 n\u0259z\u0259rd\u0259 tutulur. Bel\u0259ki, m\u0259\u015fhurlardan Murad Arif, Elnar\u0259 X\u0259lilova, Ramil Nabran, Nigar Muharram, Samira Allahverdi, Ayaz Babayev, Nadir N\u0259\u011fd Pul, Nat\u0259van H\u0259bibi, Qurd, Nura Suri, Rauf \u018fhm\u0259dov, Kaz\u0131m Can, Elnar X\u0259lilov, Sima N\u0259sirova, Orxan R\u0259himzad\u0259, Aysel \u018flizad\u0259, Nahid\u0259 Baba\u015fl\u0131, Emil B\u0259d\u0259lov, MC K\u0259rim, DJ &Ccedil;ina, DJ Fanur v\u0259 DJ Ququ konsertd\u0259 i\u015ftirak ed\u0259c\u0259kl\u0259r.<\/p>\n<p>Qeyd ed\u0259k ki, festival xeyriyy\u0259 m\u0259qs\u0259dlidir v\u0259 \u0259ld\u0259 olunan g\u0259lir Tural Hac\u0131yev &uuml;&ccedil;&uuml;n &ldquo;Onu S\u0259n Ya\u015fat!&rdquo; devizi il\u0259 ba\u015flanan xeyriyy\u0259 aksiyas\u0131na y&ouml;nl\u0259ndiril\u0259c\u0259k.&nbsp;<\/p>\n<p>Biletl\u0259ri \u015f\u0259h\u0259rin b&uuml;t&uuml;n m\u0259rk\u0259zi kassalar\u0131ndan v\u0259 ASAN Xidm\u0259t m\u0259rk\u0259zl\u0259rind\u0259n 20 manata \u0259ld\u0259 ed\u0259 bil\u0259rsiniz. Daha \u0259trafl\u0131 m\u0259lumatlar\u0131\u0131www.xeyirxah.com sayt\u0131ndan v\u0259 077 288 36 66 mobil n&ouml;mr\u0259sind\u0259n \u0259ld\u0259 etm\u0259k m&uuml;mk&uuml;nd&uuml;r.<\/p>\n","protected":false},"excerpt":{"rendered":"<p>May\u0131n 24-d\u0259&nbsp; &ldquo;Elektra Events Hall&rdquo;-da m\u0259\u015fhurlar\u0131n i\u015ftirak\u0131 il\u0259 &ldquo;N\u0259f\u0259sfestival\u0131&rdquo; adl\u0131 m&ouml;ht\u0259\u015f\u0259m konsert proqram\u0131n\u0131n ke&ccedil;irilm\u0259si planla\u015fd\u0131r\u0131l\u0131r. Konsertd\u0259 s\u0259hn\u0259mizin m\u0259\u015fhur s\u0259n\u0259t&ccedil;il\u0259rinin i\u015ftirak\u0131 n\u0259z\u0259rd\u0259 tutulur. Bel\u0259ki, m\u0259\u015fhurlardan Murad Arif, Elnar\u0259 X\u0259lilova, Ramil Nabran,&hellip;<\/p>\n","protected":false},"author":1,"featured_media":251278,"comment_status":"open","ping_status":"open","sticky":false,"template":"","format":"standard","meta":{"_lmt_disableupdate":"","_lmt_disable":"","footnotes":""},"categories":[],"tags":[],"class_list":["post-64411","post","type-post","status-publish","format-standard","has-post-thumbnail","hentry"],"_links":{"self":[{"href":"https:\/\/ucnoqta.az\/index.php?rest_route=\/wp\/v2\/posts\/64411","targetHints":{"allow":["GET"]}}],"collection":[{"href":"https:\/\/ucnoqta.az\/index.php?rest_route=\/wp\/v2\/posts"}],"about":[{"href":"https:\/\/ucnoqta.az\/index.php?rest_route=\/wp\/v2\/types\/post"}],"author":[{"embeddable":true,"href":"https:\/\/ucnoqta.az\/index.php?rest_route=\/wp\/v2\/users\/1"}],"replies":[{"embeddable":true,"href":"https:\/\/ucnoqta.az\/index.php?rest_route=%2Fwp%2Fv2%2Fcomments&post=64411"}],"version-history":[{"count":0,"href":"https:\/\/ucnoqta.az\/index.php?rest_route=\/wp\/v2\/posts\/64411\/revisions"}],"wp:featuredmedia":[{"embeddable":true,"href":"https:\/\/ucnoqta.az\/index.php?rest_route=\/wp\/v2\/media\/251278"}],"wp:attachment":[{"href":"https:\/\/ucnoqta.az\/index.php?rest_route=%2Fwp%2Fv2%2Fmedia&parent=64411"}],"wp:term":[{"taxonomy":"category","embeddable":true,"href":"https:\/\/ucnoqta.az\/index.php?rest_route=%2Fwp%2Fv2%2Fcategories&post=64411"},{"taxonomy":"post_tag","embeddable":true,"href":"https:\/\/ucnoqta.az\/index.php?rest_route=%2Fwp%2Fv2%2Ftags&post=64411"}],"curies":[{"name":"wp","href":"https:\/\/api.w.org\/{rel}","templated":true}]}}