{"id":64409,"date":"2018-05-18T17:06:09","date_gmt":"2018-05-18T13:06:09","guid":{"rendered":""},"modified":"-0001-11-30T00:00:00","modified_gmt":"-0001-11-29T20:00:00","slug":"","status":"publish","type":"post","link":"https:\/\/ucnoqta.az\/?p=64409","title":{"rendered":"M\u00fcdafi\u0259 naziri: &#8220;Az\u0259rbaycan\u0131n iqtisadi y\u00fcks\u0259li\u015fi v\u0259 h\u0259rbi potensial\u0131n\u0131n artmas\u0131 Erm\u0259nistan\u0131 iflasa u\u011frad\u0131b&#8221;"},"content":{"rendered":"<p><strong>Az\u0259rbaycan Respublikas\u0131 Prezidentinin daxili v\u0259 xarici siyas\u0259ti n\u0259tic\u0259sind\u0259 &ouml;lk\u0259mizin iqtisadi y&uuml;ks\u0259li\u015fi v\u0259 h\u0259rbi potensial\u0131n\u0131n artmas\u0131 Erm\u0259nistan\u0131 iflasa u\u011frad\u0131b.<\/strong><\/p>\n<p>Ucnoqta.az x\u0259b\u0259r verir ki, M&uuml;dafi\u0259 Nazirliyind\u0259n&nbsp;veril\u0259n m\u0259lumata g&ouml;r\u0259, bunu M&uuml;dafi\u0259 naziri general-polkovnik Zakir H\u0259s\u0259nov birlik, birl\u0259\u015fm\u0259, h\u0259rbi hiss\u0259 komandirl\u0259ri v\u0259 x&uuml;susi t\u0259yinatl\u0131 h\u0259rbi t\u0259hsil m&uuml;\u0259ssis\u0259l\u0259ri r\u0259isl\u0259rinin \u015f\u0259xsi hey\u0259tl\u0259 i\u015f &uuml;zr\u0259 m&uuml;avinl\u0259rinin i\u015ftirak\u0131 il\u0259 &ldquo;M&uuml;asir d&ouml;y&uuml;\u015f&uuml;n m\u0259n\u0259vi-psixoloji t\u0259minat\u0131n\u0131n aktual probleml\u0259ri&rdquo; m&ouml;vzusunda seminarda deyib. ke&ccedil;irilib.<br \/>\nSeminarda \u0259vv\u0259lc\u0259 Az\u0259rbaycan xalq\u0131n\u0131n &uuml;mummilli lideri Heyd\u0259r \u018fliyevin v\u0259 &ouml;lk\u0259mizin \u0259razi b&uuml;t&ouml;vl&uuml;y&uuml; u\u011frunda \u015f\u0259hid olanlar\u0131n xatir\u0259si bir d\u0259qiq\u0259lik s&uuml;kutla yad edilib, D&ouml;vl\u0259t himni s\u0259sl\u0259ndirilib.<\/p>\n<p>D&ouml;y&uuml;\u015f v\u0259 m\u0259n\u0259vi-psixoloji haz\u0131rl\u0131q i\u015finin cari v\u0259ziyy\u0259ti il\u0259 ba\u011fl\u0131 geni\u015f t\u0259hlil aparan general-polkovnik Z.H\u0259s\u0259nov bu istiqam\u0259td\u0259 f\u0259aliyy\u0259tin y&uuml;ks\u0259k s\u0259viyy\u0259d\u0259 t\u0259\u015fkili, h\u0259rbi qulluq&ccedil;ular\u0131n milli-m\u0259n\u0259vi d\u0259y\u0259rl\u0259r ruhunda t\u0259rbiy\u0259 edilm\u0259si, m&uuml;asir silah v\u0259 texnikan\u0131 d\u0259rind\u0259n bilm\u0259l\u0259ri v\u0259 bir s\u0131ra dig\u0259r m\u0259s\u0259l\u0259l\u0259rl\u0259 ba\u011fl\u0131 fikirl\u0259rini b&ouml;l&uuml;\u015f&uuml;b.<\/p>\n<p>Ordumuzun qazand\u0131\u011f\u0131 nailiyy\u0259tl\u0259ri x&uuml;susi qeyd ed\u0259n M&uuml;dafi\u0259 naziri bu u\u011furlar\u0131n Az\u0259rbaycan Respublikas\u0131n\u0131n Prezidenti, Silahl\u0131 Q&uuml;vv\u0259l\u0259rin Ali Ba\u015f Komandan\u0131 \u0130lham \u018fliyevin ordu quruculu\u011fu prosesin\u0259 g&ouml;st\u0259rdiyi diqq\u0259t v\u0259 qay\u011f\u0131n\u0131n bariz n&uuml;mun\u0259si oldu\u011funu vur\u011fulay\u0131b.<\/p>\n<p>M&uuml;dafi\u0259 naziri bildirib ki, Az\u0259rbaycan Respublikas\u0131 Prezidentinin m\u0259qs\u0259dy&ouml;nl&uuml; daxili v\u0259 xarici siyas\u0259ti Erm\u0259nistan\u0131 b&uuml;t&uuml;n regional v\u0259 beyn\u0259lxalq iqtisadi layih\u0259l\u0259rd\u0259n t\u0259crid ed\u0259r\u0259k xarici yard\u0131mlardan as\u0131l\u0131 v\u0259ziyy\u0259t\u0259 sal\u0131b. Nazir x&uuml;susil\u0259 qeyd edib ki, Az\u0259rbaycan\u0131n iqtisadi y&uuml;ks\u0259li\u015fi v\u0259 h\u0259rbi potensial\u0131n\u0131n artmas\u0131 Erm\u0259nistan\u0131 iflasa u\u011frad\u0131b.<br \/>\nM&uuml;dafi\u0259 naziri d&ouml;y&uuml;\u015f v\u0259 m\u0259n\u0259vi-psixoloji haz\u0131rl\u0131q i\u015finin daim g&uuml;cl\u0259ndirilm\u0259si, t\u0259hl&uuml;k\u0259sizlik qaydalar\u0131na \u0259m\u0259l olunmas\u0131 v\u0259 say\u0131ql\u0131\u011f\u0131n art\u0131r\u0131lmas\u0131, h\u0259rbi qulluq&ccedil;ular aras\u0131nda f\u0259rdi t\u0259rbiy\u0259 i\u015finin d&uuml;zg&uuml;n apar\u0131lmas\u0131, qar\u015f\u0131l\u0131ql\u0131 m&uuml;nasib\u0259tl\u0259rin nizamnam\u0259l\u0259rin t\u0259l\u0259bl\u0259rin\u0259 uy\u011fun t\u0259\u015fkil edilm\u0259si v\u0259 dig\u0259r sah\u0259l\u0259rl\u0259 ba\u011fl\u0131 s\u0259yl\u0259rin art\u0131r\u0131lmas\u0131 istiqam\u0259tind\u0259 konkret tap\u015f\u0131r\u0131qlar\u0131n\u0131 verib.<\/p>\n<p>Sonra seminar\u0131n m&ouml;vzusu il\u0259 \u0259laq\u0259dar m\u0259ruz\u0259l\u0259r dinl\u0259nilib, i\u015ftirak&ccedil;\u0131lar fikir m&uuml;badil\u0259si apar\u0131b v\u0259 m\u0259n\u0259vi-psixoloji t\u0259minat\u0131n t\u0259kmill\u0259\u015fdirilm\u0259si il\u0259 ba\u011fl\u0131 t\u0259klifl\u0259r ir\u0259li s&uuml;r&uuml;l&uuml;b.<\/p>\n","protected":false},"excerpt":{"rendered":"<p>Az\u0259rbaycan Respublikas\u0131 Prezidentinin daxili v\u0259 xarici siyas\u0259ti n\u0259tic\u0259sind\u0259 &ouml;lk\u0259mizin iqtisadi y&uuml;ks\u0259li\u015fi v\u0259 h\u0259rbi potensial\u0131n\u0131n artmas\u0131 Erm\u0259nistan\u0131 iflasa u\u011frad\u0131b. Ucnoqta.az x\u0259b\u0259r verir ki, M&uuml;dafi\u0259 Nazirliyind\u0259n&nbsp;veril\u0259n m\u0259lumata g&ouml;r\u0259, bunu M&uuml;dafi\u0259 naziri general-polkovnik&hellip;<\/p>\n","protected":false},"author":1,"featured_media":251278,"comment_status":"open","ping_status":"open","sticky":false,"template":"","format":"standard","meta":{"_lmt_disableupdate":"","_lmt_disable":"","footnotes":""},"categories":[],"tags":[],"class_list":["post-64409","post","type-post","status-publish","format-standard","has-post-thumbnail","hentry"],"_links":{"self":[{"href":"https:\/\/ucnoqta.az\/index.php?rest_route=\/wp\/v2\/posts\/64409","targetHints":{"allow":["GET"]}}],"collection":[{"href":"https:\/\/ucnoqta.az\/index.php?rest_route=\/wp\/v2\/posts"}],"about":[{"href":"https:\/\/ucnoqta.az\/index.php?rest_route=\/wp\/v2\/types\/post"}],"author":[{"embeddable":true,"href":"https:\/\/ucnoqta.az\/index.php?rest_route=\/wp\/v2\/users\/1"}],"replies":[{"embeddable":true,"href":"https:\/\/ucnoqta.az\/index.php?rest_route=%2Fwp%2Fv2%2Fcomments&post=64409"}],"version-history":[{"count":0,"href":"https:\/\/ucnoqta.az\/index.php?rest_route=\/wp\/v2\/posts\/64409\/revisions"}],"wp:featuredmedia":[{"embeddable":true,"href":"https:\/\/ucnoqta.az\/index.php?rest_route=\/wp\/v2\/media\/251278"}],"wp:attachment":[{"href":"https:\/\/ucnoqta.az\/index.php?rest_route=%2Fwp%2Fv2%2Fmedia&parent=64409"}],"wp:term":[{"taxonomy":"category","embeddable":true,"href":"https:\/\/ucnoqta.az\/index.php?rest_route=%2Fwp%2Fv2%2Fcategories&post=64409"},{"taxonomy":"post_tag","embeddable":true,"href":"https:\/\/ucnoqta.az\/index.php?rest_route=%2Fwp%2Fv2%2Ftags&post=64409"}],"curies":[{"name":"wp","href":"https:\/\/api.w.org\/{rel}","templated":true}]}}