{"id":64405,"date":"2018-05-18T19:58:40","date_gmt":"2018-05-18T15:58:40","guid":{"rendered":""},"modified":"-0001-11-30T00:00:00","modified_gmt":"-0001-11-29T20:00:00","slug":"","status":"publish","type":"post","link":"https:\/\/ucnoqta.az\/?p=64405","title":{"rendered":"Manu Fernandes: <font color=red><b>\u201cQaraba\u011f\u201dla h\u0259r iki qar\u015f\u0131la\u015fma f\u0259lak\u0259t idi\u201d<\/b><\/font>"},"content":{"rendered":"<p><strong>&ldquo;Atletiko&rdquo; &Ccedil;empionlar Liqas\u0131nda a\u011f\u0131r qrupda yer alm\u0131\u015fd\u0131. &Uuml;st\u0259lik, hey\u0259tl\u0259 ba\u011fl\u0131 probleml\u0259ri d\u0259 var idi&rdquo;. <\/strong><\/p>\n<p>Ucnoqta.az&nbsp;Apasport.az-a istinad\u0259n x\u0259b\u0259r verir ki, bu s&ouml;zl\u0259r bel&ccedil;ikal\u0131 sabiq futbol&ccedil;u Manu Fernandes\u0259 m\u0259xsusdu. &ldquo;Atletiko&rdquo;nun Avropa Liqas\u0131n\u0131n qalibi olmas\u0131 d&uuml;nyan\u0131n bir &ccedil;ox idman medias\u0131n\u0131n diqq\u0259tini &ccedil;\u0259kib. Madridlil\u0259rin u\u011furuna Bel&ccedil;ikada da bigan\u0259 qalmay\u0131blar. Fernandes is\u0259 bununla ba\u011fl\u0131 yerli K\u0130V-l\u0259rin birind\u0259 m\u0259qal\u0259 d\u0259rc edib. O, yaz\u0131s\u0131nda &ldquo;Atletiko&rdquo;nun u\u011furunu d\u0259y\u0259rl\u0259ndirib.<br \/>\nHaz\u0131rda futbol \u015f\u0259rh&ccedil;isi kimi f\u0259aliyy\u0259t g&ouml;st\u0259r\u0259n 60 ya\u015fl\u0131 idman m&uuml;t\u0259x\u0259ssis ispanlar\u0131n &Ccedil;empionlar Liqas\u0131n\u0131n qrup m\u0259rh\u0259l\u0259sind\u0259 &ldquo;Qaraba\u011f&rdquo;la ke&ccedil;irdiyi oyunlar\u0131 da xat\u0131rlay\u0131b: &ldquo;Az qala &ldquo;Qaraba\u011f&rdquo;la oyunlar\u0131 unudacaqd\u0131m. Az\u0259rbaycan klubu il\u0259 qar\u015f\u0131la\u015fmalarda \u0130spaniya t\u0259msil&ccedil;isi xal itkil\u0259rin\u0259 m\u0259ruz qald\u0131. H\u0259tta dey\u0259rdim ki, &ldquo;Qaraba\u011f&rdquo;a qar\u015f\u0131 h\u0259min oyunlar f\u0259lak\u0259t idi. Lakin q\u0131\u015fda b\u0259zi y&uuml;ks\u0259k s\u0259viyy\u0259li futbol&ccedil;ular\u0131n kollektiv\u0259 qat\u0131lmas\u0131 is\u0259 madridlil\u0259r daha da g&uuml;cl\u0259ndi. Dieqo Kostan\u0131n h\u0259min vaxt meydana &ccedil;\u0131xmad\u0131\u011f\u0131n\u0131 x&uuml;susi vur\u011fulamaq laz\u0131md\u0131&rdquo;.<\/p>\n<p>Qeyd ed\u0259k ki, &ldquo;Atletiko&rdquo; finalda &ldquo;Marsel&rdquo; &uuml;z\u0259rind\u0259 3:0 hesabl\u0131 q\u0259l\u0259b\u0259 qazan\u0131b.<\/p>\n","protected":false},"excerpt":{"rendered":"<p>&ldquo;Atletiko&rdquo; &Ccedil;empionlar Liqas\u0131nda a\u011f\u0131r qrupda yer alm\u0131\u015fd\u0131. &Uuml;st\u0259lik, hey\u0259tl\u0259 ba\u011fl\u0131 probleml\u0259ri d\u0259 var idi&rdquo;. Ucnoqta.az&nbsp;Apasport.az-a istinad\u0259n x\u0259b\u0259r verir ki, bu s&ouml;zl\u0259r bel&ccedil;ikal\u0131 sabiq futbol&ccedil;u Manu Fernandes\u0259 m\u0259xsusdu. &ldquo;Atletiko&rdquo;nun Avropa Liqas\u0131n\u0131n&hellip;<\/p>\n","protected":false},"author":1,"featured_media":251278,"comment_status":"open","ping_status":"open","sticky":false,"template":"","format":"standard","meta":{"_lmt_disableupdate":"","_lmt_disable":"","footnotes":""},"categories":[90],"tags":[],"class_list":["post-64405","post","type-post","status-publish","format-standard","has-post-thumbnail","hentry","category-idman-butun-xeberler"],"_links":{"self":[{"href":"https:\/\/ucnoqta.az\/index.php?rest_route=\/wp\/v2\/posts\/64405","targetHints":{"allow":["GET"]}}],"collection":[{"href":"https:\/\/ucnoqta.az\/index.php?rest_route=\/wp\/v2\/posts"}],"about":[{"href":"https:\/\/ucnoqta.az\/index.php?rest_route=\/wp\/v2\/types\/post"}],"author":[{"embeddable":true,"href":"https:\/\/ucnoqta.az\/index.php?rest_route=\/wp\/v2\/users\/1"}],"replies":[{"embeddable":true,"href":"https:\/\/ucnoqta.az\/index.php?rest_route=%2Fwp%2Fv2%2Fcomments&post=64405"}],"version-history":[{"count":0,"href":"https:\/\/ucnoqta.az\/index.php?rest_route=\/wp\/v2\/posts\/64405\/revisions"}],"wp:featuredmedia":[{"embeddable":true,"href":"https:\/\/ucnoqta.az\/index.php?rest_route=\/wp\/v2\/media\/251278"}],"wp:attachment":[{"href":"https:\/\/ucnoqta.az\/index.php?rest_route=%2Fwp%2Fv2%2Fmedia&parent=64405"}],"wp:term":[{"taxonomy":"category","embeddable":true,"href":"https:\/\/ucnoqta.az\/index.php?rest_route=%2Fwp%2Fv2%2Fcategories&post=64405"},{"taxonomy":"post_tag","embeddable":true,"href":"https:\/\/ucnoqta.az\/index.php?rest_route=%2Fwp%2Fv2%2Ftags&post=64405"}],"curies":[{"name":"wp","href":"https:\/\/api.w.org\/{rel}","templated":true}]}}