{"id":64393,"date":"2018-05-18T19:11:17","date_gmt":"2018-05-18T15:11:17","guid":{"rendered":""},"modified":"-0001-11-30T00:00:00","modified_gmt":"-0001-11-29T20:00:00","slug":"","status":"publish","type":"post","link":"https:\/\/ucnoqta.az\/?p=64393","title":{"rendered":"L\u00fcksemburqda Nizami G\u0259nc\u0259vinin an\u0131m g\u00fcn\u00fc ke\u00e7irilib"},"content":{"rendered":"<p><strong>L&uuml;ksemburq \u015f\u0259h\u0259rind\u0259 Az\u0259rbaycan\u0131n Bel&ccedil;ika Krall\u0131\u011f\u0131 v\u0259 L&uuml;ksemburq B&ouml;y&uuml;k Hersoqlu\u011fundak\u0131 s\u0259firliyi, Rusiyan\u0131n L&uuml;ksemburq B&ouml;y&uuml;k Hersoqlu\u011fundak\u0131 s\u0259firliyi v\u0259 L&uuml;ksemburqda f\u0259aliyy\u0259t g&ouml;st\u0259r\u0259n &ldquo;Qaraba\u011f&rdquo; M\u0259d\u0259niyy\u0259t C\u0259miyy\u0259tinin t\u0259\u015f\u0259bb&uuml;s&uuml; il\u0259 b&ouml;y&uuml;k Az\u0259rbaycan m&uuml;t\u0259f\u0259kkiri v\u0259 \u015fairi Nizami G\u0259nc\u0259vinin an\u0131m g&uuml;n&uuml; ke&ccedil;irilib.<\/strong><\/p>\n<p>Ucnoqta.az x\u0259b\u0259r verir ki. s\u0259firlikd\u0259n Trend-\u0259 veril\u0259n m\u0259lumata g&ouml;r\u0259, t\u0259dbir &ccedil;\u0259r&ccedil;iv\u0259sind\u0259 ilk &ouml;nc\u0259 Nizami G\u0259nc\u0259vinin Rusiyan\u0131n L&uuml;ksemburqdak\u0131 s\u0259firliyinin \u0259razisind\u0259 yerl\u0259\u015f\u0259n heyk\u0259linin &ouml;n&uuml;n\u0259 \u0259klil qoyulub.<\/p>\n<p>Daha sonra &ccedil;\u0131x\u0131\u015f ed\u0259n s\u0259fir Fuad \u0130sg\u0259nd\u0259rov bir t\u0259r\u0259fd\u0259n Avropa \u0130ttifaq\u0131n\u0131n &uuml;zv&uuml; olan L&uuml;ksemburqun, dig\u0259r t\u0259r\u0259fd\u0259n is\u0259 Rusiya S\u0259firliyinin \u0259razisind\u0259 dahi Az\u0259rbaycan \u015fairi Nizami G\u0259nc\u0259vinin abid\u0259sinin ucalmas\u0131n\u0131n r\u0259mzi m\u0259na da\u015f\u0131d\u0131\u011f\u0131n\u0131 bildirib v\u0259 bunu Az\u0259rbaycan\u0131n h\u0259m Rusiya, h\u0259m d\u0259 Avropa xalqlar\u0131 il\u0259 dostlu\u011funun n&uuml;mun\u0259si kimi s\u0259ciyy\u0259l\u0259ndirib. S\u0259fir vur\u011fulay\u0131b ki, 1980-ci ill\u0259rin \u0259vv\u0259ll\u0259rind\u0259 Az\u0259rbaycan t\u0259r\u0259finin t\u0259\u015f\u0259bb&uuml;s&uuml; v\u0259 i\u015ftirak\u0131 il\u0259 haz\u0131rlanm\u0131\u015f abid\u0259nin r\u0259smi a&ccedil;\u0131l\u0131\u015f\u0131 ke&ccedil;mi\u015f Sovet \u0130ttifaq\u0131n\u0131n Benelux &ouml;lk\u0259l\u0259rind\u0259 m\u0259d\u0259niyy\u0259t g&uuml;nl\u0259ri &ccedil;\u0259r&ccedil;iv\u0259sind\u0259 t\u0259\u015fkil edilib. &Uuml;mummilli Lider Heyd\u0259r \u018fliyev Bel&ccedil;ika v\u0259 L&uuml;ksemburqa 1996-c\u0131 ild\u0259 etdiyi s\u0259f\u0259ri zaman\u0131 abid\u0259ni ziyar\u0259t edib, heyk\u0259lin tarixi v\u0259 siyasi \u0259h\u0259miyy\u0259tini y&uuml;ks\u0259k qiym\u0259tl\u0259ndirib.<\/p>\n<p>Rusiya s\u0259firi Viktor Sorokin &ouml;z &ccedil;\u0131x\u0131\u015f\u0131nda Nizami G\u0259nc\u0259vinin an\u0131m g&uuml;n&uuml;n&uuml;n \u0259n\u0259n\u0259vi qaydada dahi m&uuml;t\u0259f\u0259kkirin abid\u0259si &ouml;n&uuml;nd\u0259 ke&ccedil;irilm\u0259sinin &ouml;n\u0259mind\u0259n b\u0259hs ed\u0259r\u0259k, bu kimi t\u0259dbirl\u0259rin dost &ouml;lk\u0259l\u0259rimizi bir-birin\u0259 daha da yax\u0131nla\u015fd\u0131ran add\u0131mlar oldu\u011funu diqq\u0259t\u0259 &ccedil;atd\u0131r\u0131b.<br \/>\nT\u0259dbird\u0259 diplomatik korpusun r\u0259hb\u0259rl\u0259ri v\u0259 onlar\u0131n ail\u0259 &uuml;zvl\u0259ri, L&uuml;ksemburqda ya\u015fayan Az\u0259rbaycan diasporunun n&uuml;may\u0259nd\u0259l\u0259ri i\u015ftirak edibl\u0259r.<\/p>\n","protected":false},"excerpt":{"rendered":"<p>L&uuml;ksemburq \u015f\u0259h\u0259rind\u0259 Az\u0259rbaycan\u0131n Bel&ccedil;ika Krall\u0131\u011f\u0131 v\u0259 L&uuml;ksemburq B&ouml;y&uuml;k Hersoqlu\u011fundak\u0131 s\u0259firliyi, Rusiyan\u0131n L&uuml;ksemburq B&ouml;y&uuml;k Hersoqlu\u011fundak\u0131 s\u0259firliyi v\u0259 L&uuml;ksemburqda f\u0259aliyy\u0259t g&ouml;st\u0259r\u0259n &ldquo;Qaraba\u011f&rdquo; M\u0259d\u0259niyy\u0259t C\u0259miyy\u0259tinin t\u0259\u015f\u0259bb&uuml;s&uuml; il\u0259 b&ouml;y&uuml;k Az\u0259rbaycan m&uuml;t\u0259f\u0259kkiri v\u0259 \u015fairi Nizami&hellip;<\/p>\n","protected":false},"author":1,"featured_media":251278,"comment_status":"open","ping_status":"open","sticky":false,"template":"","format":"standard","meta":{"_lmt_disableupdate":"","_lmt_disable":"","footnotes":""},"categories":[102],"tags":[],"class_list":["post-64393","post","type-post","status-publish","format-standard","has-post-thumbnail","hentry","category-medeniyyet-butun-xeberler"],"_links":{"self":[{"href":"https:\/\/ucnoqta.az\/index.php?rest_route=\/wp\/v2\/posts\/64393","targetHints":{"allow":["GET"]}}],"collection":[{"href":"https:\/\/ucnoqta.az\/index.php?rest_route=\/wp\/v2\/posts"}],"about":[{"href":"https:\/\/ucnoqta.az\/index.php?rest_route=\/wp\/v2\/types\/post"}],"author":[{"embeddable":true,"href":"https:\/\/ucnoqta.az\/index.php?rest_route=\/wp\/v2\/users\/1"}],"replies":[{"embeddable":true,"href":"https:\/\/ucnoqta.az\/index.php?rest_route=%2Fwp%2Fv2%2Fcomments&post=64393"}],"version-history":[{"count":0,"href":"https:\/\/ucnoqta.az\/index.php?rest_route=\/wp\/v2\/posts\/64393\/revisions"}],"wp:featuredmedia":[{"embeddable":true,"href":"https:\/\/ucnoqta.az\/index.php?rest_route=\/wp\/v2\/media\/251278"}],"wp:attachment":[{"href":"https:\/\/ucnoqta.az\/index.php?rest_route=%2Fwp%2Fv2%2Fmedia&parent=64393"}],"wp:term":[{"taxonomy":"category","embeddable":true,"href":"https:\/\/ucnoqta.az\/index.php?rest_route=%2Fwp%2Fv2%2Fcategories&post=64393"},{"taxonomy":"post_tag","embeddable":true,"href":"https:\/\/ucnoqta.az\/index.php?rest_route=%2Fwp%2Fv2%2Ftags&post=64393"}],"curies":[{"name":"wp","href":"https:\/\/api.w.org\/{rel}","templated":true}]}}