{"id":64381,"date":"2018-05-18T18:43:29","date_gmt":"2018-05-18T14:43:29","guid":{"rendered":""},"modified":"-0001-11-30T00:00:00","modified_gmt":"-0001-11-29T20:00:00","slug":"","status":"publish","type":"post","link":"https:\/\/ucnoqta.az\/?p=64381","title":{"rendered":"S\u0259rh\u0259dd\u0259 baytarl\u0131q v\u0259 fitosanitar yoxlamalar zaman\u0131 &#8220;bir p\u0259nc\u0259r\u0259&#8221; prinsipi t\u0259tbiq olunacaq"},"content":{"rendered":"<p><strong>D&ouml;vl\u0259t G&ouml;mr&uuml;k Komit\u0259si (DGK) s\u0259rh\u0259dd\u0259 baytarl\u0131q v\u0259 fitosanitar n\u0259zar\u0259t zaman\u0131 &quot;bir p\u0259nc\u0259r\u0259&quot; prinsipi t\u0259tbiq ed\u0259c\u0259k.<\/strong><\/p>\n<p>Bu bar\u0259d\u0259 DGK-n\u0131n s\u0259dri S\u0259f\u0259r Mehdiyev 1-ci Bak\u0131 Beyn\u0259lxalq Qida T\u0259hl&uuml;k\u0259sizliyi Konfrans\u0131nda deyib. O bildirib: &quot;Bu, h\u0259min sah\u0259d\u0259 s&uuml;ni mane\u0259l\u0259rin qar\u015f\u0131s\u0131n\u0131 alma\u011fa imkan ver\u0259c\u0259k, bu sah\u0259d\u0259 ixrac-idxal \u0259m\u0259liyyatlar\u0131n\u0131 m&uuml;asir t\u0259l\u0259bl\u0259r \u0259sas\u0131nda icra etm\u0259y\u0259, m&uuml;vafiq prosedurlar\u0131n operativliyini t\u0259min etm\u0259y\u0259 v\u0259 s\u0259rh\u0259dd\u0259 n\u0259zar\u0259t-burax\u0131l\u0131\u015f m\u0259nt\u0259q\u0259l\u0259rind\u0259 burax\u0131l\u0131\u015f qabiliyy\u0259tini art\u0131rma\u011fa k&ouml;m\u0259k ed\u0259c\u0259k&rdquo;.<\/p>\n<p>Qeyd ed\u0259k ki, bu g&uuml;n Az\u0259rbaycan Qida T\u0259hl&uuml;k\u0259sizliyi Agentliyi, Avropa \u0130ttifaq\u0131n\u0131n Az\u0259rbaycan n&uuml;may\u0259nd\u0259liyi v\u0259 D&uuml;nya Bank\u0131n\u0131n Az\u0259rbaycandak\u0131 n&uuml;may\u0259nd\u0259liyi t\u0259r\u0259find\u0259n birg\u0259 t\u0259\u015fkil olunan 1-ci Bak\u0131 Beyn\u0259lxalq Qida T\u0259hl&uuml;k\u0259sizliyi Konfrans\u0131 &ouml;z i\u015fin\u0259 ba\u015flay\u0131b.<br \/>\n24-c&uuml; Az\u0259rbaycan Beyn\u0259lxalq Qida S\u0259nayesi &ldquo;WorldFood Azerbaijan 2018&rdquo; s\u0259rgisi il\u0259 paralel ke&ccedil;iril\u0259n konfrans\u0131n m\u0259qs\u0259di qida t\u0259hl&uuml;k\u0259sizliyi sah\u0259sind\u0259ki yenid\u0259nqurma i\u015fl\u0259rini inki\u015faf etdirm\u0259k &uuml;&ccedil;&uuml;n Az\u0259rbaycan h&ouml;k&uuml;m\u0259ti, qida s\u0259nayesi n&uuml;may\u0259nd\u0259l\u0259ri, beyn\u0259lxalq ticar\u0259t t\u0259r\u0259fda\u015flar\u0131 v\u0259 d&ouml;vl\u0259t n\u0259zar\u0259tini h\u0259yata ke&ccedil;ir\u0259n qurumlar\u0131 bir araya toplamaqd\u0131r.<\/p>\n","protected":false},"excerpt":{"rendered":"<p>D&ouml;vl\u0259t G&ouml;mr&uuml;k Komit\u0259si (DGK) s\u0259rh\u0259dd\u0259 baytarl\u0131q v\u0259 fitosanitar n\u0259zar\u0259t zaman\u0131 &quot;bir p\u0259nc\u0259r\u0259&quot; prinsipi t\u0259tbiq ed\u0259c\u0259k. Bu bar\u0259d\u0259 DGK-n\u0131n s\u0259dri S\u0259f\u0259r Mehdiyev 1-ci Bak\u0131 Beyn\u0259lxalq Qida T\u0259hl&uuml;k\u0259sizliyi Konfrans\u0131nda deyib. O bildirib:&hellip;<\/p>\n","protected":false},"author":1,"featured_media":251278,"comment_status":"open","ping_status":"open","sticky":false,"template":"","format":"standard","meta":{"_lmt_disableupdate":"","_lmt_disable":"","footnotes":""},"categories":[],"tags":[],"class_list":["post-64381","post","type-post","status-publish","format-standard","has-post-thumbnail","hentry"],"_links":{"self":[{"href":"https:\/\/ucnoqta.az\/index.php?rest_route=\/wp\/v2\/posts\/64381","targetHints":{"allow":["GET"]}}],"collection":[{"href":"https:\/\/ucnoqta.az\/index.php?rest_route=\/wp\/v2\/posts"}],"about":[{"href":"https:\/\/ucnoqta.az\/index.php?rest_route=\/wp\/v2\/types\/post"}],"author":[{"embeddable":true,"href":"https:\/\/ucnoqta.az\/index.php?rest_route=\/wp\/v2\/users\/1"}],"replies":[{"embeddable":true,"href":"https:\/\/ucnoqta.az\/index.php?rest_route=%2Fwp%2Fv2%2Fcomments&post=64381"}],"version-history":[{"count":0,"href":"https:\/\/ucnoqta.az\/index.php?rest_route=\/wp\/v2\/posts\/64381\/revisions"}],"wp:featuredmedia":[{"embeddable":true,"href":"https:\/\/ucnoqta.az\/index.php?rest_route=\/wp\/v2\/media\/251278"}],"wp:attachment":[{"href":"https:\/\/ucnoqta.az\/index.php?rest_route=%2Fwp%2Fv2%2Fmedia&parent=64381"}],"wp:term":[{"taxonomy":"category","embeddable":true,"href":"https:\/\/ucnoqta.az\/index.php?rest_route=%2Fwp%2Fv2%2Fcategories&post=64381"},{"taxonomy":"post_tag","embeddable":true,"href":"https:\/\/ucnoqta.az\/index.php?rest_route=%2Fwp%2Fv2%2Ftags&post=64381"}],"curies":[{"name":"wp","href":"https:\/\/api.w.org\/{rel}","templated":true}]}}