{"id":64379,"date":"2018-05-18T18:13:26","date_gmt":"2018-05-18T14:13:26","guid":{"rendered":""},"modified":"-0001-11-30T00:00:00","modified_gmt":"-0001-11-29T20:00:00","slug":"","status":"publish","type":"post","link":"https:\/\/ucnoqta.az\/?p=64379","title":{"rendered":"\u018ffvetm\u0259 \u015f\u0259xs\u0259 b\u0259ra\u0259t qazand\u0131ran v\u0259 cinay\u0259tin t\u00f6r\u0259dilm\u0259si fakt\u0131n\u0131 aradan g\u00f6t\u00fcr\u0259n hal deyil"},"content":{"rendered":"<p><strong>O m\u0259hkum olunmu\u015f \u015f\u0259xs\u0259 g&ouml;st\u0259ril\u0259n humanizmin t\u0259zah&uuml;r&uuml;d&uuml;r<\/strong><\/p>\n<p>Az\u0259rbaycan Respublikas\u0131n\u0131n Prezidenti yan\u0131nda \u018ffv M\u0259s\u0259l\u0259l\u0259ri Komissiyas\u0131n\u0131n iclas\u0131 ke&ccedil;irilib. Iclasda \u0259fvl\u0259 ba\u011fl\u0131 100-d\u0259n &ccedil;ox m&uuml;raci\u0259t\u0259 bax\u0131l\u0131b v\u0259 onlar\u0131n \u0259ks\u0259riyy\u0259tin\u0259 m&uuml;sb\u0259t r\u0259y verilib. Komissiyan\u0131n indiy\u0259d\u0259k ke&ccedil;iril\u0259n iclaslar\u0131nda 1100-d\u0259k m&uuml;raci\u0259t\u0259 bax\u0131l\u0131b.<\/p>\n<p>Qeyd ed\u0259k ki, komissiyan\u0131n iclaslar\u0131 yekunla\u015fandan sonra \u0259fv olunacaq \u015f\u0259xsl\u0259rin siyah\u0131s\u0131 Prezident\u0259 t\u0259qdim olunacaq.<br \/>\nMilli M\u0259clisin deputat\u0131, Yeni Az\u0259rbaycan Partiyas\u0131 (YAP) Siyasi \u015euras\u0131n\u0131n v\u0259 Prezident yan\u0131nda \u018ffv M\u0259s\u0259l\u0259l\u0259ri Komissiyas\u0131n\u0131n &uuml;zv&uuml; M\u0259lah\u0259t \u0130brahimq\u0131z\u0131 deyib ki, bu il imzalanacaq \u0259fv f\u0259rman\u0131 il\u0259 daha &ccedil;ox m\u0259hbusun azadl\u0131\u011fa qovu\u015faca\u011f\u0131 n\u0259z\u0259rd\u0259 tutulur: &ldquo;Az\u0259rbaycan Prezidenti yan\u0131nda \u018ffv M\u0259s\u0259l\u0259l\u0259ri Komissiyas\u0131 uzun ill\u0259rd\u0259n b\u0259ri f\u0259aliyy\u0259t g&ouml;st\u0259rir. Bu komissiya daim &ccedil;al\u0131\u015f\u0131r, m&uuml;raci\u0259tl\u0259r\u0259 bax\u0131r v\u0259 sair\u0259. &Ouml;lk\u0259 Prezidenti c\u0259nab \u0130lham \u018fliyev v\u0259 Birinci vitse-prezident Mehriban xan\u0131m \u018fliyeva da c\u0259zas\u0131n\u0131 &ccedil;\u0259k\u0259n m\u0259hbuslara qar\u015f\u0131 h&uuml;manizmin t\u0259r\u0259fdar\u0131 olub. Ona g&ouml;r\u0259 d\u0259 zaman-zaman y&uuml;zl\u0259rl\u0259 insan \u0259fv edilib. C\u0259zalar\u0131n h&uuml;manistl\u0259\u015fdirilm\u0259si il\u0259 ba\u011fl\u0131 &ouml;lk\u0259 ba\u015f&ccedil;\u0131s\u0131n\u0131n q\u0259bul etdiyi q\u0259rar\u0131 n\u0259z\u0259r\u0259 alsaq, o zaman bu il imzalanacaq \u0259fv f\u0259rman\u0131n\u0131n daha &ccedil;ox m\u0259hbusa \u015famil olunaca\u011f\u0131n\u0131 s&ouml;yl\u0259m\u0259k olar. D&ouml;vl\u0259t ba\u015f&ccedil;\u0131s\u0131 h\u0259r zaman oldu\u011fu kimi, bu il d\u0259 ail\u0259l\u0259ri sevindir\u0259c\u0259k q\u0259rara imza atacaq&rdquo;.<br \/>\nDeputat xat\u0131rlad\u0131b ki, 2017-ci ilin fevral\u0131nda &ouml;lk\u0259 Prezidenti t\u0259r\u0259find\u0259n c\u0259zalar\u0131n h&uuml;manistl\u0259\u015fm\u0259si il\u0259 ba\u011fl\u0131 &ccedil;ox m&uuml;h&uuml;m q\u0259rar q\u0259bul edilib: &ldquo;Az\u0259rbaycan Respublikas\u0131n\u0131n Cinay\u0259t M\u0259c\u0259ll\u0259sinin b&uuml;t&uuml;n madd\u0259l\u0259ri d\u0259 d&ouml;vl\u0259t ba\u015f&ccedil;\u0131s\u0131n\u0131n q\u0259bul etdiyi q\u0259rara uy\u011fun olaraq t\u0259kmill\u0259\u015fdirilir. T\u0259bii ki, b&uuml;t&uuml;n bunlar \u0259fv olunan insanlara \u015famil edilir \u0130n\u015fallah bu il daha &ccedil;ox m\u0259hbus Prezidentin imzalad\u0131\u011f\u0131 q\u0259rardan faydalanacaq&rdquo;.<\/p>\n<p>Komissiyan\u0131n &uuml;zv&uuml; \u018flim\u0259mm\u0259d Nuriyev is\u0259&nbsp; deyib ki, Konstitusiyaya g&ouml;r\u0259, \u0259fv f\u0259rman\u0131n\u0131n verilm\u0259si prezident \u0130lham \u018fliyevin s\u0259lahiyy\u0259tind\u0259dir. &ldquo;\u018ffv siyah\u0131s\u0131na kiml\u0259r d&uuml;\u015f\u0259c\u0259k bunu kims\u0259 dey\u0259 bilm\u0259z. Biz yaln\u0131z bu v\u0259 dig\u0259r \u015f\u0259xsl\u0259rl\u0259 ba\u011fl\u0131 m\u0259lumatlar\u0131 dinl\u0259yir v\u0259 q\u0259rar haz\u0131rlanmas\u0131 il\u0259 ba\u011fl\u0131 r\u0259y veririk. R\u0259yin n\u0259z\u0259r\u0259 al\u0131n\u0131b-al\u0131nmamas\u0131 c\u0259nab prezidentin s\u0259lahiyy\u0259tind\u0259 olan m\u0259s\u0259l\u0259dir. &Ccedil;&uuml;nki bu, prezidentin m&uuml;st\u0259sna s\u0259lahiyy\u0259tl\u0259rin\u0259 aiddir. Ona g&ouml;r\u0259 d\u0259 \u0259fv f\u0259rman\u0131n\u0131n \u015famil olunaca\u011f\u0131 \u015f\u0259xsl\u0259r siyah\u0131 yay\u0131landan sonra m\u0259lum olacaq&rdquo;.<br \/>\n\u018f.Nuriyev deyib ki, Komissiyan\u0131n pozitiv qiym\u0259tl\u0259ndirdiyi \u015f\u0259xs f\u0259rman zaman\u0131 n\u0259z\u0259r\u0259 al\u0131nmaya bil\u0259r: &ldquo;Prezident &ouml;z&uuml; uy\u011fun bildiyi \u015f\u0259xsin ad\u0131n\u0131n siyah\u0131ya sal\u0131nmas\u0131 q\u0259rar\u0131n\u0131 da ver\u0259 bil\u0259r. Dig\u0259r t\u0259r\u0259fd\u0259n, b&uuml;t&uuml;n m\u0259hkumlar bar\u0259d\u0259 olan m\u0259lumatlar konfedensiald\u0131r. \u015e\u0259xsi m\u0259lumatlar\u0131n yay\u0131lmas\u0131 is\u0259 qada\u011fand\u0131r. Ona g&ouml;r\u0259 d\u0259 siyah\u0131da kiml\u0259rin ad\u0131n\u0131n olaca\u011f\u0131n\u0131 a&ccedil;\u0131qlamaq do\u011fru deyil&rdquo;.<br \/>\nRespublikam\u0131z m&uuml;st\u0259qillik \u0259ld\u0259 etdikd\u0259n bu g&uuml;n\u0259 q\u0259d\u0259r 61 \u0259fv f\u0259rman\u0131 imzalan\u0131b. 7 mind\u0259n art\u0131q \u015f\u0259xs bu s\u0259r\u0259ncamlarla c\u0259zadan azad edilib, yaxud m&uuml;dd\u0259tli c\u0259za il\u0259 \u0259v\u0259zl\u0259nib. 2003-c&uuml; ild\u0259n bu g&uuml;n\u0259 q\u0259d\u0259r prezident \u0130lham \u018fliyev t\u0259r\u0259find\u0259n imzalanm\u0131\u015f \u0259fv f\u0259rmanlar\u0131 n\u0259tic\u0259sind\u0259 3700-\u0259 q\u0259d\u0259r \u015f\u0259xs c\u0259zadan azad edilib. Qeyd ed\u0259k ki, sonuncu \u0259fv f\u0259rman\u0131 2017-ci il mart\u0131n 16-da imzalan\u0131b v\u0259 423 n\u0259f\u0259r\u0259 \u015famil olunub. F\u0259rmanla azadl\u0131qdan m\u0259hrum etm\u0259 c\u0259zas\u0131na m\u0259hkum olunmu\u015f 412 n\u0259f\u0259r c\u0259zas\u0131n\u0131n &ccedil;\u0259kilm\u0259mi\u015f hiss\u0259sind\u0259n azad edilib. Bundan ba\u015fqa, &ouml;m&uuml;rl&uuml;k azadl\u0131qdan m\u0259hrum etm\u0259 c\u0259zas\u0131na m\u0259hkum edilmi\u015f iki n\u0259f\u0259rd\u0259n birinin c\u0259zas\u0131 25, dig\u0259rininki is\u0259 15 il m&uuml;dd\u0259t\u0259 azadl\u0131qdan m\u0259hrum etm\u0259 c\u0259zas\u0131 il\u0259 \u0259v\u0259zl\u0259nib. &Ouml;m&uuml;rl&uuml;k azadl\u0131qdan m\u0259hrum etm\u0259 c\u0259zas\u0131na m\u0259hkum edilmi\u015f v\u0259 c\u0259zas\u0131n\u0131n &ccedil;\u0259kilm\u0259si t\u0259xir\u0259 sal\u0131nm\u0131\u015f bir n\u0259f\u0259r c\u0259zadan azad edilib. H\u0259m&ccedil;inin azadl\u0131qdan m\u0259hrumetm\u0259 c\u0259zas\u0131na \u015f\u0259rti olaraq m\u0259hkum edilmi\u015f d&ouml;rd n\u0259f\u0259r c\u0259zadan azad olunub. Bir n\u0259f\u0259r islah i\u015fl\u0259ri c\u0259zas\u0131ndan, &uuml;&ccedil; n\u0259f\u0259r is\u0259 c\u0259rim\u0259 c\u0259zas\u0131ndan azad edilib. Bununla ba\u011fl\u0131 Yeni Az\u0259rbaycan Partiyas\u0131n\u0131n funksioneri, deputat Ayd\u0131n Mirz\u0259zad\u0259&nbsp; deyib ki, \u0259fv f\u0259rman\u0131 Az\u0259rbaycan d&ouml;vl\u0259tinin v\u0259 \u015f\u0259xs\u0259n prezident \u0130lham \u018fliyevin humanistliyinin g&ouml;st\u0259ricisidir. &ldquo;Sonuncu \u0259fv f\u0259rman\u0131 geni\u015f t\u0259rkiblidir v\u0259 423 n\u0259f\u0259ri \u0259hat\u0259 edir. B\u0259zi m\u0259hbuslar\u0131n &ouml;m&uuml;rl&uuml;k h\u0259bs c\u0259zalar\u0131 m&uuml;xt\u0259lif m&uuml;dd\u0259tli c\u0259za il\u0259 \u0259v\u0259zl\u0259nib. Birinci d\u0259f\u0259 deyil, indiy\u0259 q\u0259d\u0259r Az\u0259rbaycan prezidentinin imzlad\u0131\u011f\u0131 \u0259fv f\u0259rmanlar\u0131 il\u0259 minl\u0259rl\u0259 insan &ouml;z ail\u0259l\u0259rin\u0259 qovu\u015fub. Bu \u0259fv f\u0259rman\u0131 bir daha g&ouml;st\u0259rir ki, Az\u0259rbaycan d&ouml;vl\u0259ti &ouml;z v\u0259t\u0259nda\u015f\u0131n\u0131n maraqlar\u0131n\u0131 qoruyur, onlara yenid\u0259n \u015fans verir. B&uuml;t&uuml;n bunlar d&ouml;vl\u0259t&ccedil;iliyimizin mahiyy\u0259tind\u0259n, d&ouml;vl\u0259t ba\u015f&ccedil;\u0131s\u0131n\u0131n humanist siyas\u0259tind\u0259n ir\u0259li g\u0259lir. Hesab edir\u0259m ki, bundan sonra da bel\u0259 humanist add\u0131mlar davam ed\u0259c\u0259k&rdquo;. Mirz\u0259zad\u0259 qeyd edib ki, 2017-ci il fevral\u0131n 10-da Az\u0259rbaycan Prezidenti \u0130lham \u018fliyevin imzalad\u0131\u011f\u0131 &ldquo;Penitensiar sah\u0259d\u0259 f\u0259aliyy\u0259tin t\u0259kmill\u0259\u015fdirilm\u0259si, c\u0259za siyas\u0259tinin humanistl\u0259\u015fdirilm\u0259si v\u0259 c\u0259miyy\u0259td\u0259n t\u0259cridetm\u0259 il\u0259 \u0259laq\u0259dar olmayan alternativ c\u0259za v\u0259 prosessual m\u0259cburiyy\u0259t t\u0259dbirl\u0259rinin t\u0259tbiqinin geni\u015fl\u0259ndirilm\u0259si bar\u0259d\u0259&rdquo; s\u0259r\u0259ncam Az\u0259rbaycan d&ouml;vl\u0259tinin daha demokratik, humanist oldu\u011funundan x\u0259b\u0259r verir.<\/p>\n<p>Yuxar\u0131da qeyd edildiyi kimi \u0259fvetm\u0259 Prezidentinin m&uuml;st\u0259sna s\u0259lahiyy\u0259tin\u0259 aiddir. Az\u0259rbaycan Respublikas\u0131 Konstitusiyas\u0131n\u0131n 109-cu madd\u0259sinin 22-ci b\u0259ndi \u0259sas\u0131nda \u0259fvetm\u0259 Az\u0259rbaycan Respublikas\u0131 Prezidentinin m&uuml;st\u0259sna s\u0259lahiyy\u0259ti olmaqla, f\u0259rdi qaydada m&uuml;\u0259yy\u0259n edil\u0259n \u015f\u0259xsl\u0259r bar\u0259d\u0259 t\u0259tbiq olunur. \u018ffvetm\u0259 Az\u0259rbaycan Respublikas\u0131 m\u0259hk\u0259m\u0259l\u0259ri t\u0259r\u0259find\u0259n m\u0259hkum edilmi\u015f \u015f\u0259xsl\u0259r\u0259 v\u0259 ya ba\u015fqa d&ouml;vl\u0259tl\u0259rin m\u0259hk\u0259m\u0259l\u0259ri t\u0259r\u0259find\u0259n m\u0259hkum olunmu\u015f v\u0259 c\u0259zalar\u0131n\u0131 Az\u0259rbaycan Respublikas\u0131nda &ccedil;\u0259k\u0259n Az\u0259rbaycan Respublikas\u0131 v\u0259t\u0259nda\u015flar\u0131na, \u0259cn\u0259bil\u0259r\u0259 v\u0259 v\u0259t\u0259nda\u015fl\u0131\u011f\u0131 olmayan \u015f\u0259xsl\u0259r\u0259 t\u0259tbiq edilir. \u018ffverm\u0259 haqq\u0131nda \u0259sasnam\u0259nin 3-c&uuml; madd\u0259sind\u0259&nbsp; bildirilir ki,&nbsp; \u018ffvetm\u0259 haqq\u0131nda Az\u0259rbaycan Respublikas\u0131 Prezidentinin f\u0259rman\u0131 il\u0259 m\u0259hkum c\u0259zas\u0131n\u0131n qalan hiss\u0259sini &ccedil;\u0259km\u0259kd\u0259n azad edil\u0259 bil\u0259r; m\u0259hkuma t\u0259yin olunmu\u015f c\u0259zan\u0131n m&uuml;dd\u0259ti azald\u0131la bil\u0259r; m\u0259hkumun c\u0259zas\u0131n\u0131n &ccedil;\u0259kilm\u0259mi\u015f hiss\u0259si daha y&uuml;ng&uuml;l c\u0259za n&ouml;v&uuml; il\u0259 \u0259v\u0259z edil\u0259 bil\u0259r. Bundan ba\u015fqa, \u018ffvetm\u0259 haqq\u0131nda Az\u0259rbaycan Respublikas\u0131 Prezidentinin f\u0259rman\u0131 il\u0259 h\u0259m&ccedil;inin &ouml;m&uuml;rl&uuml;k azadl\u0131qdan m\u0259hkum olunmu\u015f \u015f\u0259xsin c\u0259zas\u0131 25 ild\u0259n &ccedil;ox olmayan m&uuml;dd\u0259t\u0259 azadl\u0131qdan m\u0259hrum etm\u0259 c\u0259zas\u0131 il\u0259 \u0259v\u0259z edil\u0259 bil\u0259r, habel\u0259 c\u0259zan\u0131 &ccedil;\u0259kmi\u015f \u015f\u0259xsin m\u0259hkumlu\u011fu g&ouml;t&uuml;r&uuml;l\u0259 bil\u0259r. \u018ffvetm\u0259 haqq\u0131nda Az\u0259rbaycan Respublikas\u0131 Prezidentinin f\u0259rman\u0131 m&uuml;vafiq d&ouml;vl\u0259t orqanlar\u0131 t\u0259r\u0259find\u0259n f\u0259rmanda g&ouml;st\u0259ril\u0259n m&uuml;dd\u0259alar\u0131n m&uuml;tl\u0259q qaydada icra edilm\u0259si &uuml;&ccedil;&uuml;n h&uuml;quqi \u0259sasd\u0131r.<\/p>\n<p>Onu da qeyd ed\u0259k ki. \u0259fvetm\u0259 \u015f\u0259xs\u0259 b\u0259ra\u0259t qazand\u0131ran v\u0259 cinay\u0259tin t&ouml;r\u0259dilm\u0259si fakt\u0131n\u0131 aradan g&ouml;t&uuml;r\u0259n hal deyil. O m\u0259hkum olunmu\u015f \u015f\u0259xs\u0259 g&ouml;st\u0259ril\u0259n humanizmin t\u0259zah&uuml;r&uuml;d&uuml;r. \u018fsasnam\u0259d\u0259 \u0259fvetm\u0259 bar\u0259d\u0259 m&uuml;raci\u0259tin kiml\u0259r t\u0259r\u0259find\u0259n verilm\u0259si d\u0259 &ouml;z \u0259ksini tap\u0131b. Bildirilir ki, \u0259fvetm\u0259 bar\u0259d\u0259 m&uuml;raci\u0259t m\u0259hkum olunmu\u015f \u015f\u0259xs, onun m&uuml;dafi\u0259&ccedil;isi, n&uuml;may\u0259nd\u0259si v\u0259 ya qanuni n&uuml;may\u0259nd\u0259si t\u0259r\u0259find\u0259n veril\u0259 bil\u0259r. M&uuml;raci\u0259t, bir qayda olaraq, a\u015fa\u011f\u0131dak\u0131 m&uuml;dd\u0259tl\u0259rd\u0259 veril\u0259 bil\u0259r: islah i\u015fl\u0259ri, azadl\u0131\u011f\u0131n m\u0259hdudla\u015fd\u0131r\u0131lmas\u0131, intizam xarakterli h\u0259rbi hiss\u0259d\u0259 saxlama, h\u0259rbi xidm\u0259t &uuml;zr\u0259 m\u0259hdudla\u015fd\u0131rma v\u0259 b&ouml;y&uuml;k ictimai t\u0259hl&uuml;k\u0259 t&ouml;r\u0259tm\u0259y\u0259n cinay\u0259t\u0259 g&ouml;r\u0259 azadl\u0131qdan m\u0259hrum etm\u0259 n&ouml;v&uuml;nd\u0259 c\u0259zaya m\u0259hkum olunmu\u015f \u015f\u0259xs bar\u0259d\u0259 &ndash; h&ouml;km qanuni q&uuml;vv\u0259y\u0259 mindikd\u0259n sonra;<\/p>\n<p>Bundan ba\u015fqa, az a\u011f\u0131r cinay\u0259t t&ouml;r\u0259tm\u0259y\u0259 g&ouml;r\u0259 azadl\u0131qdan m\u0259hrum etm\u0259 n&ouml;v&uuml;nd\u0259 c\u0259zaya m\u0259hkum edilmi\u015f \u015f\u0259xs bar\u0259d\u0259 &ndash; c\u0259za m&uuml;dd\u0259tinin \u0259n az\u0131 &uuml;&ccedil;d\u0259 bir hiss\u0259sini &ccedil;\u0259kdikd\u0259n sonra; a\u011f\u0131r v\u0259 x&uuml;susil\u0259 a\u011f\u0131r cinay\u0259t t&ouml;r\u0259tm\u0259y\u0259 g&ouml;r\u0259 azadl\u0131qdan m\u0259hrum etm\u0259 n&ouml;v&uuml;nd\u0259 c\u0259zaya m\u0259hkum edilmi\u015f \u015f\u0259xs bar\u0259d\u0259 &ndash; c\u0259za m&uuml;dd\u0259tinin \u0259n az\u0131 yar\u0131s\u0131n\u0131 &ccedil;\u0259kdikd\u0259n sonra; &ouml;m&uuml;rl&uuml;k azadl\u0131qdan m\u0259hrum etm\u0259 n&ouml;v&uuml;nd\u0259 c\u0259zaya m\u0259hkum olunmu\u015f \u015f\u0259xs bar\u0259d\u0259 &ndash; c\u0259zan\u0131n on il m&uuml;dd\u0259tini &ccedil;\u0259kdikd\u0259n sonra; m\u0259hkumlu\u011fun g&ouml;t&uuml;r&uuml;lm\u0259si bar\u0259d\u0259 &ndash; m\u0259hkum olunmu\u015f \u015f\u0259xs c\u0259zan\u0131 &ccedil;\u0259kdikd\u0259n sonra da veril\u0259 bil\u0259r.<\/p>\n","protected":false},"excerpt":{"rendered":"<p>O m\u0259hkum olunmu\u015f \u015f\u0259xs\u0259 g&ouml;st\u0259ril\u0259n humanizmin t\u0259zah&uuml;r&uuml;d&uuml;r Az\u0259rbaycan Respublikas\u0131n\u0131n Prezidenti yan\u0131nda \u018ffv M\u0259s\u0259l\u0259l\u0259ri Komissiyas\u0131n\u0131n iclas\u0131 ke&ccedil;irilib. Iclasda \u0259fvl\u0259 ba\u011fl\u0131 100-d\u0259n &ccedil;ox m&uuml;raci\u0259t\u0259 bax\u0131l\u0131b v\u0259 onlar\u0131n \u0259ks\u0259riyy\u0259tin\u0259 m&uuml;sb\u0259t r\u0259y verilib. Komissiyan\u0131n&hellip;<\/p>\n","protected":false},"author":1,"featured_media":251278,"comment_status":"open","ping_status":"open","sticky":false,"template":"","format":"standard","meta":{"_lmt_disableupdate":"","_lmt_disable":"","footnotes":""},"categories":[1],"tags":[],"class_list":["post-64379","post","type-post","status-publish","format-standard","has-post-thumbnail","hentry","category-esas"],"_links":{"self":[{"href":"https:\/\/ucnoqta.az\/index.php?rest_route=\/wp\/v2\/posts\/64379","targetHints":{"allow":["GET"]}}],"collection":[{"href":"https:\/\/ucnoqta.az\/index.php?rest_route=\/wp\/v2\/posts"}],"about":[{"href":"https:\/\/ucnoqta.az\/index.php?rest_route=\/wp\/v2\/types\/post"}],"author":[{"embeddable":true,"href":"https:\/\/ucnoqta.az\/index.php?rest_route=\/wp\/v2\/users\/1"}],"replies":[{"embeddable":true,"href":"https:\/\/ucnoqta.az\/index.php?rest_route=%2Fwp%2Fv2%2Fcomments&post=64379"}],"version-history":[{"count":0,"href":"https:\/\/ucnoqta.az\/index.php?rest_route=\/wp\/v2\/posts\/64379\/revisions"}],"wp:featuredmedia":[{"embeddable":true,"href":"https:\/\/ucnoqta.az\/index.php?rest_route=\/wp\/v2\/media\/251278"}],"wp:attachment":[{"href":"https:\/\/ucnoqta.az\/index.php?rest_route=%2Fwp%2Fv2%2Fmedia&parent=64379"}],"wp:term":[{"taxonomy":"category","embeddable":true,"href":"https:\/\/ucnoqta.az\/index.php?rest_route=%2Fwp%2Fv2%2Fcategories&post=64379"},{"taxonomy":"post_tag","embeddable":true,"href":"https:\/\/ucnoqta.az\/index.php?rest_route=%2Fwp%2Fv2%2Ftags&post=64379"}],"curies":[{"name":"wp","href":"https:\/\/api.w.org\/{rel}","templated":true}]}}