{"id":64378,"date":"2018-05-18T13:16:31","date_gmt":"2018-05-18T09:16:31","guid":{"rendered":""},"modified":"-0001-11-30T00:00:00","modified_gmt":"-0001-11-29T20:00:00","slug":"","status":"publish","type":"post","link":"https:\/\/ucnoqta.az\/?p=64378","title":{"rendered":"Oqtay \u018fs\u0259dov: <font color=red><b>\u201cA\u015ePA \u0259vv\u0259ll\u0259r d\u0259 Az\u0259rbaycana qar\u015f\u0131 sanksiya t\u0259tbiq edib, n\u0259tic\u0259si n\u0259 oldu?\u201d<\/b><\/font>"},"content":{"rendered":"<p><strong>&ldquo;Az\u0259rbaycana qar\u015f\u0131 A\u015ePA-da q\u0259bul edil\u0259n sanksiya ilk deyil. T\u0259\u0259ss&uuml;f ki, ad\u0131n\u0131 m\u0259tbuat orqan\u0131 qoyan b\u0259zi saytlar bunu ilk sanksiya kimi \u0259ld\u0259 bayraq edir&rdquo;.<\/strong><\/p>\n<p>Ucnoqta.az APA-ya istinad\u0259n x\u0259b\u0259r verir ki, bunu spiker Oqtay \u018fs\u0259dov Milli M\u0259clisin bu g&uuml;n ke&ccedil;iril\u0259n iclas\u0131nda bildirib. O qeyd edib ki, bel\u0259 bir sanksiya A\u015ePA-n\u0131n Az\u0259rbaycan Milli M\u0259clisind\u0259 ke&ccedil;iril\u0259n toplant\u0131s\u0131nda da q\u0259bul olunub: &ldquo;Amma n\u0259 d\u0259yi\u015fdi? He&ccedil; n\u0259. O vaxt A\u015ePA-n\u0131n iclas\u0131 Bak\u0131da ke&ccedil;iril\u0259nd\u0259 biz Qaraba\u011fa qanunsuz s\u0259f\u0259r ed\u0259n deputat\u0131n burada i\u015ftirak etm\u0259sin\u0259 icaz\u0259 verm\u0259dik. D\u0259rhal biz\u0259 qar\u015f\u0131 sanksiya t\u0259tbiq etdil\u0259r ki, iki il Bak\u0131da A\u015ePA-n\u0131n t\u0259dbirl\u0259rin\u0259 icaz\u0259 verilm\u0259y\u0259c\u0259k. N\u0259 oldu? Bir il sonra &ouml;zl\u0259ri pe\u015fman oldular. Bizd\u0259 iclas ke&ccedil;irm\u0259k ist\u0259dil\u0259r. M\u0259n dedim ki, biz sanksiya alt\u0131nday\u0131q, olmaz. \u0130ndi d\u0259 bel\u0259. Bu sanksiya da biz\u0259 t\u0259sir g&ouml;st\u0259rm\u0259y\u0259c\u0259k. S\u0259m\u0259d Seyidovun f\u0259aliyy\u0259tin\u0259 b\u0259l\u0259dik. Ona f\u0259aliyy\u0259tin\u0259 g&ouml;r\u0259 t\u0259\u015f\u0259kk&uuml;r edirik. O da, Az\u0259rbaycan n&uuml;may\u0259nd\u0259 hey\u0259ti d\u0259 f\u0259aliyy\u0259tini bundan sonra davam etdir\u0259c\u0259k. S\u0259m\u0259d, narahat olma. S\u0259n daha da m&ouml;hk\u0259m, daha da m&uuml;bariz ol&rdquo;.<\/p>\n","protected":false},"excerpt":{"rendered":"<p>&ldquo;Az\u0259rbaycana qar\u015f\u0131 A\u015ePA-da q\u0259bul edil\u0259n sanksiya ilk deyil. T\u0259\u0259ss&uuml;f ki, ad\u0131n\u0131 m\u0259tbuat orqan\u0131 qoyan b\u0259zi saytlar bunu ilk sanksiya kimi \u0259ld\u0259 bayraq edir&rdquo;. Ucnoqta.az APA-ya istinad\u0259n x\u0259b\u0259r verir ki, bunu&hellip;<\/p>\n","protected":false},"author":1,"featured_media":251278,"comment_status":"open","ping_status":"open","sticky":false,"template":"","format":"standard","meta":{"_lmt_disableupdate":"","_lmt_disable":"","footnotes":""},"categories":[],"tags":[],"class_list":["post-64378","post","type-post","status-publish","format-standard","has-post-thumbnail","hentry"],"_links":{"self":[{"href":"https:\/\/ucnoqta.az\/index.php?rest_route=\/wp\/v2\/posts\/64378","targetHints":{"allow":["GET"]}}],"collection":[{"href":"https:\/\/ucnoqta.az\/index.php?rest_route=\/wp\/v2\/posts"}],"about":[{"href":"https:\/\/ucnoqta.az\/index.php?rest_route=\/wp\/v2\/types\/post"}],"author":[{"embeddable":true,"href":"https:\/\/ucnoqta.az\/index.php?rest_route=\/wp\/v2\/users\/1"}],"replies":[{"embeddable":true,"href":"https:\/\/ucnoqta.az\/index.php?rest_route=%2Fwp%2Fv2%2Fcomments&post=64378"}],"version-history":[{"count":0,"href":"https:\/\/ucnoqta.az\/index.php?rest_route=\/wp\/v2\/posts\/64378\/revisions"}],"wp:featuredmedia":[{"embeddable":true,"href":"https:\/\/ucnoqta.az\/index.php?rest_route=\/wp\/v2\/media\/251278"}],"wp:attachment":[{"href":"https:\/\/ucnoqta.az\/index.php?rest_route=%2Fwp%2Fv2%2Fmedia&parent=64378"}],"wp:term":[{"taxonomy":"category","embeddable":true,"href":"https:\/\/ucnoqta.az\/index.php?rest_route=%2Fwp%2Fv2%2Fcategories&post=64378"},{"taxonomy":"post_tag","embeddable":true,"href":"https:\/\/ucnoqta.az\/index.php?rest_route=%2Fwp%2Fv2%2Ftags&post=64378"}],"curies":[{"name":"wp","href":"https:\/\/api.w.org\/{rel}","templated":true}]}}