{"id":64375,"date":"2018-05-18T12:59:17","date_gmt":"2018-05-18T08:59:17","guid":{"rendered":""},"modified":"-0001-11-30T00:00:00","modified_gmt":"-0001-11-29T20:00:00","slug":"","status":"publish","type":"post","link":"https:\/\/ucnoqta.az\/?p=64375","title":{"rendered":"S\u0259m\u0259d Seyidov: <font color=red><b>&#8220;A\u015ePA-n\u0131n sanksiyas\u0131na m\u0259ruz qalma\u011f\u0131mdan \u015f\u0259r\u0259f duyuram&#8221;<\/b><\/font>"},"content":{"rendered":"<p><strong>&ldquo;Bir insan kimi m\u0259nim &uuml;&ccedil;&uuml;n bu \u0259dal\u0259tsizlikl\u0259 &uuml;zl\u0259\u015fm\u0259k asan deyil. &Ccedil;&uuml;nki uzun ill\u0259r Avropada f\u0259aliyy\u0259t g&ouml;st\u0259rmi\u015f\u0259m, Avropa &ouml;lk\u0259l\u0259ri il\u0259 t\u0259masda f\u0259aliyy\u0259t g&ouml;st\u0259rmi\u015f\u0259m. \u0130ndi birlikd\u0259 i\u015fl\u0259diyim yerd\u0259n sanksiya il\u0259 &uuml;zl\u0259\u015fm\u0259k m\u0259nim &uuml;&ccedil;&uuml;n asan dey<\/strong>il&rdquo;.<\/p>\n<p>Ucnoqta.az APA-ya istinad\u0259n x\u0259b\u0259r verir ki, bunu Milli M\u0259clisin bu g&uuml;n ke&ccedil;iril\u0259n iclas\u0131nda Az\u0259rbaycan\u0131n A\u015ePA-da n&uuml;may\u0259nd\u0259 hey\u0259tinin r\u0259hb\u0259ri S\u0259m\u0259d Seyidov ona qar\u015f\u0131 qurumda t\u0259tbiq edil\u0259n sanksiya il\u0259 ba\u011fl\u0131 &ccedil;\u0131x\u0131\u015f\u0131nda deyib.<br \/>\nO qeyd edib ki, buna baxmayaraq, sanksiyaya m\u0259ruz qalmas\u0131ndan \u015f\u0259r\u0259f duyur: &ldquo;&Ccedil;&uuml;nki m\u0259n d&ouml;vl\u0259timin milli maraqlar\u0131 u\u011frunda f\u0259aliyy\u0259tim\u0259 g&ouml;r\u0259 bununla &uuml;zl\u0259\u015fmi\u015f\u0259m. Bu sanksiya Az\u0259rbaycana qar\u015f\u0131 ikili standartlar\u0131n n\u0259tic\u0259sidir. Nec\u0259 olur ki, etnik t\u0259mizl\u0259m\u0259 siyas\u0259ti aparan Erm\u0259nistana qar\u015f\u0131 he&ccedil; bir sanksiya t\u0259tbiq olunmur, amma Az\u0259rbaycana qar\u015f\u0131 sanksiyalar t\u0259tbiq edilir.<\/p>\n<p>Az\u0259rbaycan prezidentinin f\u0259aliyy\u0259ti, iri layih\u0259l\u0259rd\u0259 Az\u0259rbaycan\u0131n rol almas\u0131, TANAP layih\u0259sinin bir aydan sonra i\u015f\u0259 d&uuml;\u015fm\u0259si, B&ouml;y&uuml;k Britaniya il\u0259 m&uuml;qavil\u0259nin uzad\u0131lmas\u0131 d&ouml;vl\u0259timizin q&uuml;dr\u0259tini g&ouml;st\u0259rir v\u0259 he&ccedil; kim bunu sars\u0131da bilm\u0259z. S\u0259m\u0259d Seyidov bu g&uuml;n n&uuml;may\u0259nd\u0259 hey\u0259tinin r\u0259hb\u0259ridir, sabah s\u0131ravi bir insand\u0131r. Bizim balalar\u0131m\u0131z bu g&uuml;n c\u0259bh\u0259d\u0259 canlar\u0131n\u0131 qoyurlar, bizim siyasi c\u0259bh\u0259d\u0259 f\u0259aliyy\u0259timiz bundan &uuml;st&uuml;n deyil&rdquo;.<\/p>\n","protected":false},"excerpt":{"rendered":"<p>&ldquo;Bir insan kimi m\u0259nim &uuml;&ccedil;&uuml;n bu \u0259dal\u0259tsizlikl\u0259 &uuml;zl\u0259\u015fm\u0259k asan deyil. &Ccedil;&uuml;nki uzun ill\u0259r Avropada f\u0259aliyy\u0259t g&ouml;st\u0259rmi\u015f\u0259m, Avropa &ouml;lk\u0259l\u0259ri il\u0259 t\u0259masda f\u0259aliyy\u0259t g&ouml;st\u0259rmi\u015f\u0259m. \u0130ndi birlikd\u0259 i\u015fl\u0259diyim yerd\u0259n sanksiya il\u0259 &uuml;zl\u0259\u015fm\u0259k m\u0259nim&hellip;<\/p>\n","protected":false},"author":1,"featured_media":251278,"comment_status":"open","ping_status":"open","sticky":false,"template":"","format":"standard","meta":{"_lmt_disableupdate":"","_lmt_disable":"","footnotes":""},"categories":[86],"tags":[],"class_list":["post-64375","post","type-post","status-publish","format-standard","has-post-thumbnail","hentry","category-siyaset"],"_links":{"self":[{"href":"https:\/\/ucnoqta.az\/index.php?rest_route=\/wp\/v2\/posts\/64375","targetHints":{"allow":["GET"]}}],"collection":[{"href":"https:\/\/ucnoqta.az\/index.php?rest_route=\/wp\/v2\/posts"}],"about":[{"href":"https:\/\/ucnoqta.az\/index.php?rest_route=\/wp\/v2\/types\/post"}],"author":[{"embeddable":true,"href":"https:\/\/ucnoqta.az\/index.php?rest_route=\/wp\/v2\/users\/1"}],"replies":[{"embeddable":true,"href":"https:\/\/ucnoqta.az\/index.php?rest_route=%2Fwp%2Fv2%2Fcomments&post=64375"}],"version-history":[{"count":0,"href":"https:\/\/ucnoqta.az\/index.php?rest_route=\/wp\/v2\/posts\/64375\/revisions"}],"wp:featuredmedia":[{"embeddable":true,"href":"https:\/\/ucnoqta.az\/index.php?rest_route=\/wp\/v2\/media\/251278"}],"wp:attachment":[{"href":"https:\/\/ucnoqta.az\/index.php?rest_route=%2Fwp%2Fv2%2Fmedia&parent=64375"}],"wp:term":[{"taxonomy":"category","embeddable":true,"href":"https:\/\/ucnoqta.az\/index.php?rest_route=%2Fwp%2Fv2%2Fcategories&post=64375"},{"taxonomy":"post_tag","embeddable":true,"href":"https:\/\/ucnoqta.az\/index.php?rest_route=%2Fwp%2Fv2%2Ftags&post=64375"}],"curies":[{"name":"wp","href":"https:\/\/api.w.org\/{rel}","templated":true}]}}