{"id":64370,"date":"2018-05-18T11:01:10","date_gmt":"2018-05-18T07:01:10","guid":{"rendered":""},"modified":"-0001-11-30T00:00:00","modified_gmt":"-0001-11-29T20:00:00","slug":"","status":"publish","type":"post","link":"https:\/\/ucnoqta.az\/?p=64370","title":{"rendered":"Ming\u0259\u00e7evird\u0259 yol q\u0259zas\u0131nda 5 n\u0259f\u0259r x\u0259sar\u0259t al\u0131b"},"content":{"rendered":"<p><strong>Ming\u0259&ccedil;evir \u015f\u0259h\u0259rind\u0259 5 n\u0259f\u0259rin x\u0259sar\u0259t almas\u0131 il\u0259 n\u0259tic\u0259l\u0259n\u0259n yol-n\u0259qliyyat hadis\u0259si ba\u015f verib.<\/strong><\/p>\n<p>Ucnoqta.az APA-ya istinad\u0259n x\u0259b\u0259r verir ki, \u015f\u0259h\u0259rin M. Maqomayev prospektind\u0259 s&uuml;r\u0259tl\u0259 h\u0259r\u0259k\u0259t ed\u0259n &ldquo;Lada Priora&rdquo; markal\u0131 minik&nbsp; avtomobili yolun k\u0259nar\u0131nda dayanm\u0131\u015f &ldquo;VAZ-2106&rdquo; avtomobilin\u0259 &ccedil;\u0131rp\u0131laraq a\u015f\u0131b. Hadis\u0259 zaman\u0131 &ldquo;Lada Priora&rdquo;n\u0131n s&uuml;r&uuml;c&uuml;s&uuml;, 1983-c&uuml; il t\u0259v\u0259ll&uuml;dl&uuml; M\u0259rdanov El\u015f\u0259n Bakir o\u011flu, 1995-ci il t\u0259v\u0259ll&uuml;dl&uuml; Tanr\u0131verdiyeva K&ouml;n&uuml;l Nazim q\u0131z\u0131, onun bac\u0131s\u0131, 1997-ci il t\u0259v\u0259ll&uuml;dl&uuml; Elmira Tanr\u0131verdiyeva, 1991-ci il t\u0259v\u0259ll&uuml;dl&uuml; \u018fdilova Aysel \u015eamil qz\u0131 v\u0259 &ldquo;VAZ 2106&rdquo;n\u0131n s&uuml;r&uuml;c&uuml;s&uuml; m&uuml;xt\u0259lif d\u0259r\u0259c\u0259li b\u0259d\u0259n x\u0259sar\u0259tl\u0259ri alaraq Ming\u0259&ccedil;evir \u015f\u0259h\u0259r M\u0259rk\u0259zi X\u0259st\u0259xanas\u0131na apar\u0131l\u0131blar.<\/p>\n<p>Faktla ba\u011fl\u0131 Ming\u0259&ccedil;evir \u015f\u0259h\u0259r Polis \u015e&ouml;b\u0259si t\u0259r\u0259find\u0259n ara\u015fd\u0131rma apar\u0131l\u0131r.<\/p>\n","protected":false},"excerpt":{"rendered":"<p>Ming\u0259&ccedil;evir \u015f\u0259h\u0259rind\u0259 5 n\u0259f\u0259rin x\u0259sar\u0259t almas\u0131 il\u0259 n\u0259tic\u0259l\u0259n\u0259n yol-n\u0259qliyyat hadis\u0259si ba\u015f verib. Ucnoqta.az APA-ya istinad\u0259n x\u0259b\u0259r verir ki, \u015f\u0259h\u0259rin M. Maqomayev prospektind\u0259 s&uuml;r\u0259tl\u0259 h\u0259r\u0259k\u0259t ed\u0259n &ldquo;Lada Priora&rdquo; markal\u0131 minik&nbsp; avtomobili&hellip;<\/p>\n","protected":false},"author":1,"featured_media":251278,"comment_status":"open","ping_status":"open","sticky":false,"template":"","format":"standard","meta":{"_lmt_disableupdate":"","_lmt_disable":"","footnotes":""},"categories":[],"tags":[],"class_list":["post-64370","post","type-post","status-publish","format-standard","has-post-thumbnail","hentry"],"_links":{"self":[{"href":"https:\/\/ucnoqta.az\/index.php?rest_route=\/wp\/v2\/posts\/64370","targetHints":{"allow":["GET"]}}],"collection":[{"href":"https:\/\/ucnoqta.az\/index.php?rest_route=\/wp\/v2\/posts"}],"about":[{"href":"https:\/\/ucnoqta.az\/index.php?rest_route=\/wp\/v2\/types\/post"}],"author":[{"embeddable":true,"href":"https:\/\/ucnoqta.az\/index.php?rest_route=\/wp\/v2\/users\/1"}],"replies":[{"embeddable":true,"href":"https:\/\/ucnoqta.az\/index.php?rest_route=%2Fwp%2Fv2%2Fcomments&post=64370"}],"version-history":[{"count":0,"href":"https:\/\/ucnoqta.az\/index.php?rest_route=\/wp\/v2\/posts\/64370\/revisions"}],"wp:featuredmedia":[{"embeddable":true,"href":"https:\/\/ucnoqta.az\/index.php?rest_route=\/wp\/v2\/media\/251278"}],"wp:attachment":[{"href":"https:\/\/ucnoqta.az\/index.php?rest_route=%2Fwp%2Fv2%2Fmedia&parent=64370"}],"wp:term":[{"taxonomy":"category","embeddable":true,"href":"https:\/\/ucnoqta.az\/index.php?rest_route=%2Fwp%2Fv2%2Fcategories&post=64370"},{"taxonomy":"post_tag","embeddable":true,"href":"https:\/\/ucnoqta.az\/index.php?rest_route=%2Fwp%2Fv2%2Ftags&post=64370"}],"curies":[{"name":"wp","href":"https:\/\/api.w.org\/{rel}","templated":true}]}}