{"id":64366,"date":"2018-05-18T10:29:30","date_gmt":"2018-05-18T06:29:30","guid":{"rendered":""},"modified":"-0001-11-30T00:00:00","modified_gmt":"-0001-11-29T20:00:00","slug":"","status":"publish","type":"post","link":"https:\/\/ucnoqta.az\/?p=64366","title":{"rendered":"Anjey Kasp\u015fik Erm\u0259nistanda s\u0259f\u0259rd\u0259dir"},"content":{"rendered":"<p><strong>Anjey Kasp\u015fik: &ldquo;Da\u011fl\u0131q Qaraba\u011f m&uuml;naqi\u015f\u0259sinin h\u0259lli &uuml;&ccedil;&uuml;n s\u0259yl\u0259rimi art\u0131racam&rdquo;<\/strong><\/p>\n<p>AT\u018fT-in f\u0259aliyy\u0259td\u0259 olan s\u0259drinin Da\u011fl\u0131q Qaraba\u011f m&uuml;naqi\u015f\u0259si &uuml;zr\u0259 \u015f\u0259xsi n&uuml;may\u0259nd\u0259si Anjey Kasp\u015fik Erm\u0259nistanda s\u0259f\u0259rd\u0259dir. Ucnoqta.az &ldquo;Report&rdquo;a istinad\u0259n x\u0259b\u0259r verir ki, AT\u018fT r\u0259smisi Yerevanda Erm\u0259nistan\u0131n m&uuml;dafi\u0259 naziri David Tonoyanla g&ouml;r&uuml;\u015f&uuml;b.<br \/>\nM&uuml;dafi\u0259 Nazirliyinin yayd\u0131\u011f\u0131 m\u0259lumata g&ouml;r\u0259, t\u0259r\u0259fl\u0259r Erm\u0259nistan-Az\u0259rbaycan d&ouml;vl\u0259t s\u0259rh\u0259di v\u0259 Az\u0259rbaycan\u0131n i\u015f\u011fal alt\u0131nda olan Da\u011fl\u0131q Qaraba\u011f b&ouml;lg\u0259sind\u0259ki v\u0259ziyy\u0259td\u0259n dan\u0131\u015f\u0131b, qo\u015funlar\u0131n t\u0259mas x\u0259ttind\u0259 at\u0259\u015fk\u0259s\u0259 \u0259m\u0259l edilm\u0259sinin vacibliyini vur\u011fulay\u0131blar.<\/p>\n<p>A.Kasp\u015fik deyib ki, t\u0259r\u0259fl\u0259r aras\u0131nda vasit\u0259&ccedil;i kimi g\u0259l\u0259c\u0259kd\u0259 d\u0259 m&uuml;naqi\u015f\u0259nin h\u0259lli &uuml;&ccedil;&uuml;n s\u0259yl\u0259rini art\u0131racaq.&nbsp;<\/p>\n","protected":false},"excerpt":{"rendered":"<p>Anjey Kasp\u015fik: &ldquo;Da\u011fl\u0131q Qaraba\u011f m&uuml;naqi\u015f\u0259sinin h\u0259lli &uuml;&ccedil;&uuml;n s\u0259yl\u0259rimi art\u0131racam&rdquo; AT\u018fT-in f\u0259aliyy\u0259td\u0259 olan s\u0259drinin Da\u011fl\u0131q Qaraba\u011f m&uuml;naqi\u015f\u0259si &uuml;zr\u0259 \u015f\u0259xsi n&uuml;may\u0259nd\u0259si Anjey Kasp\u015fik Erm\u0259nistanda s\u0259f\u0259rd\u0259dir. Ucnoqta.az &ldquo;Report&rdquo;a istinad\u0259n x\u0259b\u0259r verir ki, AT\u018fT&hellip;<\/p>\n","protected":false},"author":1,"featured_media":251278,"comment_status":"open","ping_status":"open","sticky":false,"template":"","format":"standard","meta":{"_lmt_disableupdate":"","_lmt_disable":"","footnotes":""},"categories":[],"tags":[],"class_list":["post-64366","post","type-post","status-publish","format-standard","has-post-thumbnail","hentry"],"_links":{"self":[{"href":"https:\/\/ucnoqta.az\/index.php?rest_route=\/wp\/v2\/posts\/64366","targetHints":{"allow":["GET"]}}],"collection":[{"href":"https:\/\/ucnoqta.az\/index.php?rest_route=\/wp\/v2\/posts"}],"about":[{"href":"https:\/\/ucnoqta.az\/index.php?rest_route=\/wp\/v2\/types\/post"}],"author":[{"embeddable":true,"href":"https:\/\/ucnoqta.az\/index.php?rest_route=\/wp\/v2\/users\/1"}],"replies":[{"embeddable":true,"href":"https:\/\/ucnoqta.az\/index.php?rest_route=%2Fwp%2Fv2%2Fcomments&post=64366"}],"version-history":[{"count":0,"href":"https:\/\/ucnoqta.az\/index.php?rest_route=\/wp\/v2\/posts\/64366\/revisions"}],"wp:featuredmedia":[{"embeddable":true,"href":"https:\/\/ucnoqta.az\/index.php?rest_route=\/wp\/v2\/media\/251278"}],"wp:attachment":[{"href":"https:\/\/ucnoqta.az\/index.php?rest_route=%2Fwp%2Fv2%2Fmedia&parent=64366"}],"wp:term":[{"taxonomy":"category","embeddable":true,"href":"https:\/\/ucnoqta.az\/index.php?rest_route=%2Fwp%2Fv2%2Fcategories&post=64366"},{"taxonomy":"post_tag","embeddable":true,"href":"https:\/\/ucnoqta.az\/index.php?rest_route=%2Fwp%2Fv2%2Ftags&post=64366"}],"curies":[{"name":"wp","href":"https:\/\/api.w.org\/{rel}","templated":true}]}}