{"id":64362,"date":"2018-05-18T10:00:35","date_gmt":"2018-05-18T06:00:35","guid":{"rendered":""},"modified":"-0001-11-30T00:00:00","modified_gmt":"-0001-11-29T20:00:00","slug":"","status":"publish","type":"post","link":"https:\/\/ucnoqta.az\/?p=64362","title":{"rendered":"Yeni Az\u0259rbaycan Partiyas\u0131n\u0131n yeni inzibati binas\u0131n\u0131n a\u00e7\u0131l\u0131\u015f\u0131 olub- <font color=red><b>Fotolar<\/b><\/font>"},"content":{"rendered":"<p><strong>\u0130lham \u018fliyev&nbsp;binas\u0131n\u0131n a&ccedil;\u0131l\u0131\u015f\u0131nda i\u015ftirak edib<\/strong><\/p>\n<p>May\u0131n 18-d\u0259 Yeni Az\u0259rbaycan Partiyas\u0131n\u0131n yeni inzibati binas\u0131n\u0131n a&ccedil;\u0131l\u0131\u015f\u0131 olub.<br \/>\nAz\u0259rbaycan Respublikas\u0131n\u0131n Prezidenti \u0130lham \u018fliyev a&ccedil;\u0131l\u0131\u015fda i\u015ftirak edib.<br \/>\nD&ouml;vl\u0259timizin ba\u015f&ccedil;\u0131s\u0131 yeni inzibati binan\u0131n r\u0259mzi a&ccedil;\u0131l\u0131\u015f\u0131n\u0131 bildir\u0259n lenti k\u0259sdi, burada yarad\u0131lan \u015f\u0259raitl\u0259 tan\u0131\u015f oldu.<br \/>\nPrezident \u0130lham \u018fliyev Yeni Az\u0259rbaycan Partiyas\u0131n\u0131n qurucusu, xalq\u0131m\u0131z\u0131n &uuml;mummilli lideri Heyd\u0259r \u018fliyevin binan\u0131n foyesind\u0259 ucald\u0131lm\u0131\u015f abid\u0259si &ouml;n&uuml;n\u0259 g&uuml;l d\u0259st\u0259si qoydu.<\/p>\n<p>Yeni Az\u0259rbaycan Partiyas\u0131 s\u0259drinin m&uuml;avini&ndash;icra katibi \u018fli \u018fhm\u0259dov binada yarad\u0131lan \u015f\u0259rait bar\u0259d\u0259 d&ouml;vl\u0259timizin ba\u015f&ccedil;\u0131s\u0131na m\u0259lumat verdi.<\/p>\n","protected":false},"excerpt":{"rendered":"<p>\u0130lham \u018fliyev&nbsp;binas\u0131n\u0131n a&ccedil;\u0131l\u0131\u015f\u0131nda i\u015ftirak edib May\u0131n 18-d\u0259 Yeni Az\u0259rbaycan Partiyas\u0131n\u0131n yeni inzibati binas\u0131n\u0131n a&ccedil;\u0131l\u0131\u015f\u0131 olub. Az\u0259rbaycan Respublikas\u0131n\u0131n Prezidenti \u0130lham \u018fliyev a&ccedil;\u0131l\u0131\u015fda i\u015ftirak edib. D&ouml;vl\u0259timizin ba\u015f&ccedil;\u0131s\u0131 yeni inzibati binan\u0131n r\u0259mzi a&ccedil;\u0131l\u0131\u015f\u0131n\u0131&hellip;<\/p>\n","protected":false},"author":1,"featured_media":251278,"comment_status":"open","ping_status":"open","sticky":false,"template":"","format":"standard","meta":{"_lmt_disableupdate":"","_lmt_disable":"","footnotes":""},"categories":[],"tags":[],"class_list":["post-64362","post","type-post","status-publish","format-standard","has-post-thumbnail","hentry"],"_links":{"self":[{"href":"https:\/\/ucnoqta.az\/index.php?rest_route=\/wp\/v2\/posts\/64362","targetHints":{"allow":["GET"]}}],"collection":[{"href":"https:\/\/ucnoqta.az\/index.php?rest_route=\/wp\/v2\/posts"}],"about":[{"href":"https:\/\/ucnoqta.az\/index.php?rest_route=\/wp\/v2\/types\/post"}],"author":[{"embeddable":true,"href":"https:\/\/ucnoqta.az\/index.php?rest_route=\/wp\/v2\/users\/1"}],"replies":[{"embeddable":true,"href":"https:\/\/ucnoqta.az\/index.php?rest_route=%2Fwp%2Fv2%2Fcomments&post=64362"}],"version-history":[{"count":0,"href":"https:\/\/ucnoqta.az\/index.php?rest_route=\/wp\/v2\/posts\/64362\/revisions"}],"wp:featuredmedia":[{"embeddable":true,"href":"https:\/\/ucnoqta.az\/index.php?rest_route=\/wp\/v2\/media\/251278"}],"wp:attachment":[{"href":"https:\/\/ucnoqta.az\/index.php?rest_route=%2Fwp%2Fv2%2Fmedia&parent=64362"}],"wp:term":[{"taxonomy":"category","embeddable":true,"href":"https:\/\/ucnoqta.az\/index.php?rest_route=%2Fwp%2Fv2%2Fcategories&post=64362"},{"taxonomy":"post_tag","embeddable":true,"href":"https:\/\/ucnoqta.az\/index.php?rest_route=%2Fwp%2Fv2%2Ftags&post=64362"}],"curies":[{"name":"wp","href":"https:\/\/api.w.org\/{rel}","templated":true}]}}