{"id":64354,"date":"2018-05-17T18:01:46","date_gmt":"2018-05-17T14:01:46","guid":{"rendered":""},"modified":"-0001-11-30T00:00:00","modified_gmt":"-0001-11-29T20:00:00","slug":"","status":"publish","type":"post","link":"https:\/\/ucnoqta.az\/?p=64354","title":{"rendered":"Prezident Ramanada yol tikintisin\u0259 3,7 milyon manat ay\u0131r\u0131b- <font color=red><b>S\u0259r\u0259ncam<\/b><\/font>"},"content":{"rendered":"<p>Prezident \u0130lham \u018fliyev Bak\u0131 \u015f\u0259h\u0259ri Sabun\u00e7u rayonunun Ramana q\u0259s\u0259b\u0259si \u0259razisind\u0259 avtomobil yollar\u0131n\u0131n yenid\u0259n qurulmas\u0131 i\u015fl\u0259rinin davam etdirilm\u0259si il\u0259 ba\u011fl\u0131 \u0259lav\u0259 t\u0259dbirl\u0259r haqq\u0131nda s\u0259r\u0259ncam imzalay\u0131b.<\/p>\n<p>S\u0259r\u0259ncamda qeyd edilir ki, Bak\u0131 \u015f\u0259h\u0259ri Sabun\u00e7u rayonunun Ramana q\u0259s\u0259b\u0259si \u0259razisind\u0259 on \u00fc\u00e7 min n\u0259f\u0259r \u0259halinin istifad\u0259 etdiyi, \u00fcmumi uzunlu\u011fu 3,2 kilometr olan avtomobil yolunun yenid\u0259n qurulmas\u0131 m\u0259qs\u0259di il\u0259 Az\u0259rbaycan Respublikas\u0131n\u0131n 2018-ci il d\u00f6vl\u0259t b\u00fcdc\u0259sinin d\u00f6vl\u0259t \u0259sasl\u0131 v\u0259sait qoyulu\u015fu x\u0259rcl\u0259rinin b\u00f6lg\u00fcs\u00fcnd\u0259 avtomobil yollar\u0131n\u0131n tikintisi v\u0259 yenid\u0259n qurulmas\u0131 \u00fc\u00e7\u00fcn n\u0259z\u0259rd\u0259 tutulmu\u015f v\u0259saitin 3,7 milyon manat\u0131 Az\u0259rbaycan Avtomobil Yollar\u0131 D\u00f6vl\u0259t Agentliyin\u0259 ayr\u0131ls\u0131n.<\/p>\n<p>Maliyy\u0259 Nazirliyi s\u0259r\u0259ncamda g\u00f6st\u0259ril\u0259n m\u0259bl\u0259\u011fd\u0259 maliyy\u0259l\u0259\u015fm\u0259ni t\u0259min ed\u0259c\u0259k.<\/p>\n<p>Nazirl\u0259r Kabinetin\u0259 tap\u015f\u0131r\u0131l\u0131r ki, s\u0259r\u0259ncamdan ir\u0259li g\u0259l\u0259n m\u0259s\u0259l\u0259l\u0259ri h\u0259ll etsin.<\/p>\n","protected":false},"excerpt":{"rendered":"<p>Prezident \u0130lham \u018fliyev Bak\u0131 \u015f\u0259h\u0259ri Sabun\u00e7u rayonunun Ramana q\u0259s\u0259b\u0259si \u0259razisind\u0259 avtomobil yollar\u0131n\u0131n yenid\u0259n qurulmas\u0131 i\u015fl\u0259rinin davam etdirilm\u0259si il\u0259 ba\u011fl\u0131 \u0259lav\u0259 t\u0259dbirl\u0259r haqq\u0131nda s\u0259r\u0259ncam imzalay\u0131b. S\u0259r\u0259ncamda qeyd edilir ki, Bak\u0131 \u015f\u0259h\u0259ri&hellip;<\/p>\n","protected":false},"author":1,"featured_media":251278,"comment_status":"open","ping_status":"open","sticky":false,"template":"","format":"standard","meta":{"_lmt_disableupdate":"","_lmt_disable":"","footnotes":""},"categories":[],"tags":[],"class_list":["post-64354","post","type-post","status-publish","format-standard","has-post-thumbnail","hentry"],"_links":{"self":[{"href":"https:\/\/ucnoqta.az\/index.php?rest_route=\/wp\/v2\/posts\/64354","targetHints":{"allow":["GET"]}}],"collection":[{"href":"https:\/\/ucnoqta.az\/index.php?rest_route=\/wp\/v2\/posts"}],"about":[{"href":"https:\/\/ucnoqta.az\/index.php?rest_route=\/wp\/v2\/types\/post"}],"author":[{"embeddable":true,"href":"https:\/\/ucnoqta.az\/index.php?rest_route=\/wp\/v2\/users\/1"}],"replies":[{"embeddable":true,"href":"https:\/\/ucnoqta.az\/index.php?rest_route=%2Fwp%2Fv2%2Fcomments&post=64354"}],"version-history":[{"count":0,"href":"https:\/\/ucnoqta.az\/index.php?rest_route=\/wp\/v2\/posts\/64354\/revisions"}],"wp:featuredmedia":[{"embeddable":true,"href":"https:\/\/ucnoqta.az\/index.php?rest_route=\/wp\/v2\/media\/251278"}],"wp:attachment":[{"href":"https:\/\/ucnoqta.az\/index.php?rest_route=%2Fwp%2Fv2%2Fmedia&parent=64354"}],"wp:term":[{"taxonomy":"category","embeddable":true,"href":"https:\/\/ucnoqta.az\/index.php?rest_route=%2Fwp%2Fv2%2Fcategories&post=64354"},{"taxonomy":"post_tag","embeddable":true,"href":"https:\/\/ucnoqta.az\/index.php?rest_route=%2Fwp%2Fv2%2Ftags&post=64354"}],"curies":[{"name":"wp","href":"https:\/\/api.w.org\/{rel}","templated":true}]}}