{"id":64350,"date":"2018-05-17T17:16:25","date_gmt":"2018-05-17T13:16:25","guid":{"rendered":""},"modified":"-0001-11-30T00:00:00","modified_gmt":"-0001-11-29T20:00:00","slug":"","status":"publish","type":"post","link":"https:\/\/ucnoqta.az\/?p=64350","title":{"rendered":"Sahil Babayev: <font color=red><b>&#8220;Bel\u0259 \u0259m\u0259kda\u015flar s\u0259rt \u015f\u0259kild\u0259 c\u0259zaland\u0131r\u0131lacaqlar&#8221;<\/b><\/font>"},"content":{"rendered":"<p><strong>\u018fm\u0259k v\u0259 \u0259halinin sosial m&uuml;dafi\u0259si naziri Sahil Babayev Nazirlik yan\u0131nda D&ouml;vl\u0259t Tibbi-Sosial Ekspertiza v\u0259 Reabilitasiya Xidm\u0259tind\u0259 m&uuml;\u015favir\u0259 ke&ccedil;irib.<\/strong><\/p>\n<p>Ucnoqta.az x\u0259b\u0259r verir ki, Nazirlikd\u0259n&nbsp;veril\u0259n m\u0259lumata g&ouml;r\u0259, S.Babayev Az\u0259rbaycan Prezidenti \u0130lham \u018fliyevin tap\u015f\u0131r\u0131qlar\u0131na uy\u011fun olaraq, \u0259lilliyin qiym\u0259tl\u0259ndirilm\u0259si v\u0259 \u0259lilliyi olan \u015f\u0259xsl\u0259rin reabilitasiyas\u0131 sah\u0259sind\u0259 f\u0259aliyy\u0259tin t\u0259kmill\u0259\u015fdirilm\u0259sinin, bu sah\u0259d\u0259 d\u0259 \u015f\u0259ffafl\u0131q yarad\u0131lmas\u0131n\u0131n Nazirlik qar\u015f\u0131s\u0131nda \u0259sas v\u0259zif\u0259l\u0259rd\u0259n oldu\u011funu vur\u011fulay\u0131b. Nazir bildirib ki, \u0259lillik t\u0259yinatlar\u0131n\u0131n h\u0259yata ke&ccedil;irilm\u0259sind\u0259 m&ouml;vcud olan v\u0259ziyy\u0259ti q\u0259na\u0259tb\u0259x\u015f hesab etm\u0259k olmaz. \u018flilliyin qiym\u0259tl\u0259ndirilm\u0259si prosesi tam qanunvericilik &ccedil;\u0259r&ccedil;iv\u0259sind\u0259 icra olunmal\u0131d\u0131r. Kimin ki, qanunla \u0259lillik qrupu alma\u011fa h&uuml;ququ &ccedil;at\u0131r, onlar\u0131n bu h&uuml;ququ s&uuml;r&uuml;nd&uuml;rm\u0259&ccedil;iliy\u0259 yol verilm\u0259d\u0259n, onlarda naraz\u0131l\u0131q yaratmadan t\u0259min edilm\u0259lidir. Dig\u0259r t\u0259r\u0259fd\u0259n, \u0259lillik v\u0259ziyy\u0259tind\u0259 olmayan \u015f\u0259xsl\u0259r\u0259 bil\u0259r\u0259kd\u0259n \u0259sass\u0131z \u015f\u0259kild\u0259 \u0259lillik qrupu t\u0259yin edilm\u0259si hallar\u0131na yol verilm\u0259m\u0259lidir.<\/p>\n<p>Bel\u0259 hallara yol ver\u0259n \u0259m\u0259kda\u015flar\u0131n a\u015fkar edil\u0259r\u0259k he&ccedil; bir g&uuml;z\u0259\u015ft olmadan s\u0259rt \u015f\u0259kild\u0259 c\u0259zaland\u0131r\u0131laca\u011f\u0131n\u0131 qeyd ed\u0259n S.Babayev diqq\u0259t\u0259 &ccedil;atd\u0131r\u0131b ki, &uuml;mumilikd\u0259 saxta \u0259lillik t\u0259yinatlar\u0131na yol verilm\u0259si v\u0259 \u0259lilliyin t\u0259yin olunmas\u0131nda s&uuml;r&uuml;nd&uuml;rm\u0259&ccedil;ilik hallar\u0131n\u0131n qar\u015f\u0131s\u0131n\u0131n al\u0131nmas\u0131 &uuml;&ccedil;&uuml;n sistemli t\u0259dbirl\u0259r g&ouml;r&uuml;l\u0259c\u0259k. Art\u0131q Nazirlikd\u0259 m&uuml;vafiq i\u015f&ccedil;i qrupu yarad\u0131l\u0131b. H\u0259min i\u015f&ccedil;i qrupu S\u0259hiyy\u0259 Nazirliyinin m&uuml;vafiq i\u015f&ccedil;i qrupu il\u0259 birg\u0259 m&uuml;\u0259yy\u0259n bir d&ouml;vr &uuml;zr\u0259 \u0259lillik t\u0259yinatlar\u0131 il\u0259 ba\u011fl\u0131 ara\u015fd\u0131rmalar apar\u0131r. Bu ara\u015fd\u0131rmalar\u0131n n\u0259tic\u0259l\u0259rin\u0259 uy\u011fun ciddi t\u0259dbirl\u0259r g&ouml;r&uuml;l\u0259c\u0259k. M&uuml;vafiq qanunvericilikd\u0259 d\u0259 z\u0259ruri t\u0259kmill\u0259\u015fdirm\u0259l\u0259r apar\u0131lacaq. H\u0259m&ccedil;inin, \u0259lilliyin qiym\u0259tl\u0259ndirilm\u0259si haz\u0131rda s\u0259hiyy\u0259 m&uuml;\u0259ssis\u0259l\u0259rinin elektron sistem\u0259 daxil etdikl\u0259ri g&ouml;nd\u0259ri\u015fl\u0259r \u0259sas\u0131nda Tibbi-Sosial Ekspert Komissiyalar\u0131 t\u0259r\u0259find\u0259n yerin\u0259 yetirilir ki, bu sistemin t\u0259kmill\u0259\u015fdirilm\u0259si &uuml;&ccedil;&uuml;n d\u0259 t\u0259klifl\u0259r haz\u0131rlanacaq.<\/p>\n","protected":false},"excerpt":{"rendered":"<p>\u018fm\u0259k v\u0259 \u0259halinin sosial m&uuml;dafi\u0259si naziri Sahil Babayev Nazirlik yan\u0131nda D&ouml;vl\u0259t Tibbi-Sosial Ekspertiza v\u0259 Reabilitasiya Xidm\u0259tind\u0259 m&uuml;\u015favir\u0259 ke&ccedil;irib. Ucnoqta.az x\u0259b\u0259r verir ki, Nazirlikd\u0259n&nbsp;veril\u0259n m\u0259lumata g&ouml;r\u0259, S.Babayev Az\u0259rbaycan Prezidenti \u0130lham \u018fliyevin&hellip;<\/p>\n","protected":false},"author":1,"featured_media":251278,"comment_status":"open","ping_status":"open","sticky":false,"template":"","format":"standard","meta":{"_lmt_disableupdate":"","_lmt_disable":"","footnotes":""},"categories":[],"tags":[],"class_list":["post-64350","post","type-post","status-publish","format-standard","has-post-thumbnail","hentry"],"_links":{"self":[{"href":"https:\/\/ucnoqta.az\/index.php?rest_route=\/wp\/v2\/posts\/64350","targetHints":{"allow":["GET"]}}],"collection":[{"href":"https:\/\/ucnoqta.az\/index.php?rest_route=\/wp\/v2\/posts"}],"about":[{"href":"https:\/\/ucnoqta.az\/index.php?rest_route=\/wp\/v2\/types\/post"}],"author":[{"embeddable":true,"href":"https:\/\/ucnoqta.az\/index.php?rest_route=\/wp\/v2\/users\/1"}],"replies":[{"embeddable":true,"href":"https:\/\/ucnoqta.az\/index.php?rest_route=%2Fwp%2Fv2%2Fcomments&post=64350"}],"version-history":[{"count":0,"href":"https:\/\/ucnoqta.az\/index.php?rest_route=\/wp\/v2\/posts\/64350\/revisions"}],"wp:featuredmedia":[{"embeddable":true,"href":"https:\/\/ucnoqta.az\/index.php?rest_route=\/wp\/v2\/media\/251278"}],"wp:attachment":[{"href":"https:\/\/ucnoqta.az\/index.php?rest_route=%2Fwp%2Fv2%2Fmedia&parent=64350"}],"wp:term":[{"taxonomy":"category","embeddable":true,"href":"https:\/\/ucnoqta.az\/index.php?rest_route=%2Fwp%2Fv2%2Fcategories&post=64350"},{"taxonomy":"post_tag","embeddable":true,"href":"https:\/\/ucnoqta.az\/index.php?rest_route=%2Fwp%2Fv2%2Ftags&post=64350"}],"curies":[{"name":"wp","href":"https:\/\/api.w.org\/{rel}","templated":true}]}}