{"id":64343,"date":"2018-05-17T16:00:50","date_gmt":"2018-05-17T12:00:50","guid":{"rendered":""},"modified":"-0001-11-30T00:00:00","modified_gmt":"-0001-11-29T20:00:00","slug":"","status":"publish","type":"post","link":"https:\/\/ucnoqta.az\/?p=64343","title":{"rendered":"<font color=red><b>\u0130yunda ard\u0131c\u0131l 5 g\u00fcn i\u015f olmayacaq<\/b><\/font>"},"content":{"rendered":"<p><strong>Bu il iyun ay\u0131nda Ramazan v\u0259 Milli Qurtulu\u015f G&uuml;n&uuml; il\u0259 \u0259laq\u0259dar 5 g&uuml;n &ouml;lk\u0259d\u0259 qeyri-i\u015f g&uuml;n&uuml; olacaq.<\/strong><\/p>\n<p>Ucnoqta.az x\u0259b\u0259r verir ki, Nazirl\u0259r Kabinetinin m\u0259tbuat xidm\u0259tinin r\u0259hb\u0259ri Akif \u018fli Trend-\u0259 bildirib ki, iyunun 15-d\u0259 &ouml;lk\u0259d\u0259 Milli Qurtulu\u015f G&uuml;n&uuml;, iyunun 15 v\u0259 16-s\u0131nda is\u0259 Ramazan bayram\u0131 qeyd edil\u0259c\u0259k.<\/p>\n<p>Lakin Milli Qurtulu\u015f G&uuml;n&uuml; v\u0259 Ramazan bayram\u0131n\u0131n &uuml;st-&uuml;st\u0259 d&uuml;\u015fm\u0259si, el\u0259c\u0259 d\u0259 bayram g&uuml;nl\u0259rind\u0259n birinin, y\u0259ni iyunun 16-s\u0131n\u0131n h\u0259ft\u0259l\u0259raras\u0131 istirah\u0259t g&uuml;n&uuml;n\u0259 (\u015f\u0259nb\u0259 g&uuml;n&uuml;n\u0259) d&uuml;\u015fm\u0259si il\u0259 \u0259laq\u0259dar &ouml;lk\u0259d\u0259ki qeyri-i\u015f g&uuml;nl\u0259rinin tarixl\u0259rind\u0259 d\u0259yi\u015fiklik edilib.<\/p>\n<p>\u018fm\u0259k M\u0259c\u0259ll\u0259sinin 105-ci madd\u0259sinin 5-ci v\u0259 6-c\u0131 hiss\u0259l\u0259rin\u0259 v\u0259 Nazirl\u0259r Kabinetinin &rdquo;2018-ci ild\u0259 Novruz, Ramazan, Qurban bayramlar\u0131 haqq\u0131nda&rdquo; 2017-ci il 6 dekabr tarixli 540 n&ouml;mr\u0259li q\u0259rar\u0131na \u0259sas\u0259n, 2018-ci ild\u0259 h\u0259ft\u0259l\u0259raras\u0131 istirah\u0259t g&uuml;nl\u0259rinin i\u015f g&uuml;nl\u0259ri hesab olunmayan bayram g&uuml;nl\u0259ri v\u0259 Ramazan bayram\u0131n\u0131n bir g&uuml;n&uuml;n&uuml;n Milli Qurtulu\u015f G&uuml;n&uuml; il\u0259 &uuml;st-&uuml;st\u0259 d&uuml;\u015fm\u0259si il\u0259 \u0259laq\u0259dar olaraq, 18,19 iyun tarixl\u0259ri istirah\u0259t g&uuml;nl\u0259ri say\u0131lacaq.<\/p>\n<p>Bel\u0259likl\u0259, bazar g&uuml;n&uuml; d\u0259 n\u0259z\u0259r\u0259 al\u0131narsa, iyunun 15,16, 17, 18 v\u0259 19-u &ouml;lk\u0259d\u0259 qeyri-i\u015f g&uuml;n&uuml;, iyunun 20-si i\u015f g&uuml;n&uuml; olacaq.<\/p>\n<p>Qeyd ed\u0259k ki, iyunun 26-da Silahl\u0131 Q&uuml;vv\u0259l\u0259r G&uuml;n&uuml; kimi qeyd edildiyind\u0259n h\u0259min g&uuml;n d\u0259 i\u015f g&uuml;n&uuml; hesab edilm\u0259y\u0259c\u0259k.<\/p>\n","protected":false},"excerpt":{"rendered":"<p>Bu il iyun ay\u0131nda Ramazan v\u0259 Milli Qurtulu\u015f G&uuml;n&uuml; il\u0259 \u0259laq\u0259dar 5 g&uuml;n &ouml;lk\u0259d\u0259 qeyri-i\u015f g&uuml;n&uuml; olacaq. Ucnoqta.az x\u0259b\u0259r verir ki, Nazirl\u0259r Kabinetinin m\u0259tbuat xidm\u0259tinin r\u0259hb\u0259ri Akif \u018fli Trend-\u0259 bildirib&hellip;<\/p>\n","protected":false},"author":1,"featured_media":251278,"comment_status":"open","ping_status":"open","sticky":false,"template":"","format":"standard","meta":{"_lmt_disableupdate":"","_lmt_disable":"","footnotes":""},"categories":[],"tags":[],"class_list":["post-64343","post","type-post","status-publish","format-standard","has-post-thumbnail","hentry"],"_links":{"self":[{"href":"https:\/\/ucnoqta.az\/index.php?rest_route=\/wp\/v2\/posts\/64343","targetHints":{"allow":["GET"]}}],"collection":[{"href":"https:\/\/ucnoqta.az\/index.php?rest_route=\/wp\/v2\/posts"}],"about":[{"href":"https:\/\/ucnoqta.az\/index.php?rest_route=\/wp\/v2\/types\/post"}],"author":[{"embeddable":true,"href":"https:\/\/ucnoqta.az\/index.php?rest_route=\/wp\/v2\/users\/1"}],"replies":[{"embeddable":true,"href":"https:\/\/ucnoqta.az\/index.php?rest_route=%2Fwp%2Fv2%2Fcomments&post=64343"}],"version-history":[{"count":0,"href":"https:\/\/ucnoqta.az\/index.php?rest_route=\/wp\/v2\/posts\/64343\/revisions"}],"wp:featuredmedia":[{"embeddable":true,"href":"https:\/\/ucnoqta.az\/index.php?rest_route=\/wp\/v2\/media\/251278"}],"wp:attachment":[{"href":"https:\/\/ucnoqta.az\/index.php?rest_route=%2Fwp%2Fv2%2Fmedia&parent=64343"}],"wp:term":[{"taxonomy":"category","embeddable":true,"href":"https:\/\/ucnoqta.az\/index.php?rest_route=%2Fwp%2Fv2%2Fcategories&post=64343"},{"taxonomy":"post_tag","embeddable":true,"href":"https:\/\/ucnoqta.az\/index.php?rest_route=%2Fwp%2Fv2%2Ftags&post=64343"}],"curies":[{"name":"wp","href":"https:\/\/api.w.org\/{rel}","templated":true}]}}