{"id":64330,"date":"2018-05-17T18:40:18","date_gmt":"2018-05-17T14:40:18","guid":{"rendered":""},"modified":"-0001-11-30T00:00:00","modified_gmt":"-0001-11-29T20:00:00","slug":"","status":"publish","type":"post","link":"https:\/\/ucnoqta.az\/?p=64330","title":{"rendered":"Az\u0259rbaycan-Avstriya biznes forumu ke\u00e7irilib"},"content":{"rendered":"<p><strong>May\u0131n 17-d\u0259 \u0130qtisadiyyat Nazirliyinin d\u0259st\u0259yi, Avstriya Federal \u0130qtisadiyyat Palatas\u0131n\u0131n v\u0259 Az\u0259rbaycanda \u0130xrac\u0131n v\u0259 \u0130nvestisiyalar\u0131n T\u0259\u015fviqi Fondunun (AZPROMO) t\u0259\u015fkilat&ccedil;\u0131l\u0131\u011f\u0131 il\u0259 Az\u0259rbaycan-Avstriya biznes forumu ke&ccedil;irilib.<\/strong><\/p>\n<p>Ucnoqta.az x\u0259b\u0259r verir ki, \u0130qtisadiyyat Nazirliyind\u0259n veril\u0259n m\u0259lumata g&ouml;r\u0259, t\u0259dbird\u0259 Az\u0259rbaycan v\u0259 Avstriya t\u0259r\u0259fd\u0259n r\u0259smi \u015f\u0259xsl\u0259rl\u0259 yana\u015f\u0131, energetika, \u0130KT, konsaltinq, tikinti, ma\u015f\u0131nqay\u0131rma, metallurgiya, yan\u011f\u0131ns&ouml;nd&uuml;rm\u0259 avadanl\u0131qlar\u0131, logistika, mebel istehsal\u0131, tullant\u0131lar\u0131n t\u0259krar emal\u0131, m&uuml;hafiz\u0259 sisteml\u0259ri, n\u0259qliyyat, tikinti, t\u0259hsil, s\u0259naye v\u0259 dig\u0259r sah\u0259l\u0259rd\u0259 f\u0259aliyy\u0259t g&ouml;st\u0259r\u0259n 80-\u0259 yax\u0131n sahibkar i\u015ftirak edib.<\/p>\n<p>AZPROMO-nun r\u0259hb\u0259ri R&uuml;f\u0259t M\u0259mm\u0259dov Az\u0259rbaycan\u0131n biznes v\u0259 investisiya m&uuml;hiti bar\u0259d\u0259 t\u0259qdimatla &ccedil;\u0131x\u0131\u015f edib, Az\u0259rbaycanda qeyri-neft sektorunun inki\u015faf\u0131 istiqam\u0259tind\u0259 realla\u015fd\u0131r\u0131lan t\u0259dbirl\u0259r, iqtisadiyyat\u0131n \u015fax\u0259l\u0259ndirilm\u0259si, &ouml;z\u0259l sektorun inki\u015faf\u0131n\u0131n stimulla\u015fd\u0131r\u0131lmas\u0131, ixrac\u0131n geni\u015fl\u0259ndirilm\u0259si, &quot;Made in Azerbaijan&quot; brendinin v\u0259 xarici investisiyalar\u0131n t\u0259\u015fviqi, biznes m&uuml;hitinin davaml\u0131 olaraq yax\u015f\u0131la\u015fd\u0131r\u0131lmas\u0131 istiqam\u0259tind\u0259 g&ouml;r&uuml;l\u0259n i\u015fl\u0259r, Az\u0259rbaycan-Avstriya iqtisadi \u0259m\u0259kda\u015fl\u0131\u011f\u0131n\u0131n geni\u015fl\u0259ndirilm\u0259si imkanlar\u0131 bar\u0259d\u0259 m\u0259lumat verib.<\/p>\n<p>Avstriya Federal \u0130qtisadiyyat Palatas\u0131n\u0131n idar\u0259 r\u0259isi Konstantin Bekos Az\u0259rbaycan-Avstriya i\u015fg&uuml;zar dair\u0259l\u0259ri aras\u0131nda iqtisadi-ticar\u0259t \u0259laq\u0259l\u0259rinin inki\u015faf istiqam\u0259tl\u0259rini diqq\u0259t\u0259 &ccedil;atd\u0131r\u0131b, t\u0259msil etdiyi qurumun AZPROMO il\u0259 f\u0259al \u0259m\u0259kda\u015fl\u0131q etdiyini, m&ouml;vcud imkanlardan s\u0259m\u0259r\u0259li istifad\u0259nin ikit\u0259r\u0259fli \u0259laq\u0259l\u0259rin inki\u015faf\u0131nda rolunu qeyd edib.<\/p>\n<p>Sonra Az\u0259rbaycan\u0131n biznes v\u0259 investisiya m&uuml;hiti v\u0259 Avstriya iqtisadiyyat\u0131 haqq\u0131nda t\u0259qdimatlar ke&ccedil;irilib.<\/p>\n<p>Biznes forum i\u015f adamlar\u0131 aras\u0131nda ikit\u0259r\u0259fli g&ouml;r&uuml;\u015fl\u0259rl\u0259 davam etdirilib.<\/p>\n","protected":false},"excerpt":{"rendered":"<p>May\u0131n 17-d\u0259 \u0130qtisadiyyat Nazirliyinin d\u0259st\u0259yi, Avstriya Federal \u0130qtisadiyyat Palatas\u0131n\u0131n v\u0259 Az\u0259rbaycanda \u0130xrac\u0131n v\u0259 \u0130nvestisiyalar\u0131n T\u0259\u015fviqi Fondunun (AZPROMO) t\u0259\u015fkilat&ccedil;\u0131l\u0131\u011f\u0131 il\u0259 Az\u0259rbaycan-Avstriya biznes forumu ke&ccedil;irilib. Ucnoqta.az x\u0259b\u0259r verir ki, \u0130qtisadiyyat Nazirliyind\u0259n veril\u0259n&hellip;<\/p>\n","protected":false},"author":1,"featured_media":251278,"comment_status":"open","ping_status":"open","sticky":false,"template":"","format":"standard","meta":{"_lmt_disableupdate":"","_lmt_disable":"","footnotes":""},"categories":[88],"tags":[],"class_list":["post-64330","post","type-post","status-publish","format-standard","has-post-thumbnail","hentry","category-ekonomika"],"_links":{"self":[{"href":"https:\/\/ucnoqta.az\/index.php?rest_route=\/wp\/v2\/posts\/64330","targetHints":{"allow":["GET"]}}],"collection":[{"href":"https:\/\/ucnoqta.az\/index.php?rest_route=\/wp\/v2\/posts"}],"about":[{"href":"https:\/\/ucnoqta.az\/index.php?rest_route=\/wp\/v2\/types\/post"}],"author":[{"embeddable":true,"href":"https:\/\/ucnoqta.az\/index.php?rest_route=\/wp\/v2\/users\/1"}],"replies":[{"embeddable":true,"href":"https:\/\/ucnoqta.az\/index.php?rest_route=%2Fwp%2Fv2%2Fcomments&post=64330"}],"version-history":[{"count":0,"href":"https:\/\/ucnoqta.az\/index.php?rest_route=\/wp\/v2\/posts\/64330\/revisions"}],"wp:featuredmedia":[{"embeddable":true,"href":"https:\/\/ucnoqta.az\/index.php?rest_route=\/wp\/v2\/media\/251278"}],"wp:attachment":[{"href":"https:\/\/ucnoqta.az\/index.php?rest_route=%2Fwp%2Fv2%2Fmedia&parent=64330"}],"wp:term":[{"taxonomy":"category","embeddable":true,"href":"https:\/\/ucnoqta.az\/index.php?rest_route=%2Fwp%2Fv2%2Fcategories&post=64330"},{"taxonomy":"post_tag","embeddable":true,"href":"https:\/\/ucnoqta.az\/index.php?rest_route=%2Fwp%2Fv2%2Ftags&post=64330"}],"curies":[{"name":"wp","href":"https:\/\/api.w.org\/{rel}","templated":true}]}}