{"id":63073,"date":"2018-04-23T15:11:57","date_gmt":"2018-04-23T11:11:57","guid":{"rendered":""},"modified":"-0001-11-30T00:00:00","modified_gmt":"-0001-11-29T20:00:00","slug":"","status":"publish","type":"post","link":"https:\/\/ucnoqta.az\/?p=63073","title":{"rendered":"<font color=red><b>H\u00fcseyn Ba\u011f\u0131rov kollektivl\u0259 vidala\u015fd\u0131<\/b><\/font>"},"content":{"rendered":"<p><strong>M\u0259lum oldu\u011fu kimi, prezident \u0130lham \u018fliyev aprelin 21-d\u0259 h&ouml;kum\u0259tin yeni t\u0259rkibini t\u0259sdiql\u0259yib. Kabinetd\u0259 indiy\u0259 q\u0259d\u0259r nazir postu tutan bir &ccedil;ox \u015f\u0259xsl\u0259r yer almay\u0131b. Onlar\u0131n yerin\u0259 h\u0259l\u0259 ki, t\u0259yinat olmasa da, h\u0259min \u015f\u0259xsl\u0259rin \u0259vv\u0259lki postlar\u0131nda &ccedil;al\u0131\u015fmayaca\u011f\u0131 d\u0259qiqdir. <\/strong><\/p>\n<p>K&ouml;hn\u0259 nazirl\u0259rd\u0259n bir &ccedil;oxunun ba\u015fqa sah\u0259l\u0259rd\u0259 v\u0259zif\u0259 tutaca\u011f\u0131 g&ouml;zl\u0259nils\u0259 d\u0259, b\u0259zil\u0259rinin is\u0259 art\u0131q h&ouml;kum\u0259td\u0259 t\u0259msil olunmayaca\u011f\u0131 bildirilir.Ucnoqta.az&nbsp; x\u0259b\u0259r verir ki, &ldquo;Qafqazinfo&rdquo;nun \u0259ld\u0259 etdiyi m\u0259lumata g&ouml;r\u0259, s&ouml;z&uuml;ged\u0259n nazirl\u0259rd\u0259n biri d\u0259 Ekologiya v\u0259 t\u0259bii s\u0259rv\u0259tl\u0259r naziri H&uuml;seyn Ba\u011f\u0131rovdur. O, bir ne&ccedil;\u0259 saat \u0259vv\u0259l kollektivl\u0259 g&ouml;r&uuml;\u015f\u0259r\u0259k vidala\u015f\u0131b. Sabiq nazir \u0259m\u0259kda\u015flara g\u0259l\u0259c\u0259k f\u0259aliyy\u0259tl\u0259rind\u0259 u\u011fur arzulayaraq d&ouml;vl\u0259tin b&uuml;t&uuml;n tap\u015f\u0131r\u0131qlar\u0131n\u0131 y&uuml;ks\u0259k s\u0259viyy\u0259d\u0259 yerin\u0259 yetrm\u0259yi t&ouml;vsiy\u0259 edib.<\/p>\n<p>M\u0259lumatlara g&ouml;r\u0259, Ba\u011f\u0131rov s\u0259hh\u0259tind\u0259ki probleml\u0259rl\u0259 \u0259laq\u0259d\u0259r m\u0259hsuldar f\u0259aliyy\u0259t g&ouml;st\u0259r\u0259 bilm\u0259y\u0259c\u0259yini a&ccedil;\u0131qlay\u0131b.&nbsp;<\/p>\n<p>Onu&nbsp; da \u0259lav\u0259 ed\u0259k ki, yeni kabinetd\u0259 t\u0259yinat h\u0259yata ke&ccedil;irilm\u0259y\u0259n nazirlikl\u0259rl\u0259 ba\u011fl\u0131 b&ouml;y&uuml;k bir h&ouml;kum\u0259t plan\u0131 m&ouml;vcuddur. Bu sah\u0259d\u0259 ciddi struktur islahatlar\u0131n apar\u0131lmas\u0131na ba\u015flan\u0131l\u0131b. M\u0259hz h\u0259min qurumlara nazir t\u0259yinat\u0131n\u0131n ba\u015f tutmamas\u0131 da apar\u0131lan islahatlarla ba\u011fl\u0131d\u0131r.<\/p>\n<p>D\u0259qiq a&ccedil;\u0131qlanmasa da, bir &ccedil;ox d&ouml;vl\u0259t qurumlar\u0131n\u0131n l\u0259\u011fv olunaca\u011f\u0131, ox\u015far sah\u0259l\u0259ri \u0259hat\u0259 ed\u0259nl\u0259rin is\u0259 birl\u0259\u015fdiril\u0259c\u0259yi g&ouml;zl\u0259nilir.<\/p>\n","protected":false},"excerpt":{"rendered":"<p>M\u0259lum oldu\u011fu kimi, prezident \u0130lham \u018fliyev aprelin 21-d\u0259 h&ouml;kum\u0259tin yeni t\u0259rkibini t\u0259sdiql\u0259yib. Kabinetd\u0259 indiy\u0259 q\u0259d\u0259r nazir postu tutan bir &ccedil;ox \u015f\u0259xsl\u0259r yer almay\u0131b. Onlar\u0131n yerin\u0259 h\u0259l\u0259 ki, t\u0259yinat olmasa da,&hellip;<\/p>\n","protected":false},"author":1,"featured_media":251278,"comment_status":"open","ping_status":"open","sticky":false,"template":"","format":"standard","meta":{"_lmt_disableupdate":"","_lmt_disable":"","footnotes":""},"categories":[],"tags":[],"class_list":["post-63073","post","type-post","status-publish","format-standard","has-post-thumbnail","hentry"],"_links":{"self":[{"href":"https:\/\/ucnoqta.az\/index.php?rest_route=\/wp\/v2\/posts\/63073","targetHints":{"allow":["GET"]}}],"collection":[{"href":"https:\/\/ucnoqta.az\/index.php?rest_route=\/wp\/v2\/posts"}],"about":[{"href":"https:\/\/ucnoqta.az\/index.php?rest_route=\/wp\/v2\/types\/post"}],"author":[{"embeddable":true,"href":"https:\/\/ucnoqta.az\/index.php?rest_route=\/wp\/v2\/users\/1"}],"replies":[{"embeddable":true,"href":"https:\/\/ucnoqta.az\/index.php?rest_route=%2Fwp%2Fv2%2Fcomments&post=63073"}],"version-history":[{"count":0,"href":"https:\/\/ucnoqta.az\/index.php?rest_route=\/wp\/v2\/posts\/63073\/revisions"}],"wp:featuredmedia":[{"embeddable":true,"href":"https:\/\/ucnoqta.az\/index.php?rest_route=\/wp\/v2\/media\/251278"}],"wp:attachment":[{"href":"https:\/\/ucnoqta.az\/index.php?rest_route=%2Fwp%2Fv2%2Fmedia&parent=63073"}],"wp:term":[{"taxonomy":"category","embeddable":true,"href":"https:\/\/ucnoqta.az\/index.php?rest_route=%2Fwp%2Fv2%2Fcategories&post=63073"},{"taxonomy":"post_tag","embeddable":true,"href":"https:\/\/ucnoqta.az\/index.php?rest_route=%2Fwp%2Fv2%2Ftags&post=63073"}],"curies":[{"name":"wp","href":"https:\/\/api.w.org\/{rel}","templated":true}]}}