{"id":63072,"date":"2018-04-23T15:07:56","date_gmt":"2018-04-23T11:07:56","guid":{"rendered":""},"modified":"-0001-11-30T00:00:00","modified_gmt":"-0001-11-29T20:00:00","slug":"","status":"publish","type":"post","link":"https:\/\/ucnoqta.az\/?p=63072","title":{"rendered":"Az\u0259rbaycan H\u0259rbi D\u0259niz Q\u00fcvv\u0259l\u0259rinin komandan \u0259v\u0259zi \u0130rana s\u0259f\u0259r edib"},"content":{"rendered":"<p><strong>&nbsp;Az\u0259rbaycan H\u0259rbi D\u0259niz Q&uuml;vv\u0259l\u0259ri komandan\u0131 v\u0259zif\u0259sini icra ed\u0259n 1-ci d\u0259r\u0259c\u0259li kapitan Zaur H&uuml;mm\u0259tovun r\u0259hb\u0259rlik etdiyi n&uuml;may\u0259nd\u0259 hey\u0259ti Tehran \u015f\u0259h\u0259rind\u0259 ke&ccedil;iril\u0259n Hind okean\u0131 sahili &ouml;lk\u0259l\u0259rinin H\u0259rbi D\u0259niz Q&uuml;vv\u0259l\u0259rinin 6-c\u0131 simpoziumunda i\u015ftirak edir.<\/strong><\/p>\n<p>Ucnoqta.az x\u0259b\u0259r verir ki, M&uuml;dafi\u0259 Nazirliyinin m\u0259tbuat xidm\u0259tind\u0259n veril\u0259n m\u0259lumata g&ouml;r\u0259, aprelin 25-d\u0259k davam ed\u0259c\u0259k simpoziumda d&uuml;nyan\u0131n 35 &ouml;lk\u0259sini t\u0259msil ed\u0259n donanma komandanlar\u0131 t\u0259r\u0259find\u0259n d\u0259niz t\u0259hl&uuml;k\u0259sizliyi sah\u0259sind\u0259 \u0259m\u0259kda\u015fl\u0131q, regional d\u0259niz probleml\u0259ri v\u0259 &uuml;zv d&ouml;vl\u0259tl\u0259r aras\u0131nda \u0259laq\u0259l\u0259rin daha da geni\u015fl\u0259ndirilm\u0259si m\u0259s\u0259l\u0259l\u0259ri m&uuml;zakir\u0259 olunacaq.<\/p>\n<p>Az\u0259rbaycan n&uuml;may\u0259nd\u0259 hey\u0259ti, h\u0259m&ccedil;inin simpoziumla eyni vaxtda t\u0259\u015fkil olunan X\u0259z\u0259ryan\u0131 &ouml;lk\u0259l\u0259rin H\u0259rbi D\u0259niz Q&uuml;vv\u0259l\u0259rinin komandanlar\u0131n\u0131n 3-c&uuml; iclas\u0131nda da i\u015ftirak ed\u0259c\u0259k. \u0130clasda regional t\u0259hl&uuml;k\u0259sizliyin t\u0259min edilm\u0259si sah\u0259sind\u0259 qar\u015f\u0131l\u0131ql\u0131 f\u0259aliyy\u0259tl\u0259r\u0259 dair fikir m&uuml;badil\u0259si apar\u0131lacaq.<\/p>\n","protected":false},"excerpt":{"rendered":"<p>&nbsp;Az\u0259rbaycan H\u0259rbi D\u0259niz Q&uuml;vv\u0259l\u0259ri komandan\u0131 v\u0259zif\u0259sini icra ed\u0259n 1-ci d\u0259r\u0259c\u0259li kapitan Zaur H&uuml;mm\u0259tovun r\u0259hb\u0259rlik etdiyi n&uuml;may\u0259nd\u0259 hey\u0259ti Tehran \u015f\u0259h\u0259rind\u0259 ke&ccedil;iril\u0259n Hind okean\u0131 sahili &ouml;lk\u0259l\u0259rinin H\u0259rbi D\u0259niz Q&uuml;vv\u0259l\u0259rinin 6-c\u0131 simpoziumunda i\u015ftirak&hellip;<\/p>\n","protected":false},"author":1,"featured_media":251278,"comment_status":"open","ping_status":"open","sticky":false,"template":"","format":"standard","meta":{"_lmt_disableupdate":"","_lmt_disable":"","footnotes":""},"categories":[],"tags":[],"class_list":["post-63072","post","type-post","status-publish","format-standard","has-post-thumbnail","hentry"],"_links":{"self":[{"href":"https:\/\/ucnoqta.az\/index.php?rest_route=\/wp\/v2\/posts\/63072","targetHints":{"allow":["GET"]}}],"collection":[{"href":"https:\/\/ucnoqta.az\/index.php?rest_route=\/wp\/v2\/posts"}],"about":[{"href":"https:\/\/ucnoqta.az\/index.php?rest_route=\/wp\/v2\/types\/post"}],"author":[{"embeddable":true,"href":"https:\/\/ucnoqta.az\/index.php?rest_route=\/wp\/v2\/users\/1"}],"replies":[{"embeddable":true,"href":"https:\/\/ucnoqta.az\/index.php?rest_route=%2Fwp%2Fv2%2Fcomments&post=63072"}],"version-history":[{"count":0,"href":"https:\/\/ucnoqta.az\/index.php?rest_route=\/wp\/v2\/posts\/63072\/revisions"}],"wp:featuredmedia":[{"embeddable":true,"href":"https:\/\/ucnoqta.az\/index.php?rest_route=\/wp\/v2\/media\/251278"}],"wp:attachment":[{"href":"https:\/\/ucnoqta.az\/index.php?rest_route=%2Fwp%2Fv2%2Fmedia&parent=63072"}],"wp:term":[{"taxonomy":"category","embeddable":true,"href":"https:\/\/ucnoqta.az\/index.php?rest_route=%2Fwp%2Fv2%2Fcategories&post=63072"},{"taxonomy":"post_tag","embeddable":true,"href":"https:\/\/ucnoqta.az\/index.php?rest_route=%2Fwp%2Fv2%2Ftags&post=63072"}],"curies":[{"name":"wp","href":"https:\/\/api.w.org\/{rel}","templated":true}]}}