{"id":63069,"date":"2018-04-20T15:01:02","date_gmt":"2018-04-20T11:01:02","guid":{"rendered":""},"modified":"-0001-11-30T00:00:00","modified_gmt":"-0001-11-29T20:00:00","slug":"","status":"publish","type":"post","link":"https:\/\/ucnoqta.az\/?p=63069","title":{"rendered":"Bakcell \u0259lilliyi olan u\u015faqlar \u00fc\u00e7\u00fcn inkl\u00fcziv t\u0259hsil v\u0259 b\u0259rab\u0259r h\u00fcquqlar\u0131 t\u0259\u015fviq edir"},"content":{"rendered":"<p>&ldquo;Bakcell Stars&rdquo; KSM proqram\u0131 vasit\u0259sil\u0259 minl\u0259rl\u0259 u\u015faq &uuml;&ccedil;&uuml;n b\u0259rab\u0259r h&uuml;quqlar t\u0259min edilib<br \/>\nAz\u0259rbaycan\u0131n \u0130lk Mobil Operatoru v\u0259 Apar\u0131c\u0131 Mobil \u0130nternet Provayderi Bakcell \u015firk\u0259ti BMT-nin Az\u0259rbaycan N&uuml;may\u0259nd\u0259liyinin &ldquo;ASAN Radio&rdquo; il\u0259 haz\u0131rlad\u0131\u011f\u0131 &ldquo;Qlobal m\u0259qs\u0259dl\u0259r&rdquo; verili\u015fin\u0259 d\u0259st\u0259k g&ouml;st\u0259rir. &ldquo;Qlobal M\u0259qs\u0259dl\u0259r&rdquo; verili\u015finin n&ouml;vb\u0259ti burax\u0131l\u0131\u015f\u0131nda dayan\u0131ql\u0131 inki\u015faf m\u0259qs\u0259dl\u0259rin\u0259 nail olmaq i\u015find\u0259 inkl&uuml;ziv t\u0259hsilin rolu m&uuml;zakir\u0259 edil\u0259c\u0259k.&nbsp;<br \/>\nB&uuml;t&uuml;n u\u015faqlar kimi, \u0259lilliyi olan u\u015faqlar\u0131n da &ouml;z bacar\u0131qlar\u0131n\u0131 inki\u015faf etdirm\u0259k v\u0259 arzular\u0131n\u0131 realla\u015fd\u0131rmaq &uuml;&ccedil;&uuml;n keyfiyy\u0259tli t\u0259hsil\u0259 ehtiyaclar\u0131 var. \u018flilliyi olan u\u015faqlar\u0131n c\u0259miyy\u0259t\u0259 t&ouml;hf\u0259 ver\u0259 bil\u0259c\u0259yi bir &ccedil;ox sah\u0259 var v\u0259 inkl&uuml;ziv t\u0259hsil bu potensial\u0131 ortaya &ccedil;\u0131xarmaqda a&ccedil;ar rolunu oynay\u0131r. Lakin b&uuml;t&uuml;n d&uuml;nyada \u0259lilliyi olan u\u015faqlar m\u0259kt\u0259bd\u0259n v\u0259 diqq\u0259td\u0259n k\u0259narda qalma ehtimal\u0131 \u0259n y&uuml;ks\u0259k olan insanlar aras\u0131ndad\u0131r. \u0130nkl&uuml;ziv t\u0259hsil sisteml\u0259ri is\u0259 u\u015faqlara m\u0259kt\u0259b\u0259 getm\u0259k v\u0259 &ouml;yr\u0259nm\u0259k &uuml;&ccedil;&uuml;n b\u0259rab\u0259r \u015fans verir ki, bu da onlar\u0131n &ouml;z t\u0259hsil h&uuml;quqlar\u0131n\u0131 v\u0259 tam potensiallar\u0131n\u0131 realla\u015fd\u0131rmas\u0131na imkan verir.&nbsp;<br \/>\nBu h\u0259ft\u0259nin qonaqlar\u0131 UNICEF-in Az\u0259rbaycandak\u0131 n&uuml;may\u0259nd\u0259liyinin t\u0259hsil &uuml;zr\u0259 m&uuml;t\u0259x\u0259ssisi Leyla H\u0259s\u0259nova, T\u0259hsil Nazirliyi De-institutla\u015fma v\u0259 U\u015faqlar\u0131n m&uuml;dafi\u0259si idar\u0259si x&uuml;susi t\u0259hsil \u015f&ouml;b\u0259sinin m&uuml;diri Anar X\u0259l\u0259fov v\u0259 138 sayl\u0131 m\u0259kt\u0259bin direktoru Mirfaiq Mirheyd\u0259rlidir.&nbsp;<br \/>\nVerili\u015f &ldquo;ASAN Radio&rdquo;da 23 aprel 2018-ci il tarixind\u0259 saat 18:20-d\u0259 efir\u0259 ged\u0259c\u0259k. Verili\u015fin t\u0259krar\u0131 25 aprel (saat 11:05-d\u0259) v\u0259 27 aprel (saat 14:05-d\u0259) tarixl\u0259rind\u0259 yay\u0131mlanacaq.<br \/>\n&ldquo;Qlobal M\u0259qs\u0259dl\u0259r&rdquo; radioverili\u015finin \u0259sas m\u0259qs\u0259di Dayan\u0131ql\u0131 \u0130nki\u015faf M\u0259qs\u0259dl\u0259ri il\u0259 ba\u011fl\u0131 m\u0259lumatl\u0131l\u0131\u011f\u0131n art\u0131r\u0131lmas\u0131, 2030-cu il\u0259 q\u0259d\u0259r olan t\u0259dbirl\u0259r plan\u0131 &uuml;zr\u0259 h\u0259yata ke&ccedil;iril\u0259n layih\u0259l\u0259r v\u0259 dayan\u0131ql\u0131l\u0131\u011f\u0131n t\u0259min olunmas\u0131 &uuml;&ccedil;&uuml;n m&uuml;xt\u0259lif strukturlar\u0131n v\u0259 v\u0259t\u0259nda\u015flar\u0131n &uuml;z\u0259rin\u0259 d&uuml;\u015f\u0259n v\u0259zif\u0259l\u0259rl\u0259 ba\u011fl\u0131 ictimaiyy\u0259ti m\u0259lumatland\u0131rmaqd\u0131r. Qeyd ed\u0259k ki 2015-ci ilin sentyabr ay\u0131nda d&uuml;nya liderl\u0259ri t\u0259r\u0259find\u0259n 17 Dayan\u0131ql\u0131 \u0130nki\u015faf M\u0259qs\u0259di q\u0259bul edilib. H\u0259min m\u0259qs\u0259dl\u0259r yoxsullu\u011fa son qoymaq, inki\u015faf v\u0259 insanlar\u0131n rifah\u0131n\u0131 t\u0259\u015fviq etm\u0259k, eyni zamanda \u0259traf m&uuml;hiti qorumaq &uuml;&ccedil;&uuml;n s\u0259yl\u0259rin birl\u0259\u015fdirilm\u0259sini n\u0259z\u0259rd\u0259 tutur.&nbsp;<br \/>\nAprel ay\u0131 \u0259rzind\u0259 Bakcell \u015firk\u0259tinin d\u0259st\u0259yil\u0259 &ldquo;ASAN Radio&rdquo;da (100FM) 5 verili\u015f efir\u0259 veril\u0259c\u0259k.&nbsp;<br \/>\n&Ouml;z&uuml;n&uuml;n &ldquo;Bakcell Stars&rdquo; Korporativ Sosial M\u0259suliyy\u0259t Proqram\u0131 &ccedil;\u0259r&ccedil;iv\u0259sind\u0259 Bakcell \u015firk\u0259ti \u0259lilliyi olan v\u0259 x&uuml;susi qay\u011f\u0131ya ehtiyac\u0131 olan u\u015faqlar &uuml;&ccedil;&uuml;n b\u0259rab\u0259r h&uuml;quqlar\u0131n v\u0259 inkl&uuml;ziv t\u0259hsil imkanlar\u0131n\u0131n t\u0259min edilm\u0259sin\u0259 y&ouml;n\u0259lmi\u015f bir &ccedil;ox layih\u0259l\u0259r\u0259 d\u0259st\u0259k g&ouml;st\u0259rir. Bu layih\u0259l\u0259rin bir hiss\u0259si u\u015faq inki\u015faf m\u0259rk\u0259zl\u0259ri v\u0259 inkl&uuml;ziv t\u0259hsil m&uuml;\u0259ssis\u0259l\u0259rin\u0259 x&uuml;susi olaraq \u0259lilliyi olan u\u015faqlar &uuml;&ccedil;&uuml;n haz\u0131rlanm\u0131\u015f komp&uuml;ter v\u0259 dig\u0259r avadanl\u0131qlar\u0131n\u0131n t\u0259min edilm\u0259sini \u0259hat\u0259 edib. Bu g&uuml;n\u0259 q\u0259d\u0259r Bakcell &ldquo;SOS U\u015faq K\u0259ndl\u0259ri&rdquo;, &ldquo;Save the Children&rdquo; v\u0259 &ldquo;Az\u0259rbaycana Birg\u0259 Yard\u0131m&rdquo; kimi t\u0259\u015fkilatlarla birg\u0259 h\u0259yata ke&ccedil;irilmi\u015f lahiy\u0259l\u0259r vasit\u0259sil\u0259 minl\u0259rl\u0259 u\u015fa\u011fa d\u0259st\u0259k g&ouml;st\u0259rib. Bakcell inan\u0131r ki, &ldquo;H\u0259r bir u\u015faq bir ulduzdur!&rdquo; v\u0259 b\u0259rab\u0259r h&uuml;quqlara malik olma\u011fa layiqdir!&nbsp;<\/p>\n<p>&nbsp;<\/p>\n","protected":false},"excerpt":{"rendered":"<p>&ldquo;Bakcell Stars&rdquo; KSM proqram\u0131 vasit\u0259sil\u0259 minl\u0259rl\u0259 u\u015faq &uuml;&ccedil;&uuml;n b\u0259rab\u0259r h&uuml;quqlar t\u0259min edilib Az\u0259rbaycan\u0131n \u0130lk Mobil Operatoru v\u0259 Apar\u0131c\u0131 Mobil \u0130nternet Provayderi Bakcell \u015firk\u0259ti BMT-nin Az\u0259rbaycan N&uuml;may\u0259nd\u0259liyinin &ldquo;ASAN Radio&rdquo; il\u0259 haz\u0131rlad\u0131\u011f\u0131&hellip;<\/p>\n","protected":false},"author":1,"featured_media":251278,"comment_status":"open","ping_status":"open","sticky":false,"template":"","format":"standard","meta":{"_lmt_disableupdate":"","_lmt_disable":"","footnotes":""},"categories":[],"tags":[],"class_list":["post-63069","post","type-post","status-publish","format-standard","has-post-thumbnail","hentry"],"_links":{"self":[{"href":"https:\/\/ucnoqta.az\/index.php?rest_route=\/wp\/v2\/posts\/63069","targetHints":{"allow":["GET"]}}],"collection":[{"href":"https:\/\/ucnoqta.az\/index.php?rest_route=\/wp\/v2\/posts"}],"about":[{"href":"https:\/\/ucnoqta.az\/index.php?rest_route=\/wp\/v2\/types\/post"}],"author":[{"embeddable":true,"href":"https:\/\/ucnoqta.az\/index.php?rest_route=\/wp\/v2\/users\/1"}],"replies":[{"embeddable":true,"href":"https:\/\/ucnoqta.az\/index.php?rest_route=%2Fwp%2Fv2%2Fcomments&post=63069"}],"version-history":[{"count":0,"href":"https:\/\/ucnoqta.az\/index.php?rest_route=\/wp\/v2\/posts\/63069\/revisions"}],"wp:featuredmedia":[{"embeddable":true,"href":"https:\/\/ucnoqta.az\/index.php?rest_route=\/wp\/v2\/media\/251278"}],"wp:attachment":[{"href":"https:\/\/ucnoqta.az\/index.php?rest_route=%2Fwp%2Fv2%2Fmedia&parent=63069"}],"wp:term":[{"taxonomy":"category","embeddable":true,"href":"https:\/\/ucnoqta.az\/index.php?rest_route=%2Fwp%2Fv2%2Fcategories&post=63069"},{"taxonomy":"post_tag","embeddable":true,"href":"https:\/\/ucnoqta.az\/index.php?rest_route=%2Fwp%2Fv2%2Ftags&post=63069"}],"curies":[{"name":"wp","href":"https:\/\/api.w.org\/{rel}","templated":true}]}}