{"id":63067,"date":"2018-04-23T14:51:11","date_gmt":"2018-04-23T10:51:11","guid":{"rendered":""},"modified":"-0001-11-30T00:00:00","modified_gmt":"-0001-11-29T20:00:00","slug":"","status":"publish","type":"post","link":"https:\/\/ucnoqta.az\/?p=63067","title":{"rendered":"Yeni nazir kollektiv\u0259 t\u0259qdim edilib &#8211;<font color=red><b>Foto<\/b><\/font>"},"content":{"rendered":"<p><strong>Prezident Administrasiyas\u0131n\u0131n r\u0259hb\u0259ri Ramiz Mehdiyev yeni t\u0259yin olunmu\u015f k\u0259nd t\u0259s\u0259rr&uuml;fat\u0131 naziri \u0130nam K\u0259rimovu nazirliyin kollektivin\u0259 t\u0259qdim edib.<\/strong><\/p>\n<p>Ucnoqta.az x\u0259b\u0259r verir ki, Nazirlikd\u0259n veril\u0259n m\u0259lumata g&ouml;r\u0259, Ramiz Mehdiyev nazir \u0130nam K\u0259rimovun ke&ccedil;diyi h\u0259yat yolu bar\u0259d\u0259 \u0259trafl\u0131 m\u0259lumat ver\u0259r\u0259k qeyri neft sektorunun, x&uuml;susil\u0259 d\u0259 k\u0259nd t\u0259s\u0259rr&uuml;fat\u0131n\u0131n &ouml;lk\u0259 iqtisadiyyat\u0131nda \u0259h\u0259miyy\u0259tli rol oynad\u0131\u011f\u0131n\u0131, bu sah\u0259nin inki\u015faf\u0131 il\u0259 ba\u011fl\u0131 b&uuml;y&uuml;k potensial imkamlar\u0131n oldu\u011funu diqq\u0259t\u0259 &ccedil;atd\u0131r\u0131b. &Ouml;lk\u0259 r\u0259hb\u0259rliyi t\u0259r\u0259find\u0259n qar\u015f\u0131ya qoyulan \u0259sas h\u0259d\u0259fl\u0259r\u0259 nail olmaq &uuml;&ccedil;&uuml;n nazirliyin kollektivin\u0259 m&uuml;vafiq m\u0259sl\u0259h\u0259t v\u0259 t&ouml;vsiy\u0259l\u0259rini verib.<\/p>\n<p>Yeni t\u0259yin olunmu\u015f k\u0259nd t\u0259s\u0259rr&uuml;fat\u0131 naziri \u0130nam K\u0259rimov &ouml;lk\u0259 ba\u015f&ccedil;\u0131s\u0131n\u0131n ona g&ouml;st\u0259rdiyi y&uuml;ks\u0259k etimada g&ouml;r\u0259 t\u0259\u015f\u0259kk&uuml;r&uuml;n&uuml; bildirib, qar\u015f\u0131ya qoyulan v\u0259zif\u0259l\u0259ri layiqinc\u0259 yerin\u0259 yetir\u0259c\u0259yini qeyd edib.<\/p>\n<p>\u0130nam K\u0259rimov Prezident \u0130lham \u018fliyevin r\u0259hb\u0259rliyi il\u0259 respublikam\u0131zda b&uuml;t&uuml;n sah\u0259l\u0259rd\u0259 oldu\u011fu kimi qeyri-neft sektorunun x&uuml;susil\u0259, k\u0259nd t\u0259s\u0259rr&uuml;fat\u0131n\u0131n u\u011furla inki\u015faf etdirildiyini bildirib.<\/p>\n<p>Qeyd ed\u0259k ki, \u0130nam \u0130mdad o\u011flu K\u0259rimov k\u0259nd t\u0259s\u0259rr&uuml;fat\u0131 naziri v\u0259zif\u0259sin\u0259 Az\u0259rbaycan Respublikas\u0131 Prezidentinin 2018-ci il 21 aprel tarixli S\u0259r\u0259ncam\u0131 il\u0259 t\u0259yin edilib.<\/p>\n","protected":false},"excerpt":{"rendered":"<p>Prezident Administrasiyas\u0131n\u0131n r\u0259hb\u0259ri Ramiz Mehdiyev yeni t\u0259yin olunmu\u015f k\u0259nd t\u0259s\u0259rr&uuml;fat\u0131 naziri \u0130nam K\u0259rimovu nazirliyin kollektivin\u0259 t\u0259qdim edib. Ucnoqta.az x\u0259b\u0259r verir ki, Nazirlikd\u0259n veril\u0259n m\u0259lumata g&ouml;r\u0259, Ramiz Mehdiyev nazir \u0130nam K\u0259rimovun&hellip;<\/p>\n","protected":false},"author":1,"featured_media":251278,"comment_status":"open","ping_status":"open","sticky":false,"template":"","format":"standard","meta":{"_lmt_disableupdate":"","_lmt_disable":"","footnotes":""},"categories":[],"tags":[],"class_list":["post-63067","post","type-post","status-publish","format-standard","has-post-thumbnail","hentry"],"_links":{"self":[{"href":"https:\/\/ucnoqta.az\/index.php?rest_route=\/wp\/v2\/posts\/63067","targetHints":{"allow":["GET"]}}],"collection":[{"href":"https:\/\/ucnoqta.az\/index.php?rest_route=\/wp\/v2\/posts"}],"about":[{"href":"https:\/\/ucnoqta.az\/index.php?rest_route=\/wp\/v2\/types\/post"}],"author":[{"embeddable":true,"href":"https:\/\/ucnoqta.az\/index.php?rest_route=\/wp\/v2\/users\/1"}],"replies":[{"embeddable":true,"href":"https:\/\/ucnoqta.az\/index.php?rest_route=%2Fwp%2Fv2%2Fcomments&post=63067"}],"version-history":[{"count":0,"href":"https:\/\/ucnoqta.az\/index.php?rest_route=\/wp\/v2\/posts\/63067\/revisions"}],"wp:featuredmedia":[{"embeddable":true,"href":"https:\/\/ucnoqta.az\/index.php?rest_route=\/wp\/v2\/media\/251278"}],"wp:attachment":[{"href":"https:\/\/ucnoqta.az\/index.php?rest_route=%2Fwp%2Fv2%2Fmedia&parent=63067"}],"wp:term":[{"taxonomy":"category","embeddable":true,"href":"https:\/\/ucnoqta.az\/index.php?rest_route=%2Fwp%2Fv2%2Fcategories&post=63067"},{"taxonomy":"post_tag","embeddable":true,"href":"https:\/\/ucnoqta.az\/index.php?rest_route=%2Fwp%2Fv2%2Ftags&post=63067"}],"curies":[{"name":"wp","href":"https:\/\/api.w.org\/{rel}","templated":true}]}}