{"id":63066,"date":"2018-04-23T14:47:51","date_gmt":"2018-04-23T10:47:51","guid":{"rendered":""},"modified":"-0001-11-30T00:00:00","modified_gmt":"-0001-11-29T20:00:00","slug":"","status":"publish","type":"post","link":"https:\/\/ucnoqta.az\/?p=63066","title":{"rendered":"Bakcell biznes qurmaq ist\u0259y\u0259n g\u0259ncl\u0259rin x\u0259yallar\u0131n\u0131 ger\u00e7\u0259kl\u0259\u015fdirir"},"content":{"rendered":"<p><strong>Az\u0259rbaycan\u0131n \u0130lk Mobil Operatoru v\u0259 Apar\u0131c\u0131 Mobil \u0130nternet Provayderi Bakcell \u015firk\u0259ti &ldquo;SOS U\u015faq K\u0259ndl\u0259ri-Az\u0259rbaycan&rdquo; Assosiasiyas\u0131 \u0130ctimai Birliyinin himay\u0259sind\u0259 b&ouml;y&uuml;m&uuml;\u015f v\u0259 dig\u0259r internat m&uuml;\u0259ssis\u0259l\u0259rind\u0259n m\u0259zun olmu\u015f g\u0259ncl\u0259rin biznes ideyalar\u0131n\u0131 realla\u015fd\u0131rmaq &uuml;&ccedil;&uuml;n maliyy\u0259 v\u0259saiti ay\u0131r\u0131b. <\/strong><\/p>\n<p>Bu d\u0259st\u0259k say\u0259sind\u0259 3 n\u0259f\u0259r g\u0259nc &ouml;z ki&ccedil;ik biznesl\u0259rini qurmaq imkan\u0131 \u0259ld\u0259 edib. &ldquo;Bakcell&rdquo;in d\u0259st\u0259yi say\u0259sind\u0259 icra olunan &ldquo;G\u0259ncl\u0259rin Karyera v\u0259 \u0130nki\u015faf M\u0259rk\u0259zi&rdquo; layih\u0259sind\u0259 &ouml;z biznes plan\u0131 il\u0259 f\u0259rql\u0259nmi\u015f v\u0259 f\u0259aliyy\u0259t\u0259 art\u0131q haz\u0131r olan biznesl\u0259rd\u0259n birinin a&ccedil;\u0131l\u0131\u015f\u0131 olub. &ldquo;Floristika G&uuml;l D&uuml;kan\u0131&ldquo;n\u0131n a&ccedil;\u0131l\u0131\u015f m\u0259rasimind\u0259 &ldquo;SOS U\u015faq K\u0259ndl\u0259ri-Az\u0259rbaycan&rdquo; Assosiasiyas\u0131, Bakcell \u015firk\u0259tinin n&uuml;may\u0259nd\u0259l\u0259ri, ictimai xadiml\u0259r v\u0259 k&uuml;tl\u0259vi informasiya vasit\u0259l\u0259ri n&uuml;may\u0259nd\u0259l\u0259ri i\u015ftirak edibl\u0259r. Yeni d&uuml;kan\u0131n sahibi Kaz\u0131mli Seymur d&ouml;vl\u0259t u\u015faq m&uuml;\u0259ssis\u0259sind\u0259 boya-ba\u015fa &ccedil;at\u0131b v\u0259 g\u0259nc vaxtlar\u0131ndan g&uuml;l ma\u011fazas\u0131nda k&ouml;m\u0259k&ccedil;i i\u015fl\u0259yib. Biznesmen olmaq arzusu il\u0259 7 il \u0259rzind\u0259 i\u015f&ccedil;i kimi g&uuml;l biznesi il\u0259 m\u0259\u015f\u011ful olan Seymur &ouml;z g&uuml;l ma\u011fazas\u0131n\u0131 a&ccedil;ma\u011fa iddial\u0131 olub v\u0259 m&uuml;k\u0259mm\u0259l biznes plan t\u0259rtib ed\u0259r\u0259k layih\u0259d\u0259 qalib olub.<br \/>\n&nbsp;<\/p>\n<p>&ldquo;Bakcell \u015firk\u0259ti &ouml;lk\u0259mizd\u0259 x&uuml;susi qay\u011f\u0131ya ehtiyac\u0131 olan u\u015faq v\u0259 g\u0259ncl\u0259rin t\u0259hsili, bacar\u0131qlar\u0131n\u0131n art\u0131r\u0131lmas\u0131, g\u0259l\u0259c\u0259kd\u0259 i\u015f qura bilm\u0259 qabiliyy\u0259tl\u0259rinin t\u0259min edilm\u0259si v\u0259 sosial rifah\u0131n yax\u015f\u0131la\u015fd\u0131r\u0131lmas\u0131na y&ouml;n\u0259lmi\u015f bir &ccedil;ox layih\u0259ni u\u011furla h\u0259yata ke&ccedil;irir. Biz &ccedil;ox \u015fad\u0131q ki, &ldquo;SOS U\u015faq K\u0259ndl\u0259ri-Az\u0259rbaycan&rdquo; il\u0259 uzun ill\u0259r &ouml;nc\u0259 ba\u015flan\u0131lm\u0131\u015f \u0259m\u0259kda\u015fl\u0131\u011f\u0131m\u0131z &ouml;z b\u0259hr\u0259sini verm\u0259y\u0259 davam edir v\u0259 d\u0259st\u0259k g&ouml;st\u0259rdiyimiz g\u0259ncl\u0259rin art\u0131q biznes sahibl\u0259rin\u0259 &ccedil;evrilm\u0259sini g&ouml;rm\u0259kd\u0259n q&uuml;rur duyuruq&rdquo; dey\u0259 Bakcell \u015firk\u0259tinin \u0130ctimaiyy\u0259tl\u0259 \u018flaq\u0259l\u0259r v\u0259 Korporativ Kommunikasiyalar Departamentinin r\u0259hb\u0259ri S&uuml;heyl\u0259 C\u0259f\u0259rova bildirib.<\/p>\n<p>&ldquo;M\u0259n uzun ill\u0259rdir ki biznes qurmaq v\u0259 g&uuml;l d&uuml;kan\u0131 a&ccedil;maq arzusunda idim v\u0259 bu g&ouml;z\u0259l layih\u0259 say\u0259sind\u0259 m\u0259nim x\u0259yallar\u0131m ger&ccedil;\u0259y\u0259 &ccedil;evrilib. \u018fmin\u0259m ki, bu t\u0259cr&uuml;b\u0259 g\u0259l\u0259c\u0259k h\u0259yatima da &ouml;z t&ouml;hf\u0259sini ver\u0259c\u0259k. M\u0259nim &uuml;st&uuml;md\u0259 \u0259m\u0259yi olan &ldquo;SOS U\u015faq K\u0259ndl\u0259ri-Az\u0259rbaycan&rdquo; t\u0259\u015fkilat\u0131na v\u0259 &ldquo;Bakcell&rdquo; \u015firk\u0259tin\u0259 sonsuz t\u0259\u015f\u0259kk&uuml;r&uuml;m&uuml; bildirir\u0259m&rdquo;, dey\u0259 Seymur Kaz\u0131ml\u0131 bildirib.<\/p>\n<p>Qeyd ed\u0259k ki, layih\u0259nin &ouml;t\u0259n il h\u0259yata ke&ccedil;iril\u0259n birinci m\u0259rh\u0259l\u0259sind\u0259 &ldquo;SOS U\u015faq K\u0259ndl\u0259ri &ndash; Az\u0259rbaycan&ldquo; Assosiasiyas\u0131n\u0131n himay\u0259sind\u0259 olan 15 g\u0259nc &ldquo;&Ouml;z biznesin\u0259 ba\u015fla v\u0259 t\u0259kmill\u0259\u015fdir&rdquo; adl\u0131 t\u0259liml\u0259rd\u0259 i\u015ftirak edib. Qiym\u0259tl\u0259ndirm\u0259 n\u0259tic\u0259sind\u0259 \u0259n y&uuml;ks\u0259k n\u0259tic\u0259l\u0259r n&uuml;mayi\u015f etdir\u0259n 3 u\u011furlu biznes layih\u0259si Bakcell \u015firk\u0259ti t\u0259r\u0259find\u0259n maliyy\u0259l\u0259\u015fdirilib. Bu biznes layih\u0259l\u0259ri Bak\u0131 \u015f\u0259h\u0259rind\u0259 &ldquo;Floristika g&uuml;l d&uuml;kan\u0131&ldquo; v\u0259 &ldquo;&Ccedil;ay evi&rdquo;, G\u0259nc\u0259 \u015f\u0259h\u0259rind\u0259n is\u0259 &ldquo;Meyv\u0259 bazar\u0131&rdquo; layih\u0259l\u0259ridir.<\/p>\n<p>&ldquo;Bu layih\u0259y\u0259 d&ouml;vl\u0259tin d\u0259 yax\u0131ndan d\u0259st\u0259kl\u0259diyi Beyn\u0259lxalq \u018fm\u0259k T\u0259\u015fkilat\u0131n\u0131n (B\u018fT) &ouml;z&uuml;n\u0259m\u0259\u015f\u011fulluq proqram\u0131n\u0131n bir hiss\u0259si kimi baxmaq laz\u0131md\u0131r. M\u0259n &ccedil;ox \u015fadam ki, Bakcell \u015firk\u0259ti il\u0259 ba\u015flad\u0131\u011f\u0131m\u0131z bu t\u0259\u015f\u0259bb&uuml;s art\u0131q &ouml;z b\u0259hr\u0259sini verm\u0259y\u0259 ba\u015flay\u0131b. Biz bu istiqam\u0259td\u0259 \u0259m\u0259kda\u015fl\u0131\u011f\u0131m\u0131z\u0131 davam etdir\u0259c\u0259yik v\u0259 m\u0259n inan\u0131ram ki, g\u0259l\u0259c\u0259kd\u0259 daha &ccedil;ox g\u0259nc insan bu layih\u0259d\u0259n faydalanacaq&rdquo;, dey\u0259 &ldquo;SOS U\u015faq K\u0259ndl\u0259ri-Az\u0259rbaycan&rdquo; t\u0259\u015fkilat\u0131n\u0131n Milli Direktoru R\u0259\u015fad H&uuml;seynov bildirib.<\/p>\n<p>Qiym\u0259tl\u0259ndirm\u0259 zaman\u0131 \u0259sas meyarlardan biri biznes plan\u0131n d&uuml;zg&uuml;n haz\u0131rlanmas\u0131, ideyan\u0131n real bazar \u015f\u0259rtl\u0259rind\u0259 &ouml;z&uuml;n&uuml; n\u0259 q\u0259d\u0259r do\u011fruldaca\u011f\u0131, bu i\u015fd\u0259 m&uuml;raci\u0259t ed\u0259nin t\u0259cr&uuml;b\u0259si v\u0259 biznes plan\u0131 t\u0259qdim ed\u0259n g\u0259ncin sosial durumu n\u0259z\u0259r\u0259 al\u0131n\u0131b. Qalib g\u0259l\u0259n g\u0259ncl\u0259rin h\u0259r 3-&uuml; t\u0259qdim etdikl\u0259ri biznes ideya &uuml;zr\u0259 i\u015f t\u0259cr&uuml;b\u0259l\u0259ri var.<\/p>\n<p>Xat\u0131rladaq ki, Bakcell \u015firk\u0259ti 2009-cu ild\u0259n etibar\u0259n &ldquo;SOS U\u015faq K\u0259ndl\u0259ri-Az\u0259rbaycan&rdquo; Assosiasiyas\u0131 \u0130B il\u0259 \u0259m\u0259kda\u015fl\u0131q &ccedil;\u0259r&ccedil;iv\u0259sind\u0259 valideyn himay\u0259sind\u0259n m\u0259hrum olmu\u015f v\u0259 azt\u0259minatl\u0131 ail\u0259l\u0259rd\u0259n olan u\u015faq v\u0259 g\u0259ncl\u0259r\u0259 &ouml;z d\u0259st\u0259yini g&ouml;st\u0259rir.<\/p>\n","protected":false},"excerpt":{"rendered":"<p>Az\u0259rbaycan\u0131n \u0130lk Mobil Operatoru v\u0259 Apar\u0131c\u0131 Mobil \u0130nternet Provayderi Bakcell \u015firk\u0259ti &ldquo;SOS U\u015faq K\u0259ndl\u0259ri-Az\u0259rbaycan&rdquo; Assosiasiyas\u0131 \u0130ctimai Birliyinin himay\u0259sind\u0259 b&ouml;y&uuml;m&uuml;\u015f v\u0259 dig\u0259r internat m&uuml;\u0259ssis\u0259l\u0259rind\u0259n m\u0259zun olmu\u015f g\u0259ncl\u0259rin biznes ideyalar\u0131n\u0131 realla\u015fd\u0131rmaq &uuml;&ccedil;&uuml;n&hellip;<\/p>\n","protected":false},"author":1,"featured_media":251278,"comment_status":"open","ping_status":"open","sticky":false,"template":"","format":"standard","meta":{"_lmt_disableupdate":"","_lmt_disable":"","footnotes":""},"categories":[],"tags":[],"class_list":["post-63066","post","type-post","status-publish","format-standard","has-post-thumbnail","hentry"],"_links":{"self":[{"href":"https:\/\/ucnoqta.az\/index.php?rest_route=\/wp\/v2\/posts\/63066","targetHints":{"allow":["GET"]}}],"collection":[{"href":"https:\/\/ucnoqta.az\/index.php?rest_route=\/wp\/v2\/posts"}],"about":[{"href":"https:\/\/ucnoqta.az\/index.php?rest_route=\/wp\/v2\/types\/post"}],"author":[{"embeddable":true,"href":"https:\/\/ucnoqta.az\/index.php?rest_route=\/wp\/v2\/users\/1"}],"replies":[{"embeddable":true,"href":"https:\/\/ucnoqta.az\/index.php?rest_route=%2Fwp%2Fv2%2Fcomments&post=63066"}],"version-history":[{"count":0,"href":"https:\/\/ucnoqta.az\/index.php?rest_route=\/wp\/v2\/posts\/63066\/revisions"}],"wp:featuredmedia":[{"embeddable":true,"href":"https:\/\/ucnoqta.az\/index.php?rest_route=\/wp\/v2\/media\/251278"}],"wp:attachment":[{"href":"https:\/\/ucnoqta.az\/index.php?rest_route=%2Fwp%2Fv2%2Fmedia&parent=63066"}],"wp:term":[{"taxonomy":"category","embeddable":true,"href":"https:\/\/ucnoqta.az\/index.php?rest_route=%2Fwp%2Fv2%2Fcategories&post=63066"},{"taxonomy":"post_tag","embeddable":true,"href":"https:\/\/ucnoqta.az\/index.php?rest_route=%2Fwp%2Fv2%2Ftags&post=63066"}],"curies":[{"name":"wp","href":"https:\/\/api.w.org\/{rel}","templated":true}]}}