{"id":63053,"date":"2018-04-23T13:02:11","date_gmt":"2018-04-23T09:02:11","guid":{"rendered":""},"modified":"-0001-11-30T00:00:00","modified_gmt":"-0001-11-29T20:00:00","slug":"","status":"publish","type":"post","link":"https:\/\/ucnoqta.az\/?p=63053","title":{"rendered":"G\u00f6yg\u00f6ld\u0259 qar u\u00e7qunu alt\u0131nda qalan 5 n\u0259f\u0259r xilas edilib"},"content":{"rendered":"<p><strong>G&ouml;yg&ouml;l rayonunda qar u&ccedil;qunu alt\u0131nda qalan 5 n\u0259f\u0259r xilas edilib.<\/strong><\/p>\n<p>Ucnoqta.az x\u0259b\u0259r verir ki, Daxili \u0130\u015fl\u0259r Nazirliyinin m\u0259tbuat xidm\u0259tind\u0259n&nbsp;veril\u0259n m\u0259lumata g&ouml;r\u0259, aprelin 21-d\u0259 saat 17.00 rad\u0259l\u0259rind\u0259 &ldquo;102 Z\u0259ng M\u0259rk\u0259zi&rdquo; Xidm\u0259tin\u0259 m&uuml;raci\u0259t ed\u0259n Da\u015fk\u0259s\u0259n rayon sakini Asif Bayramov &ldquo;UAZ&rdquo; markal\u0131 avtomobild\u0259 s\u0259rni\u015finl\u0259ri il\u0259 birlikd\u0259 G&ouml;yg&ouml;l rayonunun T&uuml;lallar k\u0259ndi \u0259razisind\u0259 qar u&ccedil;qunu alt\u0131nda qald\u0131qlar\u0131n\u0131 bildirib.<\/p>\n<p>G&ouml;yg&ouml;l Rayon Polis \u015e&ouml;b\u0259sinin r\u0259isi, polis polkovnik-leytenant\u0131 Mirnem\u0259t Mirbabayev d\u0259rhal m&uuml;raci\u0259t ed\u0259n \u015f\u0259xsl\u0259 telefonla \u0259laq\u0259 saxlayaraq onlar\u0131n koordinatlar\u0131n\u0131 d\u0259qiql\u0259\u015fdirib v\u0259 bu bar\u0259d\u0259 t\u0259cili rayonun v\u0259 m&uuml;vafiq qurumlar\u0131n r\u0259hb\u0259rliyin\u0259 m\u0259lumat verib. Rayon \u0130cra Hakimiyy\u0259tinin, RP\u015e-nin r\u0259hb\u0259rliyi v\u0259 \u015f\u0259xsi hey\u0259ti t\u0259cili tibbi yard\u0131m briqadas\u0131 il\u0259 birg\u0259 vaxt itirm\u0259d\u0259n h\u0259min istiqam\u0259t\u0259 yollan\u0131b. Hava \u015faxtal\u0131 v\u0259 &ccedil;ov\u011fun oldu\u011fundan ucqar da\u011f k\u0259ndin\u0259 ged\u0259n s\u0131ld\u0131r\u0131m qayalar\u0131n \u0259hat\u0259sind\u0259ki yolda &ldquo;Niva&rdquo; v\u0259 dig\u0259r yolsuzluq avtomobill\u0259rinin d\u0259 h\u0259r\u0259k\u0259tind\u0259 &ccedil;\u0259tinlik yaran\u0131b.<br \/>\nTexnika &uuml;&ccedil;&uuml;n yax\u0131nl\u0131qdak\u0131 h\u0259rbi hiss\u0259y\u0259 m&uuml;raci\u0259t olunub. Tezlikl\u0259 h\u0259rbi n\u0259qliyyat vasit\u0259sinin k&ouml;m\u0259kliyi il\u0259 onlar B\u0259nd adlanan \u0259raziy\u0259 &ccedil;at\u0131blar.<\/p>\n<p>Polis \u0259m\u0259kda\u015flar\u0131 qar u&ccedil;qununun alt\u0131nda qalan, z\u0259rb\u0259 n\u0259tic\u0259sind\u0259 \u015f&uuml;\u015f\u0259l\u0259ri s\u0131nm\u0131\u015f halda olan h\u0259min avtomobild\u0259 k&ouml;m\u0259ksiz v\u0259ziyy\u0259td\u0259 qalm\u0131\u015f Da\u015fk\u0259s\u0259n rayon sakini Asif Bayramovu, s\u0259rni\u015finl\u0259ri &#8211; T&uuml;lallar k\u0259nd sakini Fuad M\u0259mm\u0259dovu, Da\u015fk\u0259s\u0259n rayon sakini Xaliq \u0130smay\u0131lovu, G\u0259nc\u0259 \u015f\u0259h\u0259r sakini X\u0259qani Quliyevi v\u0259 Goranboy rayon sakini Mikay\u0131l Abdullayevi xilas edibl\u0259r, onlara ilkin tibbi yard\u0131m g&ouml;st\u0259rilib.<\/p>\n<p>T\u0259bii f\u0259lak\u0259t n\u0259tic\u0259sind\u0259 x\u0259sar\u0259t alan olmay\u0131b.<\/p>\n","protected":false},"excerpt":{"rendered":"<p>G&ouml;yg&ouml;l rayonunda qar u&ccedil;qunu alt\u0131nda qalan 5 n\u0259f\u0259r xilas edilib. Ucnoqta.az x\u0259b\u0259r verir ki, Daxili \u0130\u015fl\u0259r Nazirliyinin m\u0259tbuat xidm\u0259tind\u0259n&nbsp;veril\u0259n m\u0259lumata g&ouml;r\u0259, aprelin 21-d\u0259 saat 17.00 rad\u0259l\u0259rind\u0259 &ldquo;102 Z\u0259ng M\u0259rk\u0259zi&rdquo; Xidm\u0259tin\u0259&hellip;<\/p>\n","protected":false},"author":1,"featured_media":251278,"comment_status":"open","ping_status":"open","sticky":false,"template":"","format":"standard","meta":{"_lmt_disableupdate":"","_lmt_disable":"","footnotes":""},"categories":[],"tags":[],"class_list":["post-63053","post","type-post","status-publish","format-standard","has-post-thumbnail","hentry"],"_links":{"self":[{"href":"https:\/\/ucnoqta.az\/index.php?rest_route=\/wp\/v2\/posts\/63053","targetHints":{"allow":["GET"]}}],"collection":[{"href":"https:\/\/ucnoqta.az\/index.php?rest_route=\/wp\/v2\/posts"}],"about":[{"href":"https:\/\/ucnoqta.az\/index.php?rest_route=\/wp\/v2\/types\/post"}],"author":[{"embeddable":true,"href":"https:\/\/ucnoqta.az\/index.php?rest_route=\/wp\/v2\/users\/1"}],"replies":[{"embeddable":true,"href":"https:\/\/ucnoqta.az\/index.php?rest_route=%2Fwp%2Fv2%2Fcomments&post=63053"}],"version-history":[{"count":0,"href":"https:\/\/ucnoqta.az\/index.php?rest_route=\/wp\/v2\/posts\/63053\/revisions"}],"wp:featuredmedia":[{"embeddable":true,"href":"https:\/\/ucnoqta.az\/index.php?rest_route=\/wp\/v2\/media\/251278"}],"wp:attachment":[{"href":"https:\/\/ucnoqta.az\/index.php?rest_route=%2Fwp%2Fv2%2Fmedia&parent=63053"}],"wp:term":[{"taxonomy":"category","embeddable":true,"href":"https:\/\/ucnoqta.az\/index.php?rest_route=%2Fwp%2Fv2%2Fcategories&post=63053"},{"taxonomy":"post_tag","embeddable":true,"href":"https:\/\/ucnoqta.az\/index.php?rest_route=%2Fwp%2Fv2%2Ftags&post=63053"}],"curies":[{"name":"wp","href":"https:\/\/api.w.org\/{rel}","templated":true}]}}