{"id":63043,"date":"2018-04-23T12:12:18","date_gmt":"2018-04-23T08:12:18","guid":{"rendered":""},"modified":"-0001-11-30T00:00:00","modified_gmt":"-0001-11-29T20:00:00","slug":"","status":"publish","type":"post","link":"https:\/\/ucnoqta.az\/?p=63043","title":{"rendered":"Benyamin Netanyahu Prezident \u0130lham \u018fliyevi t\u0259brik edib"},"content":{"rendered":"<p><strong>&nbsp;\u0130srail D&ouml;vl\u0259tinin Ba\u015f naziri Benyamin Netanyahu Az\u0259rbaycan Respublikas\u0131n\u0131n Prezidenti \u0130lham \u018fliyev\u0259 t\u0259brik m\u0259ktubu &uuml;nvanlay\u0131b.<\/strong><\/p>\n<p>T\u0259brikd\u0259 deyilir:<\/p>\n<p>&ldquo;H&ouml;rm\u0259tli c\u0259nab Prezident, \u0259ziz dostum.<\/p>\n<p>Az\u0259rbaycan Respublikas\u0131n\u0131n Prezidenti v\u0259zif\u0259sin\u0259 ard\u0131c\u0131l olaraq d&ouml;rd&uuml;nc&uuml; d\u0259f\u0259 se&ccedil;ilm\u0259yiniz m&uuml;nasib\u0259til\u0259 \u0130srail h&ouml;kum\u0259ti ad\u0131ndan m\u0259nim s\u0259mimi t\u0259brikl\u0259rimi q\u0259bul edin.<\/p>\n<p>\u0130srail il\u0259 Az\u0259rbaycan aras\u0131nda s\u0131x dostluq v\u0259 \u0259m\u0259kda\u015fl\u0131q m&uuml;nasib\u0259tl\u0259rini daha da m&ouml;hk\u0259ml\u0259ndirm\u0259k &uuml;&ccedil;&uuml;n bundan sonra da Sizinl\u0259 \u0259laq\u0259l\u0259rimizi davam etdirm\u0259k niyy\u0259tind\u0259yik.<\/p>\n<p>Bu xo\u015f f&uuml;rs\u0259td\u0259n istifad\u0259 ed\u0259r\u0259k Siz\u0259 m&uuml;nasib olan vaxtda \u0130srail\u0259 s\u0259f\u0259r etm\u0259yiniz bar\u0259d\u0259 t\u0259klifimi yenid\u0259n ali diqq\u0259tiniz\u0259 &ccedil;atd\u0131r\u0131ram. 2016-c\u0131 ilin dekabr\u0131nda Bak\u0131ya unudulmaz s\u0259f\u0259rim zaman\u0131 Sizin m\u0259n\u0259 g&ouml;st\u0259rdiyiniz s\u0259mimi m&uuml;nasib\u0259t\u0259 v\u0259 qonaqp\u0259rv\u0259rliy\u0259 g&ouml;r\u0259 Siz\u0259 bir daha d\u0259rin t\u0259\u015f\u0259kk&uuml;r&uuml;m&uuml; bildirir\u0259m.<br \/>\nZati-alil\u0259ri, Sizi \u0259n q\u0131sa zamanda yenid\u0259n g&ouml;rm\u0259y\u0259 &uuml;midvaram&rdquo;.<\/p>\n","protected":false},"excerpt":{"rendered":"<p>&nbsp;\u0130srail D&ouml;vl\u0259tinin Ba\u015f naziri Benyamin Netanyahu Az\u0259rbaycan Respublikas\u0131n\u0131n Prezidenti \u0130lham \u018fliyev\u0259 t\u0259brik m\u0259ktubu &uuml;nvanlay\u0131b. T\u0259brikd\u0259 deyilir: &ldquo;H&ouml;rm\u0259tli c\u0259nab Prezident, \u0259ziz dostum. Az\u0259rbaycan Respublikas\u0131n\u0131n Prezidenti v\u0259zif\u0259sin\u0259 ard\u0131c\u0131l olaraq d&ouml;rd&uuml;nc&uuml; d\u0259f\u0259 se&ccedil;ilm\u0259yiniz&hellip;<\/p>\n","protected":false},"author":1,"featured_media":251278,"comment_status":"open","ping_status":"open","sticky":false,"template":"","format":"standard","meta":{"_lmt_disableupdate":"","_lmt_disable":"","footnotes":""},"categories":[],"tags":[],"class_list":["post-63043","post","type-post","status-publish","format-standard","has-post-thumbnail","hentry"],"_links":{"self":[{"href":"https:\/\/ucnoqta.az\/index.php?rest_route=\/wp\/v2\/posts\/63043","targetHints":{"allow":["GET"]}}],"collection":[{"href":"https:\/\/ucnoqta.az\/index.php?rest_route=\/wp\/v2\/posts"}],"about":[{"href":"https:\/\/ucnoqta.az\/index.php?rest_route=\/wp\/v2\/types\/post"}],"author":[{"embeddable":true,"href":"https:\/\/ucnoqta.az\/index.php?rest_route=\/wp\/v2\/users\/1"}],"replies":[{"embeddable":true,"href":"https:\/\/ucnoqta.az\/index.php?rest_route=%2Fwp%2Fv2%2Fcomments&post=63043"}],"version-history":[{"count":0,"href":"https:\/\/ucnoqta.az\/index.php?rest_route=\/wp\/v2\/posts\/63043\/revisions"}],"wp:featuredmedia":[{"embeddable":true,"href":"https:\/\/ucnoqta.az\/index.php?rest_route=\/wp\/v2\/media\/251278"}],"wp:attachment":[{"href":"https:\/\/ucnoqta.az\/index.php?rest_route=%2Fwp%2Fv2%2Fmedia&parent=63043"}],"wp:term":[{"taxonomy":"category","embeddable":true,"href":"https:\/\/ucnoqta.az\/index.php?rest_route=%2Fwp%2Fv2%2Fcategories&post=63043"},{"taxonomy":"post_tag","embeddable":true,"href":"https:\/\/ucnoqta.az\/index.php?rest_route=%2Fwp%2Fv2%2Ftags&post=63043"}],"curies":[{"name":"wp","href":"https:\/\/api.w.org\/{rel}","templated":true}]}}