{"id":63041,"date":"2018-04-23T12:01:38","date_gmt":"2018-04-23T08:01:38","guid":{"rendered":""},"modified":"-0001-11-30T00:00:00","modified_gmt":"-0001-11-29T20:00:00","slug":"","status":"publish","type":"post","link":"https:\/\/ucnoqta.az\/?p=63041","title":{"rendered":"\u201cASAN Xidm\u0259t\u201d\u0259 r\u0259hb\u0259rlik \u00dclvi Mehdiyev\u0259 tap\u015f\u0131r\u0131l\u0131b"},"content":{"rendered":"<p><strong>Az\u0259rbaycan Respublikas\u0131n\u0131n Prezidenti yan\u0131nda V\u0259t\u0259nda\u015flara Xidm\u0259t v\u0259 Sosial \u0130nnovasiyalar &uuml;zr\u0259 D&ouml;vl\u0259t Agentliyi s\u0259drinin s\u0259lahiyy\u0259tl\u0259rini qurumun s\u0259dr m&uuml;avini &Uuml;lvi Mehdiyev icra edir.<\/strong><\/p>\n<p>&nbsp;D&ouml;vl\u0259t Agentliyin\u0259 s\u0259dr t\u0259yin olunana q\u0259d\u0259r quruma r\u0259hb\u0259rliyi &Uuml;.Mehdiyev h\u0259yata ke&ccedil;ir\u0259c\u0259k.<\/p>\n<p>Xat\u0131rladaq ki, aprel ay\u0131n\u0131n 21-d\u0259 Prezident \u0130lham \u018fliyevin s\u0259r\u0259cam\u0131 il\u0259 D&ouml;vl\u0259t Agentliyinin s\u0259dri \u0130nam K\u0259rimov v\u0259zif\u0259sind\u0259n azad edil\u0259r\u0259k k\u0259nd t\u0259s\u0259rr&uuml;fat\u0131 naziri v\u0259zif\u0259sin\u0259 t\u0259yin olunub.<\/p>\n<p>&Uuml;lvi Mehdiyev 1985-ci il yanvar\u0131n 30-da Bak\u0131 \u015f\u0259h\u0259rind\u0259 anadan olub. Bak\u0131 D&ouml;vl\u0259t Universitetinin h&uuml;quq fak&uuml;lt\u0259sinin bakalavr v\u0259 magistratura pill\u0259sini bitirib. 2005-2006-c\u0131 ill\u0259rd\u0259 h\u0259rbi xidm\u0259t ke&ccedil;ib. 2006-2009-cu ill\u0259rd\u0259 \u018fdliyy\u0259 Nazirliyinin Qanunvericilik ba\u015f idar\u0259sinin m\u0259sl\u0259h\u0259t&ccedil;isi, apar\u0131c\u0131 m\u0259sl\u0259h\u0259t&ccedil;isi v\u0259zif\u0259l\u0259rind\u0259 &ccedil;al\u0131\u015f\u0131b. &Uuml;.Mehdiyev 2009-2012-ci ill\u0259rd\u0259 Az\u0259rbaycan Respublikas\u0131 Prezidentinin Administrasiyas\u0131n\u0131n H&uuml;quq m&uuml;hafiz\u0259 orqanlar\u0131 il\u0259 i\u015f \u015f&ouml;b\u0259sind\u0259 m\u0259sl\u0259h\u0259t&ccedil;i v\u0259zif\u0259sind\u0259 i\u015fl\u0259yib. 2012-ci ild\u0259n Az\u0259rbaycan Respublikas\u0131 Prezidentinin Administrasiyas\u0131n\u0131n H&uuml;quq m&uuml;hafiz\u0259 orqanlar\u0131 il\u0259 i\u015f \u015f&ouml;b\u0259sind\u0259 sektor m&uuml;diri v\u0259zif\u0259sind\u0259 i\u015fl\u0259yib. Az\u0259rbaycan Respublikas\u0131 Prezidentinin 2014-c&uuml; il 13 fevral tarixli s\u0259r\u0259ncam\u0131 il\u0259 Az\u0259rbaycan Respublikas\u0131n\u0131n Prezidenti yan\u0131nda V\u0259t\u0259nda\u015flara Xidm\u0259t v\u0259 Sosial \u0130nnovasiyalar &uuml;zr\u0259 D&ouml;vl\u0259t Agentliyinin s\u0259dr m&uuml;avini v\u0259zif\u0259sin\u0259 t\u0259yin edilib.<\/p>\n","protected":false},"excerpt":{"rendered":"<p>Az\u0259rbaycan Respublikas\u0131n\u0131n Prezidenti yan\u0131nda V\u0259t\u0259nda\u015flara Xidm\u0259t v\u0259 Sosial \u0130nnovasiyalar &uuml;zr\u0259 D&ouml;vl\u0259t Agentliyi s\u0259drinin s\u0259lahiyy\u0259tl\u0259rini qurumun s\u0259dr m&uuml;avini &Uuml;lvi Mehdiyev icra edir. &nbsp;D&ouml;vl\u0259t Agentliyin\u0259 s\u0259dr t\u0259yin olunana q\u0259d\u0259r quruma r\u0259hb\u0259rliyi &Uuml;.Mehdiyev&hellip;<\/p>\n","protected":false},"author":1,"featured_media":251278,"comment_status":"open","ping_status":"open","sticky":false,"template":"","format":"standard","meta":{"_lmt_disableupdate":"","_lmt_disable":"","footnotes":""},"categories":[],"tags":[],"class_list":["post-63041","post","type-post","status-publish","format-standard","has-post-thumbnail","hentry"],"_links":{"self":[{"href":"https:\/\/ucnoqta.az\/index.php?rest_route=\/wp\/v2\/posts\/63041","targetHints":{"allow":["GET"]}}],"collection":[{"href":"https:\/\/ucnoqta.az\/index.php?rest_route=\/wp\/v2\/posts"}],"about":[{"href":"https:\/\/ucnoqta.az\/index.php?rest_route=\/wp\/v2\/types\/post"}],"author":[{"embeddable":true,"href":"https:\/\/ucnoqta.az\/index.php?rest_route=\/wp\/v2\/users\/1"}],"replies":[{"embeddable":true,"href":"https:\/\/ucnoqta.az\/index.php?rest_route=%2Fwp%2Fv2%2Fcomments&post=63041"}],"version-history":[{"count":0,"href":"https:\/\/ucnoqta.az\/index.php?rest_route=\/wp\/v2\/posts\/63041\/revisions"}],"wp:featuredmedia":[{"embeddable":true,"href":"https:\/\/ucnoqta.az\/index.php?rest_route=\/wp\/v2\/media\/251278"}],"wp:attachment":[{"href":"https:\/\/ucnoqta.az\/index.php?rest_route=%2Fwp%2Fv2%2Fmedia&parent=63041"}],"wp:term":[{"taxonomy":"category","embeddable":true,"href":"https:\/\/ucnoqta.az\/index.php?rest_route=%2Fwp%2Fv2%2Fcategories&post=63041"},{"taxonomy":"post_tag","embeddable":true,"href":"https:\/\/ucnoqta.az\/index.php?rest_route=%2Fwp%2Fv2%2Ftags&post=63041"}],"curies":[{"name":"wp","href":"https:\/\/api.w.org\/{rel}","templated":true}]}}