{"id":63037,"date":"2018-04-23T11:34:57","date_gmt":"2018-04-23T07:34:57","guid":{"rendered":""},"modified":"-0001-11-30T00:00:00","modified_gmt":"-0001-11-29T20:00:00","slug":"","status":"publish","type":"post","link":"https:\/\/ucnoqta.az\/?p=63037","title":{"rendered":"M\u00fcdafi\u0259 Nazirliyi: <font color=red><b>D\u00fc\u015fm\u0259n t\u0259xribat\u0131na qar\u015f\u0131 m\u00fcvafiq t\u0259dbirl\u0259r g\u00f6r\u00fcl\u0259c\u0259k<\/b><\/font>"},"content":{"rendered":"<p><strong>Az\u0259rbaycan M&uuml;dafi\u0259 Nazirliyi Erm\u0259nistan m\u0259tbuat\u0131nda qo\u015funlar\u0131n t\u0259mas x\u0259ttin\u0259 yax\u0131n \u0259razil\u0259rd\u0259 guya Az\u0259rbaycan Ordusunun canl\u0131 q&uuml;vv\u0259 v\u0259 d&ouml;y&uuml;\u015f texnikas\u0131n\u0131n c\u0259ml\u0259\u015fm\u0259si il\u0259 \u0259laq\u0259dar yay\u0131lan g&ouml;r&uuml;nt&uuml;l\u0259r\u0259 m&uuml;nasib\u0259t bildirib.<\/strong><\/p>\n<p>Ucnoqta.az x\u0259b\u0259r verir ki, M&uuml;dafi\u0259 Nazirliyinin M\u0259tbuat Xidm\u0259tind\u0259n APA-ya bildirilib ki, Erm\u0259nistan m\u0259tbuat\u0131n\u0131n qo\u015funlar\u0131n t\u0259mas x\u0259ttin\u0259 yax\u0131n \u0259razil\u0259rd\u0259 guya Az\u0259rbaycan Ordusunun canl\u0131 q&uuml;vv\u0259 v\u0259 h\u0259rbi texnikas\u0131n\u0131n c\u0259ml\u0259\u015fm\u0259si il\u0259 \u0259laq\u0259dar yayd\u0131\u011f\u0131 video n&ouml;vb\u0259ti t\u0259xribatd\u0131r: &ldquo;N&uuml;mayi\u015f etdiril\u0259n kadrlar Az\u0259rbaycan Ordusunun planl\u0131 sur\u0259td\u0259 ke&ccedil;irdiyi t\u0259liml\u0259rd\u0259 qo\u015funlar\u0131n yerd\u0259yi\u015fm\u0259si zaman\u0131 uzaq m\u0259saf\u0259d\u0259n v\u0259 m&uuml;xt\u0259lif rakurslardan &ccedil;\u0259kil\u0259r\u0259k montaj edilib.<\/p>\n<p>Erm\u0259nistandak\u0131 k&uuml;tl\u0259vi etirazlardan ciddi narahatl\u0131q ke&ccedil;ir\u0259n h\u0259rbi-siyasi rejim bu c&uuml;r t\u0259xribat xarakterli x\u0259b\u0259rl\u0259ri yaymaqla &ouml;z xalq\u0131n\u0131 qorxu i&ccedil;ind\u0259 saxlamaqda davam edir.<\/p>\n<p>M&uuml;dafi\u0259 Nazirliyi bildirir ki, ba\u015f ver\u0259 bil\u0259c\u0259k t\u0259xribatlara qar\u015f\u0131 m&uuml;vafiq t\u0259dbirl\u0259r g&ouml;r&uuml;l\u0259c\u0259k&rdquo;.<\/p>\n","protected":false},"excerpt":{"rendered":"<p>Az\u0259rbaycan M&uuml;dafi\u0259 Nazirliyi Erm\u0259nistan m\u0259tbuat\u0131nda qo\u015funlar\u0131n t\u0259mas x\u0259ttin\u0259 yax\u0131n \u0259razil\u0259rd\u0259 guya Az\u0259rbaycan Ordusunun canl\u0131 q&uuml;vv\u0259 v\u0259 d&ouml;y&uuml;\u015f texnikas\u0131n\u0131n c\u0259ml\u0259\u015fm\u0259si il\u0259 \u0259laq\u0259dar yay\u0131lan g&ouml;r&uuml;nt&uuml;l\u0259r\u0259 m&uuml;nasib\u0259t bildirib. Ucnoqta.az x\u0259b\u0259r verir ki, M&uuml;dafi\u0259&hellip;<\/p>\n","protected":false},"author":1,"featured_media":251278,"comment_status":"open","ping_status":"open","sticky":false,"template":"","format":"standard","meta":{"_lmt_disableupdate":"","_lmt_disable":"","footnotes":""},"categories":[],"tags":[],"class_list":["post-63037","post","type-post","status-publish","format-standard","has-post-thumbnail","hentry"],"_links":{"self":[{"href":"https:\/\/ucnoqta.az\/index.php?rest_route=\/wp\/v2\/posts\/63037","targetHints":{"allow":["GET"]}}],"collection":[{"href":"https:\/\/ucnoqta.az\/index.php?rest_route=\/wp\/v2\/posts"}],"about":[{"href":"https:\/\/ucnoqta.az\/index.php?rest_route=\/wp\/v2\/types\/post"}],"author":[{"embeddable":true,"href":"https:\/\/ucnoqta.az\/index.php?rest_route=\/wp\/v2\/users\/1"}],"replies":[{"embeddable":true,"href":"https:\/\/ucnoqta.az\/index.php?rest_route=%2Fwp%2Fv2%2Fcomments&post=63037"}],"version-history":[{"count":0,"href":"https:\/\/ucnoqta.az\/index.php?rest_route=\/wp\/v2\/posts\/63037\/revisions"}],"wp:featuredmedia":[{"embeddable":true,"href":"https:\/\/ucnoqta.az\/index.php?rest_route=\/wp\/v2\/media\/251278"}],"wp:attachment":[{"href":"https:\/\/ucnoqta.az\/index.php?rest_route=%2Fwp%2Fv2%2Fmedia&parent=63037"}],"wp:term":[{"taxonomy":"category","embeddable":true,"href":"https:\/\/ucnoqta.az\/index.php?rest_route=%2Fwp%2Fv2%2Fcategories&post=63037"},{"taxonomy":"post_tag","embeddable":true,"href":"https:\/\/ucnoqta.az\/index.php?rest_route=%2Fwp%2Fv2%2Ftags&post=63037"}],"curies":[{"name":"wp","href":"https:\/\/api.w.org\/{rel}","templated":true}]}}