{"id":63035,"date":"2018-04-23T11:27:43","date_gmt":"2018-04-23T07:27:43","guid":{"rendered":""},"modified":"-0001-11-30T00:00:00","modified_gmt":"-0001-11-29T20:00:00","slug":"","status":"publish","type":"post","link":"https:\/\/ucnoqta.az\/?p=63035","title":{"rendered":"\u201cBizim Planet\u201d- n\u00f6vb\u0259ti 7 ilin inaml\u0131 m\u00fczakir\u0259si"},"content":{"rendered":"<p><strong>Beyn\u0259lxalq M&uuml;nasib\u0259tl\u0259rin Ara\u015fd\u0131r\u0131lmas\u0131 M\u0259rk\u0259zinin s\u0259dri, politoloq Rufiz Qonaqovun t\u0259qdimat\u0131nda izl\u0259diyimiz &ldquo;Bizim Planet&rdquo; verili\u015find\u0259 h\u0259ft\u0259 \u0259rzind\u0259 ba\u015f ver\u0259n vacib siyasi hadis\u0259l\u0259r \u0259traf\u0131nda m&uuml;zakir\u0259l\u0259r apar\u0131l\u0131b. <\/strong><\/p>\n<p>BMAM m\u0259tbuat katibi Aysel Abbasovan\u0131n Ucnoqta.az-a verdiyi m\u0259lumata g&ouml;r\u0259, verli\u015fin bu d\u0259f\u0259ki qonaqlar\u0131 mill\u0259t v\u0259kili, professor Elman N\u0259sirov v\u0259 mill\u0259t v\u0259kili, Avropa- Az\u0259rbaycan Parlament \u018fm\u0259kda\u015fl\u0131q Komit\u0259sinin h\u0259ms\u0259dri Cavan\u015fir Feyziyev olub.&nbsp;<\/p>\n<p>Politoloq Rufiz Qonaqov h\u0259ft\u0259nin \u0259n m&uuml;h&uuml;m hadis\u0259si kimi aprelin 18-d\u0259 Az\u0259rbaycan Respublikas\u0131n\u0131n Prezidenti \u0130lham \u018fliyevin Milli M\u0259clisd\u0259 ke&ccedil;iril\u0259n andi&ccedil;m\u0259 m\u0259rasimini qeyd edib. Bildirib ki, andi&ccedil;m\u0259 m\u0259rasimind\u0259 prezident &ccedil;ox vacib m\u0259s\u0259l\u0259l\u0259r \u0259traf\u0131nda &ccedil;\u0131x\u0131\u015f edib. Rufiz Qonaqov vur\u011fulay\u0131b ki, prezident \u0130lham \u018fliyevin nitqind\u0259 toxundu\u011fu beyn\u0259lxalq m\u0259s\u0259l\u0259l\u0259r, Da\u011fl\u0131q Qaraba\u011f problemi, sosial siyas\u0259t, iqtisadi inki\u015faf v\u0259 dig\u0259r vacib m\u0259qamalar &ccedil;ox m&uuml;h&uuml;m \u0259h\u0259miyy\u0259t k\u0259sb edir.&nbsp;<\/p>\n<p>Bildirilib ki, Prezidentin son 15 il \u0259rzind\u0259 Az\u0259rbaycanda h\u0259rt\u0259r\u0259fli inki\u015faf\u0131n t\u0259min edilm\u0259si, Da\u011fl\u0131q Qaraba\u011f probleminin h\u0259lli il\u0259 ba\u011fl\u0131 qar\u015f\u0131da duran v\u0259zif\u0259l\u0259r, n&ouml;vb\u0259ti yeddi ild\u0259 g&ouml;r&uuml;l\u0259c\u0259k i\u015fl\u0259r, sabitliyin t\u0259minat&ccedil;\u0131s\u0131 kimi xalq-iqtidar birliyini x&uuml;susi qeyd etm\u0259si inmal\u0131 v\u0259 u\u011furlu g\u0259l\u0259c\u0259y\u0259 \u0259sas verir.&nbsp; Qeyd olunub ki, \u0130lham \u018fliyev &ouml;z &ccedil;\u0131x\u0131\u015f\u0131nda bu d\u0259f\u0259ki se&ccedil;kinin d\u0259 xalq\u0131n irad\u0259sini \u0259ks etdirdiyini x&uuml;susi vur\u011fulay\u0131b.&nbsp;<br \/>\nM\u0259s\u0259l\u0259y\u0259 m&uuml;nasib\u0259t bildir\u0259n mill\u0259t v\u0259kili Cavan\u015fir Feyziyev vur\u011fulay\u0131b ki, son 15 ild\u0259 Az\u0259rbaycan d&ouml;vl\u0259tinin h\u0259yata ke&ccedil;irtdiyi islahatlar v\u0259 Az\u0259rbaycan v\u0259t\u0259nda\u015f\u0131n\u0131n rifah hal\u0131n\u0131n y&uuml;ks\u0259lm\u0259si, iqtisadi, siyasi, m\u0259d\u0259ni inki\u015faf\u0131 g&ouml;st\u0259rir ki, Az\u0259rbaycanda bu q\u0259d\u0259r ard\u0131c\u0131l inki\u015faf tendensiyas\u0131n\u0131n oldu\u011fu bir d&ouml;vr m&uuml;\u015fahid\u0259 olunmay\u0131b. Avropa- Az\u0259rbaycan Parlament \u018fm\u0259kda\u015fl\u0131q Komit\u0259sinin h\u0259ms\u0259dri qeyd edib ki, ona g&ouml;r\u0259 d\u0259 se&ccedil;icil\u0259r haql\u0131 olaraq bu d\u0259f\u0259 \u0259vv\u0259lkind\u0259n daha y&uuml;ks\u0259k s\u0259s faizi il\u0259 \u0130lham \u018fliyevi Az\u0259rbaycan Respublikas\u0131n\u0131n Prezidenti se&ccedil;dil\u0259r. Buna \u0259sas is\u0259 se&ccedil;kiy\u0259 q\u0259d\u0259r &ouml;lk\u0259 \u0259razisind\u0259 ba\u015f ver\u0259n \u0259lam\u0259tdar hadis\u0259l\u0259r idi.<\/p>\n<p>Prezident \u0130lham \u018fliyevin andi&ccedil;m\u0259 m\u0259rasimind\u0259ki &ccedil;\u0131x\u0131\u015f\u0131n\u0131 \u015f\u0259rh ed\u0259n siyas\u0259t&ccedil;il\u0259r maraql\u0131 diskussiyalar apar\u0131blar. Bildirilib ki, \u0130lham \u018fliyevin h\u0259yata ke&ccedil;irtdiyi u\u011furlu daxili v\u0259 xarici siyas\u0259t, el\u0259c\u0259 d\u0259, Az\u0259rbaycan\u0131n bu g&uuml;n C\u0259nubi Qafqaz\u0131n lider d&ouml;vl\u0259ti olmas\u0131n\u0131n \u0259sas\u0131 d&uuml;zg&uuml;n qurulan d&ouml;vl\u0259t&ccedil;ilik siyas\u0259tinin layiqinc\u0259 davam etdirilm\u0259sind\u0259dir. Vur\u011fulan\u0131b ki, 15 il \u0259rzind\u0259 g&ouml;r&uuml;l\u0259n i\u015fl\u0259r say\u0259sind\u0259 \u0259ld\u0259 olunan u\u011furlar, d&uuml;nya miqyas\u0131nda h\u0259yata ke&ccedil;iril\u0259n iri infrastruktur layih\u0259l\u0259rin\u0259 imza at\u0131lmas\u0131 Az\u0259rbaycan\u0131 b&ouml;y&uuml;k enerji &ouml;lk\u0259si kimi tan\u0131d\u0131b. Qeyd olunub ki, &ouml;lk\u0259d\u0259 ged\u0259n y&uuml;ks\u0259k s\u0259viyy\u0259li sosial-iqtisadi inki\u015faf onu g&ouml;st\u0259rir ki, Az\u0259rbaycan m&uuml;st\u0259qillik tarixind\u0259 he&ccedil; vaxt bu q\u0259d\u0259r g&uuml;cl&uuml; d&ouml;vl\u0259t olmam\u0131\u015fd\u0131r. &ldquo;Bizim Planet&rdquo;d\u0259 \u0130lhma \u018fliyevin prezidentliyi d&ouml;vr&uuml;nd\u0259 Az\u0259rbaycan\u0131n b\u0259yn\u0259lxalq al\u0259md\u0259 s&ouml;z&uuml;n&uuml; dey\u0259n bir &ouml;lk\u0259y\u0259 &ccedil;evrilm\u0259sin\u0259 faktlarla n\u0259z\u0259r yetirilib. Qeyd edilib ki, Az\u0259rbaycan d&uuml;nyan\u0131n \u0259n qabaqc\u0131l beyn\u0259lxalq t\u0259\u015fkilatlar\u0131na &uuml;zv olmaqla b\u0259rab\u0259r, beyn\u0259lxalq tribunalarda &ouml;z s&ouml;z&uuml;n&uuml; dem\u0259k iqtidar\u0131na sahibdir. Vur\u011fulan\u0131b ki, Az\u0259rbaycan beyn\u0259lxlaq al\u0259md\u0259 &ouml;z t\u0259l\u0259b v\u0259 t\u0259klifl\u0259rini ir\u0259li s&uuml;r\u0259r\u0259k m&uuml;h&uuml;m layih\u0259l\u0259r\u0259 imza atmaq, h\u0259tta o layih\u0259l\u0259r\u0259 ev sahibliyi etm\u0259k missiyas\u0131n\u0131 da\u015f\u0131y\u0131r. M&ouml;ht\u0259\u015f\u0259m beyn\u0259lxlaq yar\u0131\u015flara, qlobal forumlara, vacib g&ouml;r&uuml;\u015fl\u0259r\u0259 \u0259n y&uuml;ks\u0259k s\u0259viyy\u0259d\u0259 r\u0259hb\u0259rlik edir. Bildirilib ki, Az\u0259rbaycan\u0131n daxilind\u0259 ba\u015f ver\u0259n ciddi d\u0259yi\u015fiklikl\u0259r beynlxalq t\u0259\u015fkilalara &ccedil;ox g&ouml;z\u0259l m\u0259lumdur. Buna g&ouml;r\u0259 d\u0259 onlar bu q\u0131sa m&uuml;dd\u0259td\u0259 Az\u0259rbaycan\u0131n \u0259ld\u0259 etdiyi naliyy\u0259tl\u0259ri y&uuml;ks\u0259k qiym\u0259tl\u0259ndirir v\u0259 &ouml;lk\u0259mizi b&ouml;y&uuml;k m\u0259mnuniyy\u0259tl\u0259 &ouml;z s\u0131ralar\u0131na daxil edirl\u0259r.&nbsp;<\/p>\n<p>Verili\u015fd\u0259 qeyd olunub ki, d&ouml;vl\u0259t ba\u015f&ccedil;\u0131s\u0131n\u0131n &ouml;z &ccedil;\u0131x\u0131\u015f\u0131nda Az\u0259rbaycanda ged\u0259n s&uuml;r\u0259tli demokratik inki\u015faf, b&uuml;t&uuml;n azadl\u0131qlar\u0131n t\u0259min edilm\u0259si il\u0259 ba\u011fl\u0131 fikirl\u0259ri son ill\u0259rin \u0259n vacib u\u011furlar\u0131ndan hesab olunur. \u0130lham \u018fliyevin siyasi m&uuml;bariz\u0259 m\u0259d\u0259niyy\u0259ti istiqam\u0259tiyl\u0259 ba\u011fl\u0131 fikirl\u0259rind\u0259 namiz\u0259dl\u0259rin &ccedil;\u0131x\u0131\u015flar\u0131nda t\u0259nqidi fikirl\u0259rinin s\u0259sl\u0259nm\u0259si fakt\u0131n\u0131 vur\u011fulamas\u0131, qald\u0131r\u0131lm\u0131\u015f m\u0259s\u0259l\u0259l\u0259r\u0259 diqq\u0259tl\u0259 bax\u0131laca\u011f\u0131 v\u0259 d\u0259y\u0259rli t\u0259klifl\u0259rin n\u0259z\u0259r\u0259 al\u0131nmas\u0131 il\u0259 ba\u011fl\u0131 fikirl\u0259ri d\u0259 m&uuml;sb\u0259t hal kimi qiym\u0259tl\u0259ndirilib.<br \/>\n&ldquo;Bizim Planet&rdquo;d\u0259 Prezidentin Erm\u0259nistan-Az\u0259rbaycan, Da\u011fl\u0131q Qaraba\u011f m&uuml;naqi\u015f\u0259sinin h\u0259lli il\u0259 ba\u011fl\u0131 q\u0259tiyy\u0259tli &ccedil;\u0131x\u0131\u015f\u0131na x&uuml;susi n\u0259z\u0259r yetirilib. \u0130lham \u018fliyev nitqind\u0259 bildirib: &ldquo;Da\u011fl\u0131q Qaraba\u011f m&uuml;naqi\u015f\u0259sinin h\u0259lli i\u015find\u0259 beyn\u0259lxalq t\u0259\u015fkilatlar\u0131n d\u0259st\u0259yini tam qazana bilmi\u015fik, Erm\u0259nistan\u0131n i\u015f\u011fal&ccedil;\u0131 siyas\u0259tini if\u015fa etmi\u015fik. Nail ola bilmi\u015fik ki, Erm\u0259nistan bu g&uuml;n b&uuml;t&uuml;n regional layih\u0259l\u0259rd\u0259n t\u0259crid edilmi\u015f v\u0259ziyy\u0259td\u0259dir. D&uuml;nyaya bir daha s&uuml;but ed\u0259 bilmi\u015fik ki, biz haql\u0131y\u0131q. Baxmayaraq ki, biz\u0259 qar\u015f\u0131 kampaniyalar apar\u0131l\u0131r, erm\u0259ni lobbi t\u0259\u015fkilatlar\u0131 biz\u0259 qar\u015f\u0131 kampaniyalar apar\u0131r. Ancaq bu kampaniyalar beyn\u0259lxalq t\u0259\u015fkilatlar\u0131n q\u0259rarlar\u0131na t\u0259sir ed\u0259 bilm\u0259di. Biz siyasi v\u0259 diplomatik u\u011furlar qazana bildik. Qondarma &ldquo;Da\u011fl\u0131q Qaraba\u011f&rdquo;\u0131 he&ccedil; kim tan\u0131m\u0131r v\u0259 \u0259min\u0259m ki, tan\u0131mayacaq. Orada ke&ccedil;iril\u0259n qondarma &ldquo;referendum&rdquo;u bizim qon\u015fu &ouml;lk\u0259l\u0259rimiz v\u0259 beyn\u0259lxalq t\u0259\u015fkilatlar pisl\u0259dil\u0259r&rdquo;.<\/p>\n<p>M\u0259s\u0259l\u0259y\u0259 m&uuml;nasib\u0259t bildir\u0259n mill\u0259t v\u0259kili Elman N\u0259sirov bildirib ki, c\u0259nab Prezidentin toxundu\u011fu Erm\u0259nistan-Az\u0259rbaycan, Da\u011fl\u0131q Qaraba\u011f m&uuml;naqi\u015f\u0259sinin h\u0259lli il\u0259 ba\u011fl\u0131 &ccedil;\u0131x\u0131\u015f\u0131 \u0259sas m\u0259s\u0259l\u0259l\u0259r s\u0131ras\u0131na daxildir. &ldquo;D&ouml;vl\u0259t ba\u015f&ccedil;\u0131s\u0131 d\u0259fl\u0259l\u0259rl\u0259 qeyd edib ki, Az\u0259rbyacan siyas\u0259tnin \u0259n m&uuml;h&uuml;m piroritet istiqam\u0259tl\u0259ri bu m&uuml;naqi\u015f\u0259nin h\u0259lli m\u0259s\u0259l\u0259sidir. M&uuml;naqi\u015f\u0259nin h\u0259llind\u0259 el\u0259 bir ciddi ir\u0259lil\u0259yi\u015f \u0259ld\u0259 edilm\u0259s\u0259 d\u0259 Az\u0259rbaycan\u0131n siyasi, diplomatik v\u0259 h\u0259rbi &uuml;st&uuml;nl&uuml;y&uuml; tam t\u0259min edilib. Erm\u0259nistan istisna olmaqla d&uuml;nyan\u0131n he&ccedil; bir &ouml;lk\u0259si bu qondarma rejimi tan\u0131may\u0131b. Bu bizim &ccedil;ox m&uuml;h&uuml;m siyasi naliyy\u0259timizdir&rdquo;- dey\u0259 Elman N\u0259sirov vur\u011fulay\u0131b.&nbsp;<br \/>\nMaraql\u0131 siyasi m&uuml;zakir\u0259l\u0259rin apar\u0131l\u0131d\u0131\u011f\u0131 &ldquo;Bizim Planet&rdquo;d\u0259 Erm\u0259nistanda ba\u015f ver\u0259n son hadis\u0259l\u0259r bar\u0259sind\u0259 d\u0259 dan\u0131\u015f\u0131l\u0131b. Bildirilib ki, son g&uuml;nl\u0259r Erm\u0259nistanda m\u0259xm\u0259ri inqilab ad\u0131 alt\u0131nda ba\u015f ver\u0259n siyasi ehiras dal\u011fas\u0131 alovlanmaqda davam edir. D&uuml;nyan\u0131n \u0259n qabaqc\u0131l v\u0259 n&uuml;fuzlu K\u0130V-l\u0259rinin qeyd\u0259 ald\u0131\u011f\u0131 bu hadis\u0259l\u0259r art\u0131q s&uuml;but etdi ki, i\u015f\u011fal&ccedil;\u0131 rejimin yaratd\u0131\u011f\u0131 yalan&ccedil;\u0131 Erm\u0259nistan d&ouml;vl\u0259tinin varl\u0131\u011f\u0131 v\u0259 aqib\u0259ti g&ouml;z qaba\u011f\u0131ndad\u0131r. Sarkisyan rejimin\u0259 qar\u015f\u0131 ba\u015flayan bu k&uuml;tl\u0259vi etirazlar onu g&ouml;st\u0259rir ki, erm\u0259ni xalq\u0131 qar\u015f\u0131s\u0131nda duran \u0259sas problemi- Da\u011fl\u0131q Qaraba\u011f problemini v\u0259 bu m\u0259s\u0259l\u0259nin do\u011furdu\u011fu kas\u0131b&ccedil;\u0131l\u0131q, i\u015fsizlik v\u0259 a\u011f\u0131r g&uuml;z\u0259ran m\u0259s\u0259l\u0259l\u0259ri Az\u0259rbaycanla dil tapmadan m&uuml;mk&uuml;ns&uuml;zd&uuml;r. H\u0259tta Erm\u0259instan m\u0259tbuat\u0131nda d\u0259rc olunan informasiyalarda da Az\u0259rbaycan\u0131n u\u011furlar\u0131ndan b\u0259hs olunmas\u0131 Erm\u0259nistan d&ouml;vl\u0259tinin maddi- m\u0259n\u0259vi &ccedil;&ouml;km\u0259si v\u0259 Az\u0259rbaycan d&ouml;vl\u0259tinin \u015f\u0259r\u0259fli q\u0259l\u0259b\u0259sidir.<\/p>\n<p>Qeyd olunub ki, h\u0259r bir sah\u0259 &uuml;zr\u0259 konkret proqram v\u0259 planlar\u0131 olan Az\u0259rbaycan d&ouml;vl\u0259ti b&uuml;t&uuml;n beyn\u0259lxalq m\u0259s\u0259l\u0259l\u0259rd\u0259, siyasi-iqtisadi islahatlar\u0131n d\u0259rinl\u0259\u015fm\u0259sind\u0259 v\u0259 s. istiqam\u0259tl\u0259rd\u0259 n&ouml;vb\u0259ti 7 il m&uuml;dd\u0259tind\u0259 &ccedil;ox m&uuml;h&uuml;m u\u011furlar \u0259ld\u0259 ed\u0259c\u0259k.&nbsp;<\/p>\n<p>&nbsp;<\/p>\n<p>&nbsp;<\/p>\n<p>\n&nbsp;<\/p>\n","protected":false},"excerpt":{"rendered":"<p>Beyn\u0259lxalq M&uuml;nasib\u0259tl\u0259rin Ara\u015fd\u0131r\u0131lmas\u0131 M\u0259rk\u0259zinin s\u0259dri, politoloq Rufiz Qonaqovun t\u0259qdimat\u0131nda izl\u0259diyimiz &ldquo;Bizim Planet&rdquo; verili\u015find\u0259 h\u0259ft\u0259 \u0259rzind\u0259 ba\u015f ver\u0259n vacib siyasi hadis\u0259l\u0259r \u0259traf\u0131nda m&uuml;zakir\u0259l\u0259r apar\u0131l\u0131b. BMAM m\u0259tbuat katibi Aysel Abbasovan\u0131n Ucnoqta.az-a verdiyi&hellip;<\/p>\n","protected":false},"author":1,"featured_media":251278,"comment_status":"open","ping_status":"open","sticky":false,"template":"","format":"standard","meta":{"_lmt_disableupdate":"","_lmt_disable":"","footnotes":""},"categories":[86],"tags":[],"class_list":["post-63035","post","type-post","status-publish","format-standard","has-post-thumbnail","hentry","category-siyaset"],"_links":{"self":[{"href":"https:\/\/ucnoqta.az\/index.php?rest_route=\/wp\/v2\/posts\/63035","targetHints":{"allow":["GET"]}}],"collection":[{"href":"https:\/\/ucnoqta.az\/index.php?rest_route=\/wp\/v2\/posts"}],"about":[{"href":"https:\/\/ucnoqta.az\/index.php?rest_route=\/wp\/v2\/types\/post"}],"author":[{"embeddable":true,"href":"https:\/\/ucnoqta.az\/index.php?rest_route=\/wp\/v2\/users\/1"}],"replies":[{"embeddable":true,"href":"https:\/\/ucnoqta.az\/index.php?rest_route=%2Fwp%2Fv2%2Fcomments&post=63035"}],"version-history":[{"count":0,"href":"https:\/\/ucnoqta.az\/index.php?rest_route=\/wp\/v2\/posts\/63035\/revisions"}],"wp:featuredmedia":[{"embeddable":true,"href":"https:\/\/ucnoqta.az\/index.php?rest_route=\/wp\/v2\/media\/251278"}],"wp:attachment":[{"href":"https:\/\/ucnoqta.az\/index.php?rest_route=%2Fwp%2Fv2%2Fmedia&parent=63035"}],"wp:term":[{"taxonomy":"category","embeddable":true,"href":"https:\/\/ucnoqta.az\/index.php?rest_route=%2Fwp%2Fv2%2Fcategories&post=63035"},{"taxonomy":"post_tag","embeddable":true,"href":"https:\/\/ucnoqta.az\/index.php?rest_route=%2Fwp%2Fv2%2Ftags&post=63035"}],"curies":[{"name":"wp","href":"https:\/\/api.w.org\/{rel}","templated":true}]}}