{"id":63033,"date":"2018-04-23T11:15:36","date_gmt":"2018-04-23T07:15:36","guid":{"rendered":""},"modified":"-0001-11-30T00:00:00","modified_gmt":"-0001-11-29T20:00:00","slug":"","status":"publish","type":"post","link":"https:\/\/ucnoqta.az\/?p=63033","title":{"rendered":"Bu g\u00fcn MTN-nin generallar\u0131na h\u00f6km oxunacaq"},"content":{"rendered":"<p><strong>Xan\u0131m general\u0131n azadl\u0131qda son g&ouml;r&uuml;nt&uuml;s&uuml; &#8211; Video<\/strong><\/p>\n<p>Bu g&uuml;n MTN-nin generallar\u0131 S&uuml;bahir Qurbanov, Teymur Quliyev, Natavan Mirv\u0259tova v\u0259 onlar\u0131n \u0259m\u0259kda\u015flar\u0131 Fizuli \u018fliyev, Zaur M\u0259mm\u0259dov, Natiq Al\u0131yev, F\u0259rhad Atayev, Anar \u015eir\u0259liyev, E\u015fqin \u018fliyev, El\u015fad \u018fzizova h&ouml;km oxunacaq.&nbsp;<\/p>\n<p>Ucnoqta.az &ldquo;Qafqazinfo&rdquo;ya istinad\u0259n&nbsp;x\u0259b\u0259r verir ki, Bak\u0131 H\u0259rbi M\u0259hk\u0259m\u0259sinin s\u0259dri H\u0259bib H\u0259s\u0259novun icraat\u0131nda olan prosesd\u0259 h&ouml;km&uuml;n saat 10-da elan olunmas\u0131na ba\u015flayaca\u011f\u0131 g&ouml;zl\u0259nilir.<\/p>\n<p>Qeyd ed\u0259k ki, d&ouml;vl\u0259t ittiham&ccedil;\u0131s\u0131 &ccedil;\u0131x\u0131\u015f ed\u0259r\u0259k general S&uuml;bahir Qurbanovun 16 il, Teymur Quliyevin 16 il, Nat\u0259van Mirv\u0259tovan\u0131n 12 il, F&uuml;zuli \u018fliyev 15 il, Natiq \u018fliyev 14 il,&nbsp; Zaur M\u0259mm\u0259dov 13 il, El\u015fad \u018fzizov 8 il, F\u0259rhad Atayev 7 il , Anar \u015eir\u0259liyev 7 il, E\u015fqin \u018fliyevin 7 il m&uuml;dd\u0259tin\u0259 azadl\u0131qdan m\u0259hrum edilm\u0259sini ist\u0259yib.<br \/>\nProkuror t\u0259qsirl\u0259ndiril\u0259n \u015f\u0259xsl\u0259rin h\u0259r birinin h\u0259rbi r&uuml;tb\u0259l\u0259rind\u0259n azad olunmas\u0131n\u0131 ist\u0259yib. Bunun &uuml;&ccedil;&uuml;n generallarla ba\u011fl\u0131 prezident\u0259, dig\u0259r r&uuml;tb\u0259li \u015f\u0259xsl\u0259rl\u0259 ba\u011fl\u0131 m&uuml;vafiq qurumlara t\u0259qdimat verilm\u0259sini ist\u0259yib. D&ouml;vl\u0259t T\u0259hl&uuml;k\u0259sizlik Xidm\u0259tinin 1 milyon manatl\u0131q m&uuml;lki iddias\u0131n\u0131n t\u0259min olunmas\u0131n\u0131 ist\u0259yib.&nbsp;<\/p>\n","protected":false},"excerpt":{"rendered":"<p>Xan\u0131m general\u0131n azadl\u0131qda son g&ouml;r&uuml;nt&uuml;s&uuml; &#8211; Video Bu g&uuml;n MTN-nin generallar\u0131 S&uuml;bahir Qurbanov, Teymur Quliyev, Natavan Mirv\u0259tova v\u0259 onlar\u0131n \u0259m\u0259kda\u015flar\u0131 Fizuli \u018fliyev, Zaur M\u0259mm\u0259dov, Natiq Al\u0131yev, F\u0259rhad Atayev, Anar \u015eir\u0259liyev,&hellip;<\/p>\n","protected":false},"author":1,"featured_media":251278,"comment_status":"open","ping_status":"open","sticky":false,"template":"","format":"standard","meta":{"_lmt_disableupdate":"","_lmt_disable":"","footnotes":""},"categories":[],"tags":[],"class_list":["post-63033","post","type-post","status-publish","format-standard","has-post-thumbnail","hentry"],"_links":{"self":[{"href":"https:\/\/ucnoqta.az\/index.php?rest_route=\/wp\/v2\/posts\/63033","targetHints":{"allow":["GET"]}}],"collection":[{"href":"https:\/\/ucnoqta.az\/index.php?rest_route=\/wp\/v2\/posts"}],"about":[{"href":"https:\/\/ucnoqta.az\/index.php?rest_route=\/wp\/v2\/types\/post"}],"author":[{"embeddable":true,"href":"https:\/\/ucnoqta.az\/index.php?rest_route=\/wp\/v2\/users\/1"}],"replies":[{"embeddable":true,"href":"https:\/\/ucnoqta.az\/index.php?rest_route=%2Fwp%2Fv2%2Fcomments&post=63033"}],"version-history":[{"count":0,"href":"https:\/\/ucnoqta.az\/index.php?rest_route=\/wp\/v2\/posts\/63033\/revisions"}],"wp:featuredmedia":[{"embeddable":true,"href":"https:\/\/ucnoqta.az\/index.php?rest_route=\/wp\/v2\/media\/251278"}],"wp:attachment":[{"href":"https:\/\/ucnoqta.az\/index.php?rest_route=%2Fwp%2Fv2%2Fmedia&parent=63033"}],"wp:term":[{"taxonomy":"category","embeddable":true,"href":"https:\/\/ucnoqta.az\/index.php?rest_route=%2Fwp%2Fv2%2Fcategories&post=63033"},{"taxonomy":"post_tag","embeddable":true,"href":"https:\/\/ucnoqta.az\/index.php?rest_route=%2Fwp%2Fv2%2Ftags&post=63033"}],"curies":[{"name":"wp","href":"https:\/\/api.w.org\/{rel}","templated":true}]}}