{"id":63031,"date":"2018-04-23T11:09:23","date_gmt":"2018-04-23T07:09:23","guid":{"rendered":""},"modified":"-0001-11-30T00:00:00","modified_gmt":"-0001-11-29T20:00:00","slug":"","status":"publish","type":"post","link":"https:\/\/ucnoqta.az\/?p=63031","title":{"rendered":"D\u00fcnyan\u0131n bir ne\u00e7\u0259 \u015f\u0259h\u0259rind\u0259 Serj Sarqsyana qar\u015f\u0131 etiraz aksiyas\u0131 ke\u00e7irilib"},"content":{"rendered":"<p><strong>AB\u015e-\u0131n Kaliforniya \u015ftat\u0131n\u0131n Qlendeyl \u015f\u0259h\u0259rind\u0259 Serj Sarqsyan\u0131n Erm\u0259nistan\u0131n ba\u015f naziri olmas\u0131na qar\u015f\u0131 etiraz aksiyas\u0131 ke&ccedil;irilib.<\/strong><\/p>\n<p>&ldquo;Report&rdquo; Erm\u0259nistan K\u0130V-in\u0259 istinad\u0259n x\u0259b\u0259r verir ki, mitinqi AB\u015e-dak\u0131 erm\u0259ni icmas\u0131 t\u0259\u015fkil edib.<\/p>\n<p>Bildirilib ki, bu \u015f\u0259h\u0259rd\u0259 &ccedil;oxlu sayda erm\u0259ni ya\u015fay\u0131r. M\u0259lumata g&ouml;r\u0259, icman\u0131n ke&ccedil;irdiyi aksiyalarda indiy\u0259d\u0259k bu q\u0259d\u0259r sayda adam i\u015ftirak etm\u0259yib. Y&uuml;r&uuml;\u015f i\u015ftirak&ccedil;\u0131lar\u0131 Erm\u0259nistan m&uuml;xalif\u0259tinin lideri, deputat Nikol Pa\u015finyan\u0131n azad\u0131\u011fa burax\u0131lmas\u0131n\u0131 t\u0259l\u0259b edibl\u0259r.<\/p>\n<p>S.Sarqsyana qar\u015f\u0131 etiraz aksiyalar\u0131 Moskva, Los-Ancelos, Paris, Marsel, Berlin, Br&uuml;ssel, Minsk v\u0259 ba\u015fqa \u015f\u0259h\u0259rl\u0259rd\u0259 d\u0259 ke&ccedil;irilib.<\/p>\n<p>Qeyd ed\u0259k ki, aprelin13-d\u0259n Serj Sarqysan\u0131n ba\u015f nazir ollmas\u0131na qar\u015f\u0131 etiraz aksiyas\u0131 ke&ccedil;irilir. Etiraz aksiyalar\u0131na baxmayaraq, aprein 17-d\u0259 Erm\u0259nistan parlamenti Serj Sarqyan\u0131n ba\u015f nazir se&ccedil;ib.&nbsp;<\/p>\n","protected":false},"excerpt":{"rendered":"<p>AB\u015e-\u0131n Kaliforniya \u015ftat\u0131n\u0131n Qlendeyl \u015f\u0259h\u0259rind\u0259 Serj Sarqsyan\u0131n Erm\u0259nistan\u0131n ba\u015f naziri olmas\u0131na qar\u015f\u0131 etiraz aksiyas\u0131 ke&ccedil;irilib. &ldquo;Report&rdquo; Erm\u0259nistan K\u0130V-in\u0259 istinad\u0259n x\u0259b\u0259r verir ki, mitinqi AB\u015e-dak\u0131 erm\u0259ni icmas\u0131 t\u0259\u015fkil edib. Bildirilib ki,&hellip;<\/p>\n","protected":false},"author":1,"featured_media":251278,"comment_status":"open","ping_status":"open","sticky":false,"template":"","format":"standard","meta":{"_lmt_disableupdate":"","_lmt_disable":"","footnotes":""},"categories":[],"tags":[],"class_list":["post-63031","post","type-post","status-publish","format-standard","has-post-thumbnail","hentry"],"_links":{"self":[{"href":"https:\/\/ucnoqta.az\/index.php?rest_route=\/wp\/v2\/posts\/63031","targetHints":{"allow":["GET"]}}],"collection":[{"href":"https:\/\/ucnoqta.az\/index.php?rest_route=\/wp\/v2\/posts"}],"about":[{"href":"https:\/\/ucnoqta.az\/index.php?rest_route=\/wp\/v2\/types\/post"}],"author":[{"embeddable":true,"href":"https:\/\/ucnoqta.az\/index.php?rest_route=\/wp\/v2\/users\/1"}],"replies":[{"embeddable":true,"href":"https:\/\/ucnoqta.az\/index.php?rest_route=%2Fwp%2Fv2%2Fcomments&post=63031"}],"version-history":[{"count":0,"href":"https:\/\/ucnoqta.az\/index.php?rest_route=\/wp\/v2\/posts\/63031\/revisions"}],"wp:featuredmedia":[{"embeddable":true,"href":"https:\/\/ucnoqta.az\/index.php?rest_route=\/wp\/v2\/media\/251278"}],"wp:attachment":[{"href":"https:\/\/ucnoqta.az\/index.php?rest_route=%2Fwp%2Fv2%2Fmedia&parent=63031"}],"wp:term":[{"taxonomy":"category","embeddable":true,"href":"https:\/\/ucnoqta.az\/index.php?rest_route=%2Fwp%2Fv2%2Fcategories&post=63031"},{"taxonomy":"post_tag","embeddable":true,"href":"https:\/\/ucnoqta.az\/index.php?rest_route=%2Fwp%2Fv2%2Ftags&post=63031"}],"curies":[{"name":"wp","href":"https:\/\/api.w.org\/{rel}","templated":true}]}}