{"id":63017,"date":"2018-04-22T12:19:51","date_gmt":"2018-04-22T08:19:51","guid":{"rendered":""},"modified":"-0001-11-30T00:00:00","modified_gmt":"-0001-11-29T20:00:00","slug":"","status":"publish","type":"post","link":"https:\/\/ucnoqta.az\/?p=63017","title":{"rendered":"Qarada\u011fda vulkan p\u00fcsk\u00fcr\u00fcb- <font color=red><b>Foto<\/b><\/font>"},"content":{"rendered":"<p>Bak\u0131 \u015f\u0259h\u0259ri Qarada\u011f rayonu \u0259razisind\u0259 yerl\u0259\u015f\u0259n Tora\u011fay pal\u00e7\u0131q vulkan\u0131nda 2 d\u0259f\u0259 p\u00fcsk\u00fcrm\u0259 ba\u015f verib.<\/p>\n<p>Ucnoqta.az x\u0259b\u0259r verir ki, Ekologiya v\u0259 T\u0259bii S\u0259rv\u0259tl\u0259r Nazirliyind\u0259n veril\u0259n m\u0259lumata g\u00f6r\u0259, birinci p\u00fcsk\u00fcrm\u0259 s\u0259h\u0259r saat 8, ikinci is\u0259 saat 10 rad\u0259l\u0259rind\u0259 qeyd\u0259 al\u0131n\u0131b. Haz\u0131rda proses davam edir.<\/p>\n<p>Qeyd ed\u0259k ki, pal\u00e7\u0131q vulkan\u0131n\u0131n \u0259traf\u0131nda he\u00e7 bir ya\u015fay\u0131\u015f m\u0259nt\u0259q\u0259si yoxdur.<\/p>\n<p>Ekologiya v\u0259 T\u0259bii S\u0259rv\u0259tl\u0259r Nazirliyinin m\u00fct\u0259x\u0259ssisl\u0259ri t\u0259r\u0259find\u0259n p\u00fcsk\u00fcrm\u0259 v\u0259 onun n\u0259tic\u0259l\u0259ri \u00f6yr\u0259nilir, m\u00fcvafiq m\u00fc\u015fahid\u0259l\u0259r h\u0259yata ke\u00e7irilir.<\/p>\n<p>Tora\u011fay pal\u00e7\u0131q vulkan\u0131 ETSN-nin Bak\u0131 v\u0259 Ab\u015feron yar\u0131madas\u0131n\u0131n pal\u00e7\u0131q vulkanlar\u0131 qrupu D\u00f6vl\u0259t T\u0259bi\u0259t Qoru\u011funun \u0259razisin\u0259 daxildir. Bu g\u00fcn\u0259d\u0259k vulkan 11 d\u0259f\u0259 p\u00fcsk\u00fcr\u00fcb. Sonuncu d\u0259f\u0259 bu \u0259razid\u0259 2018-ci ilin mart\u0131n 1-d\u0259 vulkan p\u00fcsk\u00fcrm\u0259si qeyd\u0259 al\u0131n\u0131b.<\/p>\n","protected":false},"excerpt":{"rendered":"<p>Bak\u0131 \u015f\u0259h\u0259ri Qarada\u011f rayonu \u0259razisind\u0259 yerl\u0259\u015f\u0259n Tora\u011fay pal\u00e7\u0131q vulkan\u0131nda 2 d\u0259f\u0259 p\u00fcsk\u00fcrm\u0259 ba\u015f verib. Ucnoqta.az x\u0259b\u0259r verir ki, Ekologiya v\u0259 T\u0259bii S\u0259rv\u0259tl\u0259r Nazirliyind\u0259n veril\u0259n m\u0259lumata g\u00f6r\u0259, birinci p\u00fcsk\u00fcrm\u0259 s\u0259h\u0259r saat&hellip;<\/p>\n","protected":false},"author":1,"featured_media":251278,"comment_status":"open","ping_status":"open","sticky":false,"template":"","format":"standard","meta":{"_lmt_disableupdate":"","_lmt_disable":"","footnotes":""},"categories":[],"tags":[],"class_list":["post-63017","post","type-post","status-publish","format-standard","has-post-thumbnail","hentry"],"_links":{"self":[{"href":"https:\/\/ucnoqta.az\/index.php?rest_route=\/wp\/v2\/posts\/63017","targetHints":{"allow":["GET"]}}],"collection":[{"href":"https:\/\/ucnoqta.az\/index.php?rest_route=\/wp\/v2\/posts"}],"about":[{"href":"https:\/\/ucnoqta.az\/index.php?rest_route=\/wp\/v2\/types\/post"}],"author":[{"embeddable":true,"href":"https:\/\/ucnoqta.az\/index.php?rest_route=\/wp\/v2\/users\/1"}],"replies":[{"embeddable":true,"href":"https:\/\/ucnoqta.az\/index.php?rest_route=%2Fwp%2Fv2%2Fcomments&post=63017"}],"version-history":[{"count":0,"href":"https:\/\/ucnoqta.az\/index.php?rest_route=\/wp\/v2\/posts\/63017\/revisions"}],"wp:featuredmedia":[{"embeddable":true,"href":"https:\/\/ucnoqta.az\/index.php?rest_route=\/wp\/v2\/media\/251278"}],"wp:attachment":[{"href":"https:\/\/ucnoqta.az\/index.php?rest_route=%2Fwp%2Fv2%2Fmedia&parent=63017"}],"wp:term":[{"taxonomy":"category","embeddable":true,"href":"https:\/\/ucnoqta.az\/index.php?rest_route=%2Fwp%2Fv2%2Fcategories&post=63017"},{"taxonomy":"post_tag","embeddable":true,"href":"https:\/\/ucnoqta.az\/index.php?rest_route=%2Fwp%2Fv2%2Ftags&post=63017"}],"curies":[{"name":"wp","href":"https:\/\/api.w.org\/{rel}","templated":true}]}}