{"id":63015,"date":"2018-04-22T12:00:34","date_gmt":"2018-04-22T08:00:34","guid":{"rendered":""},"modified":"-0001-11-30T00:00:00","modified_gmt":"-0001-11-29T20:00:00","slug":"","status":"publish","type":"post","link":"https:\/\/ucnoqta.az\/?p=63015","title":{"rendered":"Almaniya m\u00fcdafi\u0259 naziri: Rusiyaya qar\u015f\u0131 daha s\u0259rt kurs h\u0259yata ke\u00e7irilm\u0259lidir"},"content":{"rendered":"<p>Almaniya m\u00fcdafi\u0259 naziri Ursula fon der Lyayen Rusiyaya qar\u015f\u0131 daha s\u0259rt kurs h\u0259yata ke\u00e7irilm\u0259sini\u00a0z\u0259ruri say\u0131r.<\/p>\n<p>\u00a0<\/p>\n<p>Ucnoqta.az APA-ya istinad\u0259n x\u0259b\u0259r verir ko, Ursula fon der Lyayenin bu g\u00fcn &#8220;Bild am Sonntag&#8221; n\u0259\u015frind\u0259 d\u0259rc olunan m\u00fcsahib\u0259sind\u0259 bildirib ki, Rusiya prezidenti Vladimir Putin &#8220;z\u0259ifliyi qiym\u0259tl\u0259ndirmir&#8221;, sanksiyalar yolu il\u0259 r\u0259smi Moskvan\u0131 Minsk \u00f6hd\u0259likl\u0259rini yerin\u0259 yetirm\u0259y\u0259 m\u0259cbur etm\u0259k laz\u0131md\u0131r.<\/p>\n<p>Almaniya m\u00fcdafi\u0259 naziri Rusiya il\u0259 m\u00fcnasib\u0259tl\u0259ri yax\u015f\u0131la\u015fd\u0131rma\u011fa bir ne\u00e7\u0259 amilin mane oldu\u011funu n\u0259z\u0259r\u0259 \u00e7atd\u0131r\u0131b. Bu s\u0131rada da Kr\u0131m\u0131n i\u015f\u011fal\u0131n\u0131, Rusiyan\u0131n Ukraynan\u0131n \u015f\u0259rqind\u0259 v\u0259ziyy\u0259ti g\u0259rginl\u0259\u015fdirm\u0259sini, Rusiya aviasiyas\u0131 t\u0259r\u0259find\u0259n bombalanma n\u0259tic\u0259sind\u0259 Suriyan\u0131n H\u0259l\u0259b \u015f\u0259h\u0259rinin da\u011f\u0131d\u0131lmas\u0131n\u0131 v\u0259 B\u0259\u015f\u0259r \u018fs\u0259d rejimini m\u00fcdafi\u0259 etm\u0259sini g\u00f6st\u0259rib. Ursula fon der Lyayen d\u00fc\u015fm\u0259n obraz\u0131n\u0131n Q\u0259rb\u0259 deyil, Kreml\u0259 laz\u0131m oldu\u011funu vur\u011fulay\u0131b. Eyni zamanda Moskva il\u0259 dialoqa haz\u0131r olma\u011f\u0131 vacib say\u0131b: &#8220;Avropa \u0130ttifaq\u0131 x\u00fcsus\u0259n xarici siyas\u0259t sah\u0259sind\u0259 q\u0259rar q\u0259bul etm\u0259 mexanizmini d\u0259yi\u015fdirm\u0259k d\u0259 z\u0259ruridir. Haz\u0131rda q\u0259rar\u0131n q\u0259bulu \u00fc\u00e7\u00fcn Avropa \u0130ttifaq\u0131na \u00fczv 28 d\u00f6vl\u0259tin ham\u0131s\u0131n\u0131n raz\u0131l\u0131\u011f\u0131 t\u0259l\u0259b olunur. Ancaq d\u00fcnyadak\u0131 v\u0259ziyy\u0259t b\u0259z\u0259n s\u00fcr\u0259tli reaksiya verm\u0259yi t\u0259l\u0259b edir. Buna g\u00f6r\u0259 d\u0259 Avropa \u0130ttifaq\u0131nda q\u0259rarlar\u0131n sad\u0259 \u00e7oxluqla q\u0259bulu m\u0259s\u0259l\u0259sini qald\u0131rmaq laz\u0131md\u0131r&#8221;.<\/p>\n","protected":false},"excerpt":{"rendered":"<p>Almaniya m\u00fcdafi\u0259 naziri Ursula fon der Lyayen Rusiyaya qar\u015f\u0131 daha s\u0259rt kurs h\u0259yata ke\u00e7irilm\u0259sini\u00a0z\u0259ruri say\u0131r. \u00a0 Ucnoqta.az APA-ya istinad\u0259n x\u0259b\u0259r verir ko, Ursula fon der Lyayenin bu g\u00fcn &#8220;Bild am&hellip;<\/p>\n","protected":false},"author":1,"featured_media":251278,"comment_status":"open","ping_status":"open","sticky":false,"template":"","format":"standard","meta":{"_lmt_disableupdate":"","_lmt_disable":"","footnotes":""},"categories":[89],"tags":[],"class_list":["post-63015","post","type-post","status-publish","format-standard","has-post-thumbnail","hentry","category-dunya-butun-xeberler"],"_links":{"self":[{"href":"https:\/\/ucnoqta.az\/index.php?rest_route=\/wp\/v2\/posts\/63015","targetHints":{"allow":["GET"]}}],"collection":[{"href":"https:\/\/ucnoqta.az\/index.php?rest_route=\/wp\/v2\/posts"}],"about":[{"href":"https:\/\/ucnoqta.az\/index.php?rest_route=\/wp\/v2\/types\/post"}],"author":[{"embeddable":true,"href":"https:\/\/ucnoqta.az\/index.php?rest_route=\/wp\/v2\/users\/1"}],"replies":[{"embeddable":true,"href":"https:\/\/ucnoqta.az\/index.php?rest_route=%2Fwp%2Fv2%2Fcomments&post=63015"}],"version-history":[{"count":0,"href":"https:\/\/ucnoqta.az\/index.php?rest_route=\/wp\/v2\/posts\/63015\/revisions"}],"wp:featuredmedia":[{"embeddable":true,"href":"https:\/\/ucnoqta.az\/index.php?rest_route=\/wp\/v2\/media\/251278"}],"wp:attachment":[{"href":"https:\/\/ucnoqta.az\/index.php?rest_route=%2Fwp%2Fv2%2Fmedia&parent=63015"}],"wp:term":[{"taxonomy":"category","embeddable":true,"href":"https:\/\/ucnoqta.az\/index.php?rest_route=%2Fwp%2Fv2%2Fcategories&post=63015"},{"taxonomy":"post_tag","embeddable":true,"href":"https:\/\/ucnoqta.az\/index.php?rest_route=%2Fwp%2Fv2%2Ftags&post=63015"}],"curies":[{"name":"wp","href":"https:\/\/api.w.org\/{rel}","templated":true}]}}