{"id":63003,"date":"2018-04-21T19:40:59","date_gmt":"2018-04-21T15:40:59","guid":{"rendered":""},"modified":"-0001-11-30T00:00:00","modified_gmt":"-0001-11-29T20:00:00","slug":"","status":"publish","type":"post","link":"https:\/\/ucnoqta.az\/?p=63003","title":{"rendered":"G\u00f6yg\u00f6ld\u0259  &#8220;UAZ&#8221; d\u0259r\u0259y\u0259 a\u015f\u0131b"},"content":{"rendered":"<p>G\u00f6yg\u00f6l rayonunda avtomobil qara d\u0259r\u0259sin\u0259 d\u00fc\u015f\u00fcb.<\/p>\n<p>Ucnoqta.az &#8220;Report&#8221;a istinad\u0259n x\u0259b\u0259r verir ki, hadis\u0259 rayonun Hac\u0131k\u0259nd-T\u00fclallar yolunda ba\u015f verib.\u00a0<\/p>\n<p>Bel\u0259 ki, i\u00e7\u0259risind\u0259 6 n\u0259f\u0259r olan &#8220;UAZ&#8221; markal\u0131 avtomobil qarl\u0131 v\u0259 k\u00fcl\u0259kli hava \u015f\u0259raiti s\u0259b\u0259bind\u0259n yoldan \u00e7\u0131xaraq tara d\u00fc\u015f\u00fcb. \u0130lkin m\u0259lumatlara g\u00f6r\u0259, qar v\u0259 pal\u00e7\u0131q s\u0259b\u0259bind\u0259n s\u00fcr\u00fcc\u00fcn\u00fcn avtomobilini yola \u00e7\u0131xarmas\u0131 m\u00fcmk\u00fcn olmay\u0131b. \u018fraziy\u0259 k\u00f6m\u0259k \u00e7a\u011f\u0131ran \u015f\u0259xsl\u0259r haz\u0131rda soyuq hava \u015f\u0259raiti s\u0259b\u0259bind\u0259n c\u0259tinlik \u00e7\u0259kdikl\u0259rini d\u0259 bildiribl\u0259r.<\/p>\n<p>\u018frazi k\u0259nd icra n\u00fcmay\u0259nd\u0259liyind\u0259n, &#8220;Report&#8221;a\u00a0bildirilib ki, h\u0259min \u0259raziy\u0259 sepli texnika laz\u0131md\u0131r v\u0259 bununla ba\u011fl\u0131 G\u00f6yg\u00f6l rayon \u0130cra Hakimiyy\u0259tin\u0259 m\u0259lumat verilib: &#8220;Texnikan\u0131n c\u0259lb edil\u0259r\u0259k qar d\u0259r\u0259sin\u0259\u00a0d\u00fc\u015fm\u00fc\u015f \u015f\u0259xsl\u0259rin xilas edilm\u0259si istiqam\u0259tind\u0259 i\u015fl\u0259r\u0259 ba\u015flan\u0131lacaq&#8221;.<\/p>\n<p>Qeyd ed\u0259k ki, haz\u0131rda rayon \u0259razisind\u0259 qarl\u0131 v\u0259 soyuq hava \u015f\u0259raiti davam edir.<\/p>\n","protected":false},"excerpt":{"rendered":"<p>G\u00f6yg\u00f6l rayonunda avtomobil qara d\u0259r\u0259sin\u0259 d\u00fc\u015f\u00fcb. Ucnoqta.az &#8220;Report&#8221;a istinad\u0259n x\u0259b\u0259r verir ki, hadis\u0259 rayonun Hac\u0131k\u0259nd-T\u00fclallar yolunda ba\u015f verib.\u00a0 Bel\u0259 ki, i\u00e7\u0259risind\u0259 6 n\u0259f\u0259r olan &#8220;UAZ&#8221; markal\u0131 avtomobil qarl\u0131 v\u0259 k\u00fcl\u0259kli&hellip;<\/p>\n","protected":false},"author":1,"featured_media":251278,"comment_status":"open","ping_status":"open","sticky":false,"template":"","format":"standard","meta":{"_lmt_disableupdate":"","_lmt_disable":"","footnotes":""},"categories":[],"tags":[],"class_list":["post-63003","post","type-post","status-publish","format-standard","has-post-thumbnail","hentry"],"_links":{"self":[{"href":"https:\/\/ucnoqta.az\/index.php?rest_route=\/wp\/v2\/posts\/63003","targetHints":{"allow":["GET"]}}],"collection":[{"href":"https:\/\/ucnoqta.az\/index.php?rest_route=\/wp\/v2\/posts"}],"about":[{"href":"https:\/\/ucnoqta.az\/index.php?rest_route=\/wp\/v2\/types\/post"}],"author":[{"embeddable":true,"href":"https:\/\/ucnoqta.az\/index.php?rest_route=\/wp\/v2\/users\/1"}],"replies":[{"embeddable":true,"href":"https:\/\/ucnoqta.az\/index.php?rest_route=%2Fwp%2Fv2%2Fcomments&post=63003"}],"version-history":[{"count":0,"href":"https:\/\/ucnoqta.az\/index.php?rest_route=\/wp\/v2\/posts\/63003\/revisions"}],"wp:featuredmedia":[{"embeddable":true,"href":"https:\/\/ucnoqta.az\/index.php?rest_route=\/wp\/v2\/media\/251278"}],"wp:attachment":[{"href":"https:\/\/ucnoqta.az\/index.php?rest_route=%2Fwp%2Fv2%2Fmedia&parent=63003"}],"wp:term":[{"taxonomy":"category","embeddable":true,"href":"https:\/\/ucnoqta.az\/index.php?rest_route=%2Fwp%2Fv2%2Fcategories&post=63003"},{"taxonomy":"post_tag","embeddable":true,"href":"https:\/\/ucnoqta.az\/index.php?rest_route=%2Fwp%2Fv2%2Ftags&post=63003"}],"curies":[{"name":"wp","href":"https:\/\/api.w.org\/{rel}","templated":true}]}}