{"id":63001,"date":"2018-04-21T19:16:54","date_gmt":"2018-04-21T15:16:54","guid":{"rendered":""},"modified":"-0001-11-30T00:00:00","modified_gmt":"-0001-11-29T20:00:00","slug":"","status":"publish","type":"post","link":"https:\/\/ucnoqta.az\/?p=63001","title":{"rendered":"Yeni nazirin 38 ya\u015f\u0131 var\u00a0&#8211; <font color=red><b>Bioqrafiya<\/b><\/font>"},"content":{"rendered":"<p>Prezident \u0130lham \u018fliyevin s\u0259r\u0259ncam\u0131 il\u0259 t\u0259sdiq edil\u0259n Nazirl\u0259rin Kabinetd\u0259 yeni t\u0259rkibind\u0259 yer alan \u0259m\u0259k v\u0259 \u0259halinin sosial m\u00fcdafi\u0259si naziri Sahil Babayev dig\u0259r nazirl\u0259r\u0259 nisb\u0259t\u0259n ictimaiyy\u0259t\u0259 v\u0259 mediaya tan\u0131\u015f sima deyil.<\/p>\n<p>Ucnoqta.az \u201cQafqazinfo\u201dya istinad\u0259n g\u0259nc nazirin t\u0259rc\u00fcmeyi-hal\u0131n\u0131 t\u0259qdim edir:<\/p>\n<p>Sahil Babayev 1980-ci ild\u0259 anadan olub.<\/p>\n<p>2000-ci ild\u0259 Bak\u0131 D\u00f6vl\u0259t Universitetind\u0259 \u201cBeyn\u0259lxalq h\u00fcquq v\u0259 beyn\u0259lxlaq m\u00fcnasib\u0259tl\u0259r\u201d sah\u0259si \u00fczr\u0259 bakalavr, 2002-ci ild\u0259 is\u0259 magistr d\u0259r\u0259c\u0259si al\u0131b. H\u00fcquq \u00fczr\u0259 f\u0259ls\u0259f\u0259 doktorudur.<\/p>\n<p>1999-2006-c\u0131 ill\u0259rd\u0259 Az\u0259rbaycan Respublikas\u0131 D\u00f6vl\u0259t Neft \u015eirk\u0259tinin Xarici S\u0259rmay\u0259l\u0259r \u0130dar\u0259sinin ba\u015f m\u00fct\u0259x\u0259ssisi v\u0259 \u015f\u00f6b\u0259 r\u0259isi v\u0259zif\u0259l\u0259rind\u0259 \u00e7al\u0131\u015f\u0131b.<\/p>\n<p>2006-2009-cu ill\u0259rd\u0259 Az\u0259rbaycan Respublikas\u0131 Milli M\u0259clisinin s\u0259dr m\u00fcavininin k\u00f6m\u0259k\u00e7isi v\u0259zif\u0259sind\u0259 i\u015fl\u0259yib.<\/p>\n<p>2009-cu ild\u0259n \u0130qtisadi \u0130nki\u015faf Nazirliyinin Xarici investisiyalar v\u0259 yard\u0131mlar\u0131n \u0259laq\u0259l\u0259ndirilm\u0259si \u015f\u00f6b\u0259sinin m\u00fcdiri, 2011-ci ild\u0259n is\u0259 Beyn\u0259lxalq t\u0259\u015fkilatlarla \u0259m\u0259kda\u015fl\u0131q \u015f\u00f6b\u0259sinin m\u00fcdiri v\u0259zif\u0259sind\u0259 i\u015fl\u0259yib.<\/p>\n","protected":false},"excerpt":{"rendered":"<p>Prezident \u0130lham \u018fliyevin s\u0259r\u0259ncam\u0131 il\u0259 t\u0259sdiq edil\u0259n Nazirl\u0259rin Kabinetd\u0259 yeni t\u0259rkibind\u0259 yer alan \u0259m\u0259k v\u0259 \u0259halinin sosial m\u00fcdafi\u0259si naziri Sahil Babayev dig\u0259r nazirl\u0259r\u0259 nisb\u0259t\u0259n ictimaiyy\u0259t\u0259 v\u0259 mediaya tan\u0131\u015f sima deyil.&hellip;<\/p>\n","protected":false},"author":1,"featured_media":251278,"comment_status":"open","ping_status":"open","sticky":false,"template":"","format":"standard","meta":{"_lmt_disableupdate":"","_lmt_disable":"","footnotes":""},"categories":[],"tags":[],"class_list":["post-63001","post","type-post","status-publish","format-standard","has-post-thumbnail","hentry"],"_links":{"self":[{"href":"https:\/\/ucnoqta.az\/index.php?rest_route=\/wp\/v2\/posts\/63001","targetHints":{"allow":["GET"]}}],"collection":[{"href":"https:\/\/ucnoqta.az\/index.php?rest_route=\/wp\/v2\/posts"}],"about":[{"href":"https:\/\/ucnoqta.az\/index.php?rest_route=\/wp\/v2\/types\/post"}],"author":[{"embeddable":true,"href":"https:\/\/ucnoqta.az\/index.php?rest_route=\/wp\/v2\/users\/1"}],"replies":[{"embeddable":true,"href":"https:\/\/ucnoqta.az\/index.php?rest_route=%2Fwp%2Fv2%2Fcomments&post=63001"}],"version-history":[{"count":0,"href":"https:\/\/ucnoqta.az\/index.php?rest_route=\/wp\/v2\/posts\/63001\/revisions"}],"wp:featuredmedia":[{"embeddable":true,"href":"https:\/\/ucnoqta.az\/index.php?rest_route=\/wp\/v2\/media\/251278"}],"wp:attachment":[{"href":"https:\/\/ucnoqta.az\/index.php?rest_route=%2Fwp%2Fv2%2Fmedia&parent=63001"}],"wp:term":[{"taxonomy":"category","embeddable":true,"href":"https:\/\/ucnoqta.az\/index.php?rest_route=%2Fwp%2Fv2%2Fcategories&post=63001"},{"taxonomy":"post_tag","embeddable":true,"href":"https:\/\/ucnoqta.az\/index.php?rest_route=%2Fwp%2Fv2%2Ftags&post=63001"}],"curies":[{"name":"wp","href":"https:\/\/api.w.org\/{rel}","templated":true}]}}