{"id":62991,"date":"2018-04-21T13:16:47","date_gmt":"2018-04-21T09:16:47","guid":{"rendered":""},"modified":"-0001-11-30T00:00:00","modified_gmt":"-0001-11-29T20:00:00","slug":"","status":"publish","type":"post","link":"https:\/\/ucnoqta.az\/?p=62991","title":{"rendered":"Sabah\u0131n havas\u0131 a\u00e7\u0131qlan\u0131b"},"content":{"rendered":"<p>Ekologiya v\u0259 T\u0259bii S\u0259rv\u0259tl\u0259r Nazirliyinin Milli Hidrometeorologiya Departamenti sabaha olan hava proqnozunu a\u00e7\u0131qlay\u0131b.\u00a0<\/p>\n<p>Ucnoqta.az ETSN-\u0259 istinad\u0259n x\u0259b\u0259r verir ki, Bak\u0131da v\u0259 Ab\u015feron yar\u0131madas\u0131nda aprelin 22-d\u0259 hava \u015f\u0259raitinin d\u0259yi\u015fk\u0259n buludlu olaca\u011f\u0131, arabir tutulaca\u011f\u0131, \u0259sas\u0259n ya\u011fmursuz ke\u00e7\u0259c\u0259yi g\u00f6zl\u0259nilir. Lakin gec\u0259 b\u0259zi yerl\u0259rd\u0259 ya\u011f\u0131\u015f ya\u011faca\u011f\u0131 ehtimal\u0131 var. \u015eimal-q\u0259rb k\u00fcl\u0259yi \u0259s\u0259c\u0259k, g\u00fcnd\u00fcz m\u00fclayim c\u0259nub-q\u0259rb k\u00fcl\u0259yi il\u0259 \u0259v\u0259z olunacaq.<\/p>\n<p>Havan\u0131n temperaturunun Ab\u015feron yar\u0131madas\u0131nda gec\u0259 7-9, g\u00fcnd\u00fcz 14-18, Bak\u0131da gec\u0259 8-10, g\u00fcnd\u00fcz 16-18 d\u0259r\u0259c\u0259 isti olaca\u011f\u0131 g\u00f6zl\u0259nilir.<\/p>\n<p>Atmosfer t\u0259zyiqi 761 mm civ\u0259 s\u00fctunundan 757 mm civ\u0259 s\u00fctununa en\u0259c\u0259k, nisbi r\u00fctub\u0259t gec\u0259 75-85, g\u00fcnd\u00fcz 55-60 faiz olacaq.<\/p>\n<p>Az\u0259rbaycan\u0131n rayonlar\u0131nda sabah arabir ya\u011f\u0131\u015f ya\u011faca\u011f\u0131, da\u011fl\u0131q \u0259razil\u0259rd\u0259 qar ya\u011faca\u011f\u0131, g\u00fcnd\u00fcz \u0259ks\u0259r rayonlarda ya\u011f\u0131nt\u0131da fasil\u0259 olaca\u011f\u0131 g\u00f6zl\u0259nilir. Ayr\u0131-ayr\u0131 yerl\u0259rd\u0259 duman olacaq. Q\u0259rb k\u00fcl\u0259yi \u0259s\u0259c\u0259k, b\u0259zi yerl\u0259rd\u0259 arabir g\u00fccl\u0259n\u0259c\u0259k.<\/p>\n<p>Havan\u0131n temperaturunun gec\u0259 4-9, g\u00fcnd\u00fcz 14-19 d\u0259r\u0259c\u0259 isti, da\u011flarda gec\u0259 0-5 d\u0259r\u0259c\u0259 \u015faxta, g\u00fcnd\u00fcz 3-8 d\u0259r\u0259c\u0259 isti olaca\u011f\u0131 g\u00f6zl\u0259nilir.<\/p>\n","protected":false},"excerpt":{"rendered":"<p>Ekologiya v\u0259 T\u0259bii S\u0259rv\u0259tl\u0259r Nazirliyinin Milli Hidrometeorologiya Departamenti sabaha olan hava proqnozunu a\u00e7\u0131qlay\u0131b.\u00a0 Ucnoqta.az ETSN-\u0259 istinad\u0259n x\u0259b\u0259r verir ki, Bak\u0131da v\u0259 Ab\u015feron yar\u0131madas\u0131nda aprelin 22-d\u0259 hava \u015f\u0259raitinin d\u0259yi\u015fk\u0259n buludlu olaca\u011f\u0131,&hellip;<\/p>\n","protected":false},"author":1,"featured_media":251278,"comment_status":"open","ping_status":"open","sticky":false,"template":"","format":"standard","meta":{"_lmt_disableupdate":"","_lmt_disable":"","footnotes":""},"categories":[91],"tags":[],"class_list":["post-62991","post","type-post","status-publish","format-standard","has-post-thumbnail","hentry","category-olkeici"],"_links":{"self":[{"href":"https:\/\/ucnoqta.az\/index.php?rest_route=\/wp\/v2\/posts\/62991","targetHints":{"allow":["GET"]}}],"collection":[{"href":"https:\/\/ucnoqta.az\/index.php?rest_route=\/wp\/v2\/posts"}],"about":[{"href":"https:\/\/ucnoqta.az\/index.php?rest_route=\/wp\/v2\/types\/post"}],"author":[{"embeddable":true,"href":"https:\/\/ucnoqta.az\/index.php?rest_route=\/wp\/v2\/users\/1"}],"replies":[{"embeddable":true,"href":"https:\/\/ucnoqta.az\/index.php?rest_route=%2Fwp%2Fv2%2Fcomments&post=62991"}],"version-history":[{"count":0,"href":"https:\/\/ucnoqta.az\/index.php?rest_route=\/wp\/v2\/posts\/62991\/revisions"}],"wp:featuredmedia":[{"embeddable":true,"href":"https:\/\/ucnoqta.az\/index.php?rest_route=\/wp\/v2\/media\/251278"}],"wp:attachment":[{"href":"https:\/\/ucnoqta.az\/index.php?rest_route=%2Fwp%2Fv2%2Fmedia&parent=62991"}],"wp:term":[{"taxonomy":"category","embeddable":true,"href":"https:\/\/ucnoqta.az\/index.php?rest_route=%2Fwp%2Fv2%2Fcategories&post=62991"},{"taxonomy":"post_tag","embeddable":true,"href":"https:\/\/ucnoqta.az\/index.php?rest_route=%2Fwp%2Fv2%2Ftags&post=62991"}],"curies":[{"name":"wp","href":"https:\/\/api.w.org\/{rel}","templated":true}]}}