{"id":62990,"date":"2018-04-21T13:13:46","date_gmt":"2018-04-21T09:13:46","guid":{"rendered":""},"modified":"-0001-11-30T00:00:00","modified_gmt":"-0001-11-29T20:00:00","slug":"","status":"publish","type":"post","link":"https:\/\/ucnoqta.az\/?p=62990","title":{"rendered":"Ba\u015f nazir: <font color=red><b>&#8220;Daha \u00e7ox i\u015fl\u0259m\u0259k laz\u0131md\u0131r&#8221;<\/b><\/font>"},"content":{"rendered":"<p>Ba\u015f nazir Novruz M\u0259mm\u0259dov haz\u0131rda parlamentd\u0259 yeni postunda ilk \u00e7\u0131x\u0131\u015f\u0131n\u0131 edir.<\/p>\n<p>&#8220;D\u00fcz\u00fc bu g\u00fcn\u0259 q\u0259d\u0259r dan\u0131\u015fma\u011f\u0131 sevirdim, indi ba\u015fqa sah\u0259y\u0259 ke\u00e7ir\u0259m. Daha \u00e7ox i\u015fl\u0259m\u0259k laz\u0131md\u0131r. M\u0259n ilk n\u00f6vb\u0259d\u0259, prezident \u0130lham \u018fliyev\u0259 bel\u0259 etimada g\u00f6r\u0259 t\u0259\u015f\u0259kk\u00fcr edir\u0259m. \u00c7ox m\u00fcr\u0259kk\u0259b, \u00e7\u0259tin v\u0259 \u015f\u0259r\u0259fli v\u0259zif\u0259dir. Hans\u0131 sah\u0259d\u0259 olursa-olsun onunla i\u015fl\u0259m\u0259k \u015f\u0259r\u0259fli f\u0259aliyy\u0259t sah\u0259sidir.<\/p>\n<p>\u018fn m\u00fcr\u0259kk\u0259b geosiyasi regionda yerl\u0259\u015f\u0259n Az\u0259rbaycan u\u011furlu dinamik inki\u015faf\u0131n davam\u0131 \u00fc\u00e7\u00fcn h\u0259r birinizim qar\u015f\u0131s\u0131na m\u0259suliyy\u0259t qoyur\u201d.<\/p>\n<p>Ba\u015f nazir h\u0259m\u00e7inin qeyd edib ki, Az\u0259rbaycan bu g\u00fcn tarixd\u0259 \u00f6z s\u00fcverenliyi v\u0259 m\u00fcst\u0259qillliyi il\u0259 m\u00f6ht\u0259\u015f\u0259m d\u00f6vr\u00fcn\u00fc ya\u015fay\u0131r:<\/p>\n<p>&#8220;M\u0259n d\u0259 bu d\u00f6vrd\u0259 ya\u015fad\u0131\u011f\u0131m \u00fc\u00e7\u00fcn f\u0259xr edir\u0259m ki, bel\u0259 bir m\u0259qam\u0131n i\u015ftirak\u00e7\u0131s\u0131yam. \u0130lk \u0259vv\u0259l prezident\u0259 s\u00f6z verir\u0259m ki, m\u0259nim qar\u015f\u0131mda qoydu\u011fu v\u0259zif\u0259l\u0259ri m\u0259suliyy\u0259ti il\u0259 d\u0259rk edib yerin\u0259 yetirilm\u0259si \u00fc\u00e7\u00fcn \u0259limd\u0259n g\u0259l\u0259ni ed\u0259c\u0259y\u0259m&#8221;.qafqazinfo<\/p>\n","protected":false},"excerpt":{"rendered":"<p>Ba\u015f nazir Novruz M\u0259mm\u0259dov haz\u0131rda parlamentd\u0259 yeni postunda ilk \u00e7\u0131x\u0131\u015f\u0131n\u0131 edir. &#8220;D\u00fcz\u00fc bu g\u00fcn\u0259 q\u0259d\u0259r dan\u0131\u015fma\u011f\u0131 sevirdim, indi ba\u015fqa sah\u0259y\u0259 ke\u00e7ir\u0259m. Daha \u00e7ox i\u015fl\u0259m\u0259k laz\u0131md\u0131r. M\u0259n ilk n\u00f6vb\u0259d\u0259, prezident \u0130lham&hellip;<\/p>\n","protected":false},"author":1,"featured_media":251278,"comment_status":"open","ping_status":"open","sticky":false,"template":"","format":"standard","meta":{"_lmt_disableupdate":"","_lmt_disable":"","footnotes":""},"categories":[],"tags":[],"class_list":["post-62990","post","type-post","status-publish","format-standard","has-post-thumbnail","hentry"],"_links":{"self":[{"href":"https:\/\/ucnoqta.az\/index.php?rest_route=\/wp\/v2\/posts\/62990","targetHints":{"allow":["GET"]}}],"collection":[{"href":"https:\/\/ucnoqta.az\/index.php?rest_route=\/wp\/v2\/posts"}],"about":[{"href":"https:\/\/ucnoqta.az\/index.php?rest_route=\/wp\/v2\/types\/post"}],"author":[{"embeddable":true,"href":"https:\/\/ucnoqta.az\/index.php?rest_route=\/wp\/v2\/users\/1"}],"replies":[{"embeddable":true,"href":"https:\/\/ucnoqta.az\/index.php?rest_route=%2Fwp%2Fv2%2Fcomments&post=62990"}],"version-history":[{"count":0,"href":"https:\/\/ucnoqta.az\/index.php?rest_route=\/wp\/v2\/posts\/62990\/revisions"}],"wp:featuredmedia":[{"embeddable":true,"href":"https:\/\/ucnoqta.az\/index.php?rest_route=\/wp\/v2\/media\/251278"}],"wp:attachment":[{"href":"https:\/\/ucnoqta.az\/index.php?rest_route=%2Fwp%2Fv2%2Fmedia&parent=62990"}],"wp:term":[{"taxonomy":"category","embeddable":true,"href":"https:\/\/ucnoqta.az\/index.php?rest_route=%2Fwp%2Fv2%2Fcategories&post=62990"},{"taxonomy":"post_tag","embeddable":true,"href":"https:\/\/ucnoqta.az\/index.php?rest_route=%2Fwp%2Fv2%2Ftags&post=62990"}],"curies":[{"name":"wp","href":"https:\/\/api.w.org\/{rel}","templated":true}]}}