{"id":62973,"date":"2018-04-20T19:04:00","date_gmt":"2018-04-20T15:04:00","guid":{"rendered":""},"modified":"-0001-11-30T00:00:00","modified_gmt":"-0001-11-29T20:00:00","slug":"","status":"publish","type":"post","link":"https:\/\/ucnoqta.az\/?p=62973","title":{"rendered":"D\u00f6vl\u0259t Turizm Agentliyi yarad\u0131ld\u0131- <font color=red><b>S\u0259r\u0259ncam<\/b><\/font>"},"content":{"rendered":"<p>Prezident \u0130lham \u018fliyev M\u0259d\u0259niyy\u0259t v\u0259 turizm sah\u0259sind\u0259 d\u00f6vl\u0259t idar\u0259\u00e7iliyinin t\u0259kmill\u0259\u015fdirilm\u0259si il\u0259 ba\u011fl\u0131 b\u0259zi t\u0259dbirl\u0259r haqq\u0131nda s\u0259r\u0259ncam imzalay\u0131b.<\/p>\n<p>S\u0259r\u0259ncamda qeyd edilir ki, Az\u0259rbaycan Respublikas\u0131 M\u0259d\u0259niyy\u0259t v\u0259 Turizm Nazirliyinin \u0259sas\u0131nda Az\u0259rbaycan Respublikas\u0131n\u0131n M\u0259d\u0259niyy\u0259t Nazirliyi v\u0259 Az\u0259rbaycan Respublikas\u0131n\u0131n D\u00f6vl\u0259t Turizm Agentliyi yarad\u0131ls\u0131n.<\/p>\n<p>Nazirl\u0259r Kabinetin\u0259 tap\u015f\u0131r\u0131l\u0131r ki, M\u0259d\u0259niyy\u0259t Nazirliyinin v\u0259 Az\u0259rbaycan Respublikas\u0131 D\u00f6vl\u0259t Turizm Agentliyinin \u0259sasnam\u0259l\u0259rinin layih\u0259l\u0259rini, strukturlar\u0131 v\u0259 i\u015f\u00e7il\u0259rinin say h\u0259ddi bar\u0259d\u0259 t\u0259klifl\u0259rini bir ay m\u00fcdd\u0259tind\u0259 Az\u0259rbaycan Respublikas\u0131n\u0131n Prezidentin\u0259 t\u0259qdim etsin; Az\u0259rbaycan Respublikas\u0131n\u0131n 2018-ci il d\u00f6vl\u0259t b\u00fcdc\u0259sind\u0259 Az\u0259rbaycan Respublikas\u0131n\u0131n M\u0259d\u0259niyy\u0259t v\u0259 Turizm Nazirliyi \u00fc\u00e7\u00fcn n\u0259z\u0259rd\u0259 tutulmu\u015f v\u0259sait \u00e7\u0259r\u00e7iv\u0259sind\u0259 Az\u0259rbaycan Respublikas\u0131 M\u0259d\u0259niyy\u0259t Nazirliyinin v\u0259 Az\u0259rbaycan Respublikas\u0131 D\u00f6vl\u0259t Turizm Agentliyinin 2018-ci ild\u0259 f\u0259aliyy\u0259tinin maliyy\u0259l\u0259\u015fm\u0259sini t\u0259min etsin; Az\u0259rbaycan Respublikas\u0131 M\u0259d\u0259niyy\u0259t Nazirliyinin v\u0259 Az\u0259rbaycan Respublikas\u0131 D\u00f6vl\u0259t Turizm Agentliyinin f\u0259aliyy\u0259tinin t\u0259\u015fkili \u00fc\u00e7\u00fcn maddi-texniki t\u0259minat\u0131 il\u0259 ba\u011fl\u0131 m\u0259s\u0259l\u0259l\u0259ri h\u0259ll etsin; Az\u0259rbaycan Respublikas\u0131 Prezidentinin aktlar\u0131n\u0131n bu S\u0259r\u0259ncama uy\u011funla\u015fd\u0131r\u0131lmas\u0131na dair t\u0259klifl\u0259rini iki ay m\u00fcdd\u0259tind\u0259 Az\u0259rbaycan Respublikas\u0131n\u0131n Prezidentin\u0259 t\u0259qdim etsin; Az\u0259rbaycan Respublikas\u0131 Nazirl\u0259r Kabinetinin normativ h\u00fcquqi aktlar\u0131n\u0131n bu S\u0259r\u0259ncama uy\u011funla\u015fd\u0131r\u0131lmas\u0131n\u0131 \u00fc\u00e7 ay m\u00fcdd\u0259tind\u0259 t\u0259min edib Az\u0259rbaycan Respublikas\u0131n\u0131n Prezidentin\u0259 m\u0259lumat versin; m\u0259rk\u0259zi icra hakimiyy\u0259ti orqanlar\u0131n\u0131n normativ h\u00fcquqi aktlar\u0131n\u0131n bu S\u0259r\u0259ncama uy\u011funla\u015fd\u0131r\u0131lmas\u0131n\u0131 n\u0259zar\u0259td\u0259 saxlas\u0131n v\u0259 bunun icras\u0131 bar\u0259d\u0259 be\u015f ay m\u00fcdd\u0259tind\u0259 Az\u0259rbaycan Respublikas\u0131n\u0131n Prezidentin\u0259 m\u0259lumat versin; bu S\u0259r\u0259ncamdan ir\u0259li g\u0259l\u0259n dig\u0259r m\u0259s\u0259l\u0259l\u0259ri h\u0259ll etsin.<\/p>\n<p>\u018fdliyy\u0259 Nazirliyi m\u0259rk\u0259zi icra hakimiyy\u0259ti orqanlar\u0131n\u0131n normativ h\u00fcquqi aktlar\u0131n\u0131n v\u0259 normativ xarakterli aktlar\u0131n bu S\u0259r\u0259ncama uy\u011funla\u015fd\u0131r\u0131lmas\u0131n\u0131 t\u0259min edib Nazirl\u0259r Kabinetin\u0259 m\u0259lumat ver\u0259c\u0259k.<\/p>\n","protected":false},"excerpt":{"rendered":"<p>Prezident \u0130lham \u018fliyev M\u0259d\u0259niyy\u0259t v\u0259 turizm sah\u0259sind\u0259 d\u00f6vl\u0259t idar\u0259\u00e7iliyinin t\u0259kmill\u0259\u015fdirilm\u0259si il\u0259 ba\u011fl\u0131 b\u0259zi t\u0259dbirl\u0259r haqq\u0131nda s\u0259r\u0259ncam imzalay\u0131b. S\u0259r\u0259ncamda qeyd edilir ki, Az\u0259rbaycan Respublikas\u0131 M\u0259d\u0259niyy\u0259t v\u0259 Turizm Nazirliyinin \u0259sas\u0131nda Az\u0259rbaycan Respublikas\u0131n\u0131n&hellip;<\/p>\n","protected":false},"author":1,"featured_media":251278,"comment_status":"open","ping_status":"open","sticky":false,"template":"","format":"standard","meta":{"_lmt_disableupdate":"","_lmt_disable":"","footnotes":""},"categories":[],"tags":[],"class_list":["post-62973","post","type-post","status-publish","format-standard","has-post-thumbnail","hentry"],"_links":{"self":[{"href":"https:\/\/ucnoqta.az\/index.php?rest_route=\/wp\/v2\/posts\/62973","targetHints":{"allow":["GET"]}}],"collection":[{"href":"https:\/\/ucnoqta.az\/index.php?rest_route=\/wp\/v2\/posts"}],"about":[{"href":"https:\/\/ucnoqta.az\/index.php?rest_route=\/wp\/v2\/types\/post"}],"author":[{"embeddable":true,"href":"https:\/\/ucnoqta.az\/index.php?rest_route=\/wp\/v2\/users\/1"}],"replies":[{"embeddable":true,"href":"https:\/\/ucnoqta.az\/index.php?rest_route=%2Fwp%2Fv2%2Fcomments&post=62973"}],"version-history":[{"count":0,"href":"https:\/\/ucnoqta.az\/index.php?rest_route=\/wp\/v2\/posts\/62973\/revisions"}],"wp:featuredmedia":[{"embeddable":true,"href":"https:\/\/ucnoqta.az\/index.php?rest_route=\/wp\/v2\/media\/251278"}],"wp:attachment":[{"href":"https:\/\/ucnoqta.az\/index.php?rest_route=%2Fwp%2Fv2%2Fmedia&parent=62973"}],"wp:term":[{"taxonomy":"category","embeddable":true,"href":"https:\/\/ucnoqta.az\/index.php?rest_route=%2Fwp%2Fv2%2Fcategories&post=62973"},{"taxonomy":"post_tag","embeddable":true,"href":"https:\/\/ucnoqta.az\/index.php?rest_route=%2Fwp%2Fv2%2Ftags&post=62973"}],"curies":[{"name":"wp","href":"https:\/\/api.w.org\/{rel}","templated":true}]}}