{"id":62960,"date":"2018-04-20T15:19:19","date_gmt":"2018-04-20T11:19:19","guid":{"rendered":""},"modified":"-0001-11-30T00:00:00","modified_gmt":"-0001-11-29T20:00:00","slug":"","status":"publish","type":"post","link":"https:\/\/ucnoqta.az\/?p=62960","title":{"rendered":"Bahar Muradova: <font color=red><b>Prezidentin bu f\u0259rman\u0131 \u00e7ox \u0259lam\u0259tdar hald\u0131r<\/b><\/font>"},"content":{"rendered":"<p>Prezident \u0130lham \u018fliyevin \u0259razi b\u00fct\u00f6vl\u00fcy\u00fc u\u011frunda h\u0259lak olmu\u015f, \u00f6lm\u00fc\u015f v\u0259 h\u0259rbi \u0259m\u0259liyyatlarla \u0259laq\u0259dar x\u0259b\u0259rsiz itkin d\u00fc\u015fd\u00fcy\u00fcn\u0259 g\u00f6r\u0259 \u00f6lm\u00fc\u015f elan edilmi\u015f h\u0259rbi qulluq\u00e7ular\u0131n ail\u0259 \u00fczvl\u0259rinin sosial m\u00fcdafi\u0259sinin yax\u015f\u0131la\u015fd\u0131r\u0131lmas\u0131 il\u0259 ba\u011fl\u0131 f\u0259rman\u0131 \u00e7ox \u0259lam\u0259tdar hald\u0131r.<\/p>\n<p>Milli M\u0259clisin vitse-spikeri, \u0130nsan h\u00fcquqlar\u0131 komit\u0259sinin s\u0259dri Bahar Muradova komit\u0259nin bu g\u00fcn ke\u00e7iril\u0259n iclas\u0131nda deyib.<\/p>\n<p>B.Muradova bildirib ki, bu m\u0259s\u0259l\u0259 h\u0259m parlamentin, h\u0259m d\u0259 v\u0259t\u0259nda\u015f c\u0259miyy\u0259tinin g\u00fcnd\u0259liyind\u0259 idi: \u201cC\u0259nab Prezident bu m\u0259s\u0259l\u0259ni \u00e7ox asanla\u015fd\u0131rd\u0131. Biz parlament olaraq d\u00fc\u015f\u00fcn\u00fcrd\u00fck ki, m\u00f6vcud qanun layih\u0259sin\u0259 m\u00fc\u0259yy\u0259n d\u0259yi\u015fiklikl\u0259r etm\u0259kl\u0259 bunu h\u0259yata ke\u00e7ir\u0259 bil\u0259rik, lakin c\u0259nab Prezidentin f\u0259rman\u0131 bu m\u0259s\u0259l\u0259ni yoluna qoydu\u201d.<\/p>\n<p>Vitse-spiker bildirib ki, bu f\u0259rman Az\u0259rbaycan v\u0259t\u0259nda\u015f\u0131na, Az\u0259rbaycan\u0131n \u0259razi b\u00fct\u00f6vl\u00fcy\u00fc v\u0259 suverenliyi u\u011frunda h\u0259yat\u0131n\u0131 qurban vermi\u015f, sa\u011flaml\u0131\u011f\u0131n\u0131 itirmi\u015f insanlara olan m\u00fcnasib\u0259tin bir g\u00f6st\u0259ricisidir.<\/p>\n<p>Qeyd ed\u0259k ki, Prezident \u0130lham \u018fliyev \u0259razi b\u00fct\u00f6vl\u00fcy\u00fc u\u011frunda h\u0259lak olmu\u015f, \u00f6lm\u00fc\u015f v\u0259 h\u0259rbi \u0259m\u0259liyyatlarla \u0259laq\u0259dar x\u0259b\u0259rsiz itkin d\u00fc\u015fd\u00fcy\u00fcn\u0259 g\u00f6r\u0259 \u00f6lm\u00fc\u015f elan edilmi\u015f h\u0259rbi qulluq\u00e7ular\u0131n ail\u0259 \u00fczvl\u0259rinin sosial m\u00fcdafi\u0259sinin yax\u015f\u0131la\u015fd\u0131r\u0131lmas\u0131 il\u0259 ba\u011fl\u0131 f\u0259rman imzalay\u0131b.<\/p>\n<p>S\u0259n\u0259d\u0259 \u0259sas\u0259n, 1997-ci il avqustun 2-d\u0259k Az\u0259rbaycan\u0131n \u0259razi b\u00fct\u00f6vl\u00fcy\u00fc u\u011frunda h\u0259lak olmu\u015f, \u00f6lm\u00fc\u015f v\u0259 h\u0259rbi \u0259m\u0259liyyatlarla \u0259laq\u0259dar x\u0259b\u0259rsiz itkin d\u00fc\u015fd\u00fcy\u00fcn\u0259 g\u00f6r\u0259 \u00f6lm\u00fc\u015f elan edilmi\u015f h\u0259rbi qulluq\u00e7ular\u0131n (bundan sonra \u2013 h\u0259rbi qulluq\u00e7ular\u0131n) v\u0259r\u0259s\u0259l\u0259rin\u0259 bu F\u0259rmanla m\u00fc\u0259yy\u0259nl\u0259\u015fdirilmi\u015f qaydada 11.000 (on bir min) manat m\u0259bl\u0259\u011find\u0259 bird\u0259f\u0259lik \u00f6d\u0259m\u0259 verilir.trend<\/p>\n","protected":false},"excerpt":{"rendered":"<p>Prezident \u0130lham \u018fliyevin \u0259razi b\u00fct\u00f6vl\u00fcy\u00fc u\u011frunda h\u0259lak olmu\u015f, \u00f6lm\u00fc\u015f v\u0259 h\u0259rbi \u0259m\u0259liyyatlarla \u0259laq\u0259dar x\u0259b\u0259rsiz itkin d\u00fc\u015fd\u00fcy\u00fcn\u0259 g\u00f6r\u0259 \u00f6lm\u00fc\u015f elan edilmi\u015f h\u0259rbi qulluq\u00e7ular\u0131n ail\u0259 \u00fczvl\u0259rinin sosial m\u00fcdafi\u0259sinin yax\u015f\u0131la\u015fd\u0131r\u0131lmas\u0131 il\u0259 ba\u011fl\u0131 f\u0259rman\u0131&hellip;<\/p>\n","protected":false},"author":1,"featured_media":251278,"comment_status":"open","ping_status":"open","sticky":false,"template":"","format":"standard","meta":{"_lmt_disableupdate":"","_lmt_disable":"","footnotes":""},"categories":[],"tags":[],"class_list":["post-62960","post","type-post","status-publish","format-standard","has-post-thumbnail","hentry"],"_links":{"self":[{"href":"https:\/\/ucnoqta.az\/index.php?rest_route=\/wp\/v2\/posts\/62960","targetHints":{"allow":["GET"]}}],"collection":[{"href":"https:\/\/ucnoqta.az\/index.php?rest_route=\/wp\/v2\/posts"}],"about":[{"href":"https:\/\/ucnoqta.az\/index.php?rest_route=\/wp\/v2\/types\/post"}],"author":[{"embeddable":true,"href":"https:\/\/ucnoqta.az\/index.php?rest_route=\/wp\/v2\/users\/1"}],"replies":[{"embeddable":true,"href":"https:\/\/ucnoqta.az\/index.php?rest_route=%2Fwp%2Fv2%2Fcomments&post=62960"}],"version-history":[{"count":0,"href":"https:\/\/ucnoqta.az\/index.php?rest_route=\/wp\/v2\/posts\/62960\/revisions"}],"wp:featuredmedia":[{"embeddable":true,"href":"https:\/\/ucnoqta.az\/index.php?rest_route=\/wp\/v2\/media\/251278"}],"wp:attachment":[{"href":"https:\/\/ucnoqta.az\/index.php?rest_route=%2Fwp%2Fv2%2Fmedia&parent=62960"}],"wp:term":[{"taxonomy":"category","embeddable":true,"href":"https:\/\/ucnoqta.az\/index.php?rest_route=%2Fwp%2Fv2%2Fcategories&post=62960"},{"taxonomy":"post_tag","embeddable":true,"href":"https:\/\/ucnoqta.az\/index.php?rest_route=%2Fwp%2Fv2%2Ftags&post=62960"}],"curies":[{"name":"wp","href":"https:\/\/api.w.org\/{rel}","templated":true}]}}