{"id":62959,"date":"2018-04-20T12:38:27","date_gmt":"2018-04-20T08:38:27","guid":{"rendered":""},"modified":"-0001-11-30T00:00:00","modified_gmt":"-0001-11-29T20:00:00","slug":"","status":"publish","type":"post","link":"https:\/\/ucnoqta.az\/?p=62959","title":{"rendered":"Penitensiar m\u00fc\u0259ssis\u0259l\u0259r\u0259 din xadiml\u0259rinin d\u0259v\u0259t olunmas\u0131 t\u0259klif edilir"},"content":{"rendered":"<p>&nbsp;Penitensiar m&uuml;\u0259ssis\u0259l\u0259rd\u0259, m&uuml;v\u0259qq\u0259ti saxlama yerl\u0259rind\u0259 dini-t\u0259rbiy\u0259vi i\u015fin apar\u0131lmas\u0131 &uuml;&ccedil;&uuml;n din xadiml\u0259rinin d\u0259v\u0259t olunmas\u0131 t\u0259klif edilir. Bu t\u0259klif Az\u0259rbaycanda \u0130nsan h&uuml;quqlar\u0131n\u0131n v\u0259 azadl\u0131qlar\u0131n\u0131n t\u0259min edilm\u0259si v\u0259 m&uuml;dafi\u0259sinin v\u0259ziyy\u0259ti haqq\u0131nda Az\u0259rbaycan Respublikas\u0131 \u0130nsan H&uuml;quqlar\u0131 &uuml;zr\u0259 M&uuml;v\u0259kkilinin (Ombudsman) 2017-ci il &uuml;zr\u0259 illik m\u0259ruz\u0259sind\u0259 \u0259ks olunub.<\/p>\n<p>Qeyd olunub ki, ist\u0259r penitensiar m&uuml;\u0259ssis\u0259l\u0259r\u0259, ist\u0259rs\u0259 d\u0259 m&uuml;v\u0259qq\u0259ti saxlama yerl\u0259rin\u0259 bax\u0131\u015flar zaman\u0131 h\u0259m m\u0259hkumlar\u0131n, h\u0259m d\u0259 saxlan\u0131lan \u015f\u0259xsl\u0259rin &ouml;z dini ibad\u0259tl\u0259rini yerin\u0259 yetirm\u0259si &uuml;&ccedil;&uuml;n yarad\u0131lan \u015f\u0259rait daim diqq\u0259td\u0259 saxlan\u0131l\u0131b: &ldquo;M\u0259hkumlar\u0131n m\u0259n\u0259vi-\u0259xlaqi yana\u015fma yolu il\u0259 islah edilm\u0259l\u0259ri v\u0259 bu m\u0259qs\u0259dl\u0259 dini-t\u0259rbiy\u0259vi i\u015fin apar\u0131lmas\u0131 &uuml;&ccedil;&uuml;n din xadiml\u0259rinin h\u0259min m&uuml;\u0259ssis\u0259l\u0259r\u0259 d\u0259v\u0259t olunmas\u0131 m\u0259qs\u0259d\u0259m&uuml;vafiqdir&rdquo;.report<\/p>\n","protected":false},"excerpt":{"rendered":"<p>&nbsp;Penitensiar m&uuml;\u0259ssis\u0259l\u0259rd\u0259, m&uuml;v\u0259qq\u0259ti saxlama yerl\u0259rind\u0259 dini-t\u0259rbiy\u0259vi i\u015fin apar\u0131lmas\u0131 &uuml;&ccedil;&uuml;n din xadiml\u0259rinin d\u0259v\u0259t olunmas\u0131 t\u0259klif edilir. Bu t\u0259klif Az\u0259rbaycanda \u0130nsan h&uuml;quqlar\u0131n\u0131n v\u0259 azadl\u0131qlar\u0131n\u0131n t\u0259min edilm\u0259si v\u0259 m&uuml;dafi\u0259sinin v\u0259ziyy\u0259ti haqq\u0131nda Az\u0259rbaycan Respublikas\u0131&hellip;<\/p>\n","protected":false},"author":1,"featured_media":251278,"comment_status":"open","ping_status":"open","sticky":false,"template":"","format":"standard","meta":{"_lmt_disableupdate":"","_lmt_disable":"","footnotes":""},"categories":[],"tags":[],"class_list":["post-62959","post","type-post","status-publish","format-standard","has-post-thumbnail","hentry"],"_links":{"self":[{"href":"https:\/\/ucnoqta.az\/index.php?rest_route=\/wp\/v2\/posts\/62959","targetHints":{"allow":["GET"]}}],"collection":[{"href":"https:\/\/ucnoqta.az\/index.php?rest_route=\/wp\/v2\/posts"}],"about":[{"href":"https:\/\/ucnoqta.az\/index.php?rest_route=\/wp\/v2\/types\/post"}],"author":[{"embeddable":true,"href":"https:\/\/ucnoqta.az\/index.php?rest_route=\/wp\/v2\/users\/1"}],"replies":[{"embeddable":true,"href":"https:\/\/ucnoqta.az\/index.php?rest_route=%2Fwp%2Fv2%2Fcomments&post=62959"}],"version-history":[{"count":0,"href":"https:\/\/ucnoqta.az\/index.php?rest_route=\/wp\/v2\/posts\/62959\/revisions"}],"wp:featuredmedia":[{"embeddable":true,"href":"https:\/\/ucnoqta.az\/index.php?rest_route=\/wp\/v2\/media\/251278"}],"wp:attachment":[{"href":"https:\/\/ucnoqta.az\/index.php?rest_route=%2Fwp%2Fv2%2Fmedia&parent=62959"}],"wp:term":[{"taxonomy":"category","embeddable":true,"href":"https:\/\/ucnoqta.az\/index.php?rest_route=%2Fwp%2Fv2%2Fcategories&post=62959"},{"taxonomy":"post_tag","embeddable":true,"href":"https:\/\/ucnoqta.az\/index.php?rest_route=%2Fwp%2Fv2%2Ftags&post=62959"}],"curies":[{"name":"wp","href":"https:\/\/api.w.org\/{rel}","templated":true}]}}