{"id":62954,"date":"2018-04-20T11:36:34","date_gmt":"2018-04-20T07:36:34","guid":{"rendered":""},"modified":"-0001-11-30T00:00:00","modified_gmt":"-0001-11-29T20:00:00","slug":"","status":"publish","type":"post","link":"https:\/\/ucnoqta.az\/?p=62954","title":{"rendered":"H\u0259bsxanada intihar ed\u0259n polkovnikin \u0259mlaklar\u0131 ail\u0259sin\u0259 qaytar\u0131lmad\u0131"},"content":{"rendered":"<p>&nbsp;<\/p>\n<p><strong>Bak\u0131 Apellyasiya M\u0259hk\u0259m\u0259sind\u0259 l\u0259\u011fv edilmi\u015f Milli T\u0259hl&uuml;k\u0259sizlik Nazirliyi (MTN) Antiterror M\u0259rk\u0259zinin intihar etmi\u015f r\u0259is m&uuml;avini, polkovnik \u0130lqar \u018fliyev\u0259 v\u0259 ail\u0259 &uuml;zvl\u0259rin\u0259 m\u0259xsus olan \u0259mlaklar\u0131n geri qaytar\u0131lmas\u0131 bar\u0259d\u0259 veril\u0259n apellyasiya \u015fikay\u0259ti &uuml;zr\u0259 m\u0259hk\u0259m\u0259 iclas\u0131 ba\u015fa &ccedil;at\u0131b.<\/strong><\/p>\n<p>Hakim Sahibxan Mirz\u0259yevin s\u0259drliyi il\u0259 ke&ccedil;iril\u0259n prosesd\u0259 \u015fikay\u0259t ara\u015fd\u0131r\u0131lsa da, t\u0259min edilm\u0259yib.<br \/>\nM\u0259hk\u0259m\u0259 \u0259mlak\u0131n onun ail\u0259 &uuml;zvl\u0259rin\u0259 qaytar\u0131lmas\u0131 bar\u0259d\u0259 \u015fikay\u0259ti \u0259sass\u0131z hesab edib.<br \/>\nBak\u0131 H\u0259rbi M\u0259hk\u0259m\u0259si Milli T\u0259hl&uuml;k\u0259sizlik Nazirliyinin Antiterror M\u0259rk\u0259zinin r\u0259isi, general-mayor El&ccedil;in Quliyev v\u0259 M\u0259rk\u0259zin \u0259m\u0259kda\u015f\u0131, polkovnik Az\u0259r Mehdiyevin bar\u0259sind\u0259 &ccedil;\u0131xard\u0131\u011f\u0131 h&ouml;kmd\u0259 h\u0259min \u015f\u0259xsl\u0259rl\u0259 yana\u015f\u0131 \u0130. \u018fliyevin d\u0259 \u0259mlaklar\u0131na h\u0259bs qoymu\u015fdu. \u0130.\u018fliyevin ail\u0259 &uuml;zvl\u0259ri q\u0259rardan apellyasiya \u015fikay\u0259ti vermi\u015fdi.<\/p>\n<p>M\u0259hk\u0259m\u0259 is\u0259 \u0130. \u018fliyev v\u0259 onun ail\u0259 &uuml;zvl\u0259rin\u0259 m\u0259xsus \u0259mlaklar\u0131n cinay\u0259t yolu il\u0259 \u0259ld\u0259 edildiyini hesab edib.<\/p>\n<p>Xat\u0131rladaq ki, \u0130.\u018fliyev 2015-ci il oktyabr\u0131nda h\u0259bs edilib. O, h\u0259min il dekabr\u0131n 20-d\u0259 saxland\u0131\u011f\u0131 istintaq t\u0259cridxanas\u0131nda intihar edib. Bundan sonra \u0130lqar \u018fliyevin bar\u0259sind\u0259 olan cinay\u0259t i\u015fi ayr\u0131ca icraata g&ouml;t&uuml;r&uuml;l&uuml;b, onun i\u015fi &uuml;zr\u0259 istintaq h\u0259r\u0259k\u0259tl\u0259ri prokurorluqda davam etdirilib.<\/p>\n<p>\u0130.\u018fliyev\u0259 m\u0259xsus Badamdar q\u0259s\u0259b\u0259sind\u0259 12 sot torpaq sah\u0259si v\u0259 2 m\u0259rt\u0259b\u0259li villa (798 min manat), Badamdar q\u0259s\u0259b\u0259sind\u0259 6 sot torpaq sah\u0259si (180 min manat), N.N\u0259rimanov prospektind\u0259 obyekt (418 min manat), Nabranda 6 sot torpaq (12 min manat), \u015eamax\u0131 rayonu Avax\u0131l k\u0259ndind\u0259 torpaq sah\u0259l\u0259ri (12 min 400 manat), M\u0259rd\u0259kan q\u0259s\u0259b\u0259sind\u0259 ba\u011f evi (192 min manat), Ceyranbatan q\u0259s\u0259b\u0259sind\u0259 8 sot torpaq sah\u0259si (21 min manat), G&ouml;y&ccedil;ay \u015f\u0259h\u0259rind\u0259 da\u015f\u0131nmaz \u0259mlak (114 min manat), &Ccedil;&ouml;y&ccedil;ay rayonu &Ccedil;\u0259r\u0259k\u0259 k\u0259ndind\u0259 2 hektar torpaq sah\u0259si (7200 manat) olan \u0259mlaklar\u0131n &uuml;z\u0259rin\u0259 h\u0259bs qoyulub.<\/p>\n<p>\u0130.\u018fliyevin intihar etm\u0259si il\u0259 ba\u011fl\u0131 cinay\u0259t i\u015fin\u0259 xitam verilib.<\/p>\n<p>Onu da \u0259lav\u0259 ed\u0259k ki, Bak\u0131 H\u0259rbi M\u0259hk\u0259m\u0259sinin h&ouml;km&uuml; il\u0259 E.Quliyev 10 il 6 ay, A.Mehdiyev is\u0259 8 il azadl\u0131qdan m\u0259hrum edilib. Q\u0259rardan naraz\u0131 qalan m\u0259hkumlar apellyasiya \u015fikay\u0259ti verib. Bak\u0131 Apellyasiya M\u0259hk\u0259m\u0259si onlar\u0131n apellyasiya \u015fikay\u0259tini t\u0259min etm\u0259yib.<\/p>\n","protected":false},"excerpt":{"rendered":"<p>&nbsp; Bak\u0131 Apellyasiya M\u0259hk\u0259m\u0259sind\u0259 l\u0259\u011fv edilmi\u015f Milli T\u0259hl&uuml;k\u0259sizlik Nazirliyi (MTN) Antiterror M\u0259rk\u0259zinin intihar etmi\u015f r\u0259is m&uuml;avini, polkovnik \u0130lqar \u018fliyev\u0259 v\u0259 ail\u0259 &uuml;zvl\u0259rin\u0259 m\u0259xsus olan \u0259mlaklar\u0131n geri qaytar\u0131lmas\u0131 bar\u0259d\u0259 veril\u0259n apellyasiya&hellip;<\/p>\n","protected":false},"author":1,"featured_media":251278,"comment_status":"open","ping_status":"open","sticky":false,"template":"","format":"standard","meta":{"_lmt_disableupdate":"","_lmt_disable":"","footnotes":""},"categories":[],"tags":[],"class_list":["post-62954","post","type-post","status-publish","format-standard","has-post-thumbnail","hentry"],"_links":{"self":[{"href":"https:\/\/ucnoqta.az\/index.php?rest_route=\/wp\/v2\/posts\/62954","targetHints":{"allow":["GET"]}}],"collection":[{"href":"https:\/\/ucnoqta.az\/index.php?rest_route=\/wp\/v2\/posts"}],"about":[{"href":"https:\/\/ucnoqta.az\/index.php?rest_route=\/wp\/v2\/types\/post"}],"author":[{"embeddable":true,"href":"https:\/\/ucnoqta.az\/index.php?rest_route=\/wp\/v2\/users\/1"}],"replies":[{"embeddable":true,"href":"https:\/\/ucnoqta.az\/index.php?rest_route=%2Fwp%2Fv2%2Fcomments&post=62954"}],"version-history":[{"count":0,"href":"https:\/\/ucnoqta.az\/index.php?rest_route=\/wp\/v2\/posts\/62954\/revisions"}],"wp:featuredmedia":[{"embeddable":true,"href":"https:\/\/ucnoqta.az\/index.php?rest_route=\/wp\/v2\/media\/251278"}],"wp:attachment":[{"href":"https:\/\/ucnoqta.az\/index.php?rest_route=%2Fwp%2Fv2%2Fmedia&parent=62954"}],"wp:term":[{"taxonomy":"category","embeddable":true,"href":"https:\/\/ucnoqta.az\/index.php?rest_route=%2Fwp%2Fv2%2Fcategories&post=62954"},{"taxonomy":"post_tag","embeddable":true,"href":"https:\/\/ucnoqta.az\/index.php?rest_route=%2Fwp%2Fv2%2Ftags&post=62954"}],"curies":[{"name":"wp","href":"https:\/\/api.w.org\/{rel}","templated":true}]}}