{"id":62950,"date":"2018-04-20T11:16:27","date_gmt":"2018-04-20T07:16:27","guid":{"rendered":""},"modified":"-0001-11-30T00:00:00","modified_gmt":"-0001-11-29T20:00:00","slug":"","status":"publish","type":"post","link":"https:\/\/ucnoqta.az\/?p=62950","title":{"rendered":"Az\u0259rbaycanda tutulan FET\u00d6-\u00e7\u00fcn\u00fcn h\u0259bs m\u00fcdd\u0259ti uzad\u0131l\u0131b"},"content":{"rendered":"<p><strong>Bu g&uuml;n Bak\u0131 A\u011f\u0131r Cinay\u0259tl\u0259r M\u0259hk\u0259m\u0259sind\u0259 T&uuml;rkiy\u0259d\u0259 axtar\u0131\u015fda olan Mustafa Ceyhan Ya\u015far o\u011flunun &ouml;z &ouml;lk\u0259sin\u0259 t\u0259hvil verilm\u0259si bar\u0259d\u0259 Az\u0259rbaycan \u018fdliyy\u0259 Nazirliyi v\u0259 Ba\u015f Prokurorlu\u011fun t\u0259qdimat\u0131 &uuml;zr\u0259 m\u0259hk\u0259m\u0259 iclas\u0131 davam etdirilib.<\/strong><\/p>\n<p>Ucnoqta.az&nbsp;&quot;Report&quot;a istinad\u0259n&nbsp;x\u0259b\u0259r verir ki, hakim Samir \u018fliyevin s\u0259drliyi il\u0259 ke&ccedil;iril\u0259n prosesd\u0259 d&ouml;vl\u0259t ittiham&ccedil;\u0131s\u0131n\u0131n &ouml;t\u0259n iclasda verdiyi v\u0259sat\u0259t m&uuml;zakir\u0259 edilib.<\/p>\n<p>M\u0259hk\u0259m\u0259 v\u0259sat\u0259ti t\u0259min edilib. M.Ceyhan bar\u0259sind\u0259 se&ccedil;ilmi\u015f h\u0259bs m&uuml;dd\u0259ti uzad\u0131l\u0131b.<\/p>\n<p>M\u0259hk\u0259m\u0259nin n&ouml;vb\u0259ti iclas\u0131 aprelin 30-a t\u0259yin edilib.<\/p>\n<p>Xat\u0131rladaq ki, &ouml;t\u0259n prosesd\u0259 prokuror t\u0259qsirl\u0259ndiril\u0259n \u015f\u0259xsin h\u0259bs m&uuml;dd\u0259tinin uzad\u0131lmas\u0131n\u0131 v\u0259 onunla ba\u011fl\u0131 D&ouml;vl\u0259t Miqrasiya Xidm\u0259tin\u0259 v\u0259 BMT-y\u0259 soru\u011fu verilm\u0259sini ist\u0259mi\u015fdi.<\/p>\n<p>Qeyd ed\u0259k ki, T&uuml;rkiy\u0259 v\u0259t\u0259nda\u015f\u0131 Mustafa Ceyhan F\u0259tullah&ccedil;\u0131 Terror T\u0259\u015fkilat\u0131n\u0131n (FET&Ouml;) &uuml;zv&uuml; olmaqda ittiham edil\u0259r\u0259k, barsind\u0259 &ouml;lk\u0259sind\u0259 axtar\u0131\u015f elan olunub. O, &ouml;t\u0259n ilin aprel ay\u0131nda G&uuml;rc&uuml;stan Respublikas\u0131ndan Az\u0259rbaycana qanunsuz yolla ke&ccedil;m\u0259k ist\u0259y\u0259n zaman h\u0259bs edilib.<\/p>\n<p>Qazax Rayon M\u0259hk\u0259m\u0259sinin h&ouml;km&uuml; il\u0259 Mustafa Ceyhan Az\u0259rbaycan Respublikas\u0131n\u0131n s\u0259rh\u0259dl\u0259rini qanunsuz yolla ke&ccedil;m\u0259y\u0259 c\u0259hd etm\u0259kd\u0259 ittiham olunaraq, 1 il m&uuml;dd\u0259tin\u0259 azadl\u0131qdan m\u0259hrum edilib.<\/p>\n<p>Daha sonra T&uuml;rkiy\u0259 Respublikas\u0131 Mustafa Ceyhan\u0131n ekstradisiya olunmas\u0131 il\u0259 ba\u011fl\u0131 Az\u0259rbaycana m&uuml;raci\u0259t edib.<\/p>\n","protected":false},"excerpt":{"rendered":"<p>Bu g&uuml;n Bak\u0131 A\u011f\u0131r Cinay\u0259tl\u0259r M\u0259hk\u0259m\u0259sind\u0259 T&uuml;rkiy\u0259d\u0259 axtar\u0131\u015fda olan Mustafa Ceyhan Ya\u015far o\u011flunun &ouml;z &ouml;lk\u0259sin\u0259 t\u0259hvil verilm\u0259si bar\u0259d\u0259 Az\u0259rbaycan \u018fdliyy\u0259 Nazirliyi v\u0259 Ba\u015f Prokurorlu\u011fun t\u0259qdimat\u0131 &uuml;zr\u0259 m\u0259hk\u0259m\u0259 iclas\u0131 davam etdirilib.&hellip;<\/p>\n","protected":false},"author":1,"featured_media":251278,"comment_status":"open","ping_status":"open","sticky":false,"template":"","format":"standard","meta":{"_lmt_disableupdate":"","_lmt_disable":"","footnotes":""},"categories":[],"tags":[],"class_list":["post-62950","post","type-post","status-publish","format-standard","has-post-thumbnail","hentry"],"_links":{"self":[{"href":"https:\/\/ucnoqta.az\/index.php?rest_route=\/wp\/v2\/posts\/62950","targetHints":{"allow":["GET"]}}],"collection":[{"href":"https:\/\/ucnoqta.az\/index.php?rest_route=\/wp\/v2\/posts"}],"about":[{"href":"https:\/\/ucnoqta.az\/index.php?rest_route=\/wp\/v2\/types\/post"}],"author":[{"embeddable":true,"href":"https:\/\/ucnoqta.az\/index.php?rest_route=\/wp\/v2\/users\/1"}],"replies":[{"embeddable":true,"href":"https:\/\/ucnoqta.az\/index.php?rest_route=%2Fwp%2Fv2%2Fcomments&post=62950"}],"version-history":[{"count":0,"href":"https:\/\/ucnoqta.az\/index.php?rest_route=\/wp\/v2\/posts\/62950\/revisions"}],"wp:featuredmedia":[{"embeddable":true,"href":"https:\/\/ucnoqta.az\/index.php?rest_route=\/wp\/v2\/media\/251278"}],"wp:attachment":[{"href":"https:\/\/ucnoqta.az\/index.php?rest_route=%2Fwp%2Fv2%2Fmedia&parent=62950"}],"wp:term":[{"taxonomy":"category","embeddable":true,"href":"https:\/\/ucnoqta.az\/index.php?rest_route=%2Fwp%2Fv2%2Fcategories&post=62950"},{"taxonomy":"post_tag","embeddable":true,"href":"https:\/\/ucnoqta.az\/index.php?rest_route=%2Fwp%2Fv2%2Ftags&post=62950"}],"curies":[{"name":"wp","href":"https:\/\/api.w.org\/{rel}","templated":true}]}}