{"id":62946,"date":"2018-04-20T10:57:12","date_gmt":"2018-04-20T06:57:12","guid":{"rendered":""},"modified":"-0001-11-30T00:00:00","modified_gmt":"-0001-11-29T20:00:00","slug":"","status":"publish","type":"post","link":"https:\/\/ucnoqta.az\/?p=62946","title":{"rendered":"Fransan\u0131n \u201cF\u0259xri legion\u201d ordenini geri qaytard\u0131"},"content":{"rendered":"<p><strong>Suriya prezidenti B\u0259\u015f\u0259r \u018fs\u0259d 2001-ci ild\u0259 Fransa t\u0259r\u0259find\u0259n ona t\u0259qdim edil\u0259n &ldquo;F\u0259xri legion&rdquo; ordenini geri qaytar\u0131b. &ldquo;Qafqazinfo&rdquo; xarici K\u0130V-\u0259 istinad\u0259n x\u0259b\u0259r verir ki, Suriya h&ouml;kum\u0259ti ordeni haz\u0131rda bu &ouml;lk\u0259d\u0259 Fransan\u0131n maraqlar\u0131n\u0131 qoruyan D\u0259m\u0259\u015fqd\u0259ki Rum\u0131niya s\u0259firliyin\u0259 verib.<\/strong><\/p>\n<p>Suriya bu add\u0131m\u0131 Fransan\u0131n aprelin 14-d\u0259 AB\u015e v\u0259 B&ouml;y&uuml;k Britaniya il\u0259 birg\u0259 bu &ouml;lk\u0259y\u0259 qar\u015f\u0131 ba\u015flatd\u0131\u011f\u0131 aqressiya il\u0259 izah edib. Qeyd edilib ki, ba\u015f ver\u0259nl\u0259rd\u0259n sonra \u018fs\u0259d AB\u015e-\u0131n k&ouml;l\u0259si olan rejim t\u0259r\u0259find\u0259n t\u0259qdim olunan ordenin kavaleri olmaqdan \u015f\u0259r\u0259f duymur.&nbsp;<\/p>\n","protected":false},"excerpt":{"rendered":"<p>Suriya prezidenti B\u0259\u015f\u0259r \u018fs\u0259d 2001-ci ild\u0259 Fransa t\u0259r\u0259find\u0259n ona t\u0259qdim edil\u0259n &ldquo;F\u0259xri legion&rdquo; ordenini geri qaytar\u0131b. &ldquo;Qafqazinfo&rdquo; xarici K\u0130V-\u0259 istinad\u0259n x\u0259b\u0259r verir ki, Suriya h&ouml;kum\u0259ti ordeni haz\u0131rda bu &ouml;lk\u0259d\u0259 Fransan\u0131n&hellip;<\/p>\n","protected":false},"author":1,"featured_media":251278,"comment_status":"open","ping_status":"open","sticky":false,"template":"","format":"standard","meta":{"_lmt_disableupdate":"","_lmt_disable":"","footnotes":""},"categories":[89],"tags":[],"class_list":["post-62946","post","type-post","status-publish","format-standard","has-post-thumbnail","hentry","category-dunya-butun-xeberler"],"_links":{"self":[{"href":"https:\/\/ucnoqta.az\/index.php?rest_route=\/wp\/v2\/posts\/62946","targetHints":{"allow":["GET"]}}],"collection":[{"href":"https:\/\/ucnoqta.az\/index.php?rest_route=\/wp\/v2\/posts"}],"about":[{"href":"https:\/\/ucnoqta.az\/index.php?rest_route=\/wp\/v2\/types\/post"}],"author":[{"embeddable":true,"href":"https:\/\/ucnoqta.az\/index.php?rest_route=\/wp\/v2\/users\/1"}],"replies":[{"embeddable":true,"href":"https:\/\/ucnoqta.az\/index.php?rest_route=%2Fwp%2Fv2%2Fcomments&post=62946"}],"version-history":[{"count":0,"href":"https:\/\/ucnoqta.az\/index.php?rest_route=\/wp\/v2\/posts\/62946\/revisions"}],"wp:featuredmedia":[{"embeddable":true,"href":"https:\/\/ucnoqta.az\/index.php?rest_route=\/wp\/v2\/media\/251278"}],"wp:attachment":[{"href":"https:\/\/ucnoqta.az\/index.php?rest_route=%2Fwp%2Fv2%2Fmedia&parent=62946"}],"wp:term":[{"taxonomy":"category","embeddable":true,"href":"https:\/\/ucnoqta.az\/index.php?rest_route=%2Fwp%2Fv2%2Fcategories&post=62946"},{"taxonomy":"post_tag","embeddable":true,"href":"https:\/\/ucnoqta.az\/index.php?rest_route=%2Fwp%2Fv2%2Ftags&post=62946"}],"curies":[{"name":"wp","href":"https:\/\/api.w.org\/{rel}","templated":true}]}}